{"id":46976,"date":"2025-02-21T17:35:23","date_gmt":"2025-02-21T16:35:23","guid":{"rendered":"https:\/\/www.pleteninespenko.si\/?p=46976"},"modified":"2025-02-21T17:35:23","modified_gmt":"2025-02-21T16:35:23","slug":"der-grosse-winterausverkauf-geht-dem-ende-zu-also-beeilen-sie-sich-%e2%8f%b2%ef%b8%8f","status":"publish","type":"post","link":"https:\/\/www.pleteninespenko.si\/de\/der-grosse-winterausverkauf-geht-dem-ende-zu-also-beeilen-sie-sich-%e2%8f%b2%ef%b8%8f\/","title":{"rendered":"Der gro\u00dfe Winterausverkauf geht dem Ende zu, also beeilen Sie sich! \u23f2\ufe0f"},"content":{"rendered":"<!--themify_builder_content-->\n<div id=\"themify_builder_content-46976\" data-postid=\"46976\" class=\"themify_builder_content themify_builder_content-46976 themify_builder tf_clear\">\n                    <div  data-lazy=\"1\" class=\"module_row themify_builder_row tb_jm6g902 tb_first tf_w\">\n                        <div class=\"row_inner col_align_top tb_col_count_1 tf_box tf_rel\">\n                        <div  data-lazy=\"1\" class=\"module_column tb-column col-full tb_7dy5902 first\">\n                    <!-- module text -->\n<div  class=\"module module-text tb_7eh4902   \" data-lazy=\"1\">\n        <div  class=\"tb_text_wrap\">\n        <p style=\"text-align: center;\"><strong>Liebe Liebhaber von warmen und bequemen Strickwaren,<\/strong><\/p>\n<p style=\"text-align: center;\">Der Winter neigt sich dem Ende zu, aber die niedrigen Temperaturen bleiben noch. Jetzt ist der perfekte Moment, um Ihre Garderobe mit warmen und modischen Strickwaren zu bereichern, die Sie in den letzten Wintermonaten w\u00e4rmen werden. \ud83e\udde3\u2744\ufe0f<\/p>\n<p style=\"text-align: center;\">Nutzen Sie die <strong>Rabatte von bis zu -40 %<\/strong> im Rahmen unseres gro\u00dfen Winterausverkaufs und sichern Sie sich Ihr liebstes Modest\u00fcck zu einem g\u00fcnstigen Preis!<\/p>\n<p style=\"text-align: center;\">Bald werden wir Sie mit der neuen <strong>Fr\u00fchjahr\/Sommer-Kollektion<\/strong> von Strickwaren begeistern, die Sie mit frischen und leichten Teilen f\u00fcr w\u00e4rmeres Wetter erfreuen wird. Verpassen Sie nicht die Gelegenheit und machen Sie sich bereit f\u00fcr neue Modest\u00fccke, die Sie in der kommenden Saison begleiten werden.<\/p>\n<p style=\"text-align: center;\">Der gro\u00dfe Winterausverkauf l\u00e4uft nur noch bis zum <strong>28. Februar<\/strong>, also besuchen Sie uns in unserem <strong><a href=\"https:\/\/www.pleteninespenko.si\/de\/handel\/\" target=\"_blank\" rel=\"noopener\">Onlineshop<\/a><\/strong> oder in einer <strong><a href=\"https:\/\/www.pleteninespenko.si\/de\/wo-sind-wir\/\" target=\"_blank\" rel=\"noopener\">unserer Filialen<\/a><\/strong> und sichern Sie sich Ihr Lieblingsst\u00fcck noch heute!<\/p>\n<p style=\"text-align: center;\"><em><strong>Ihre Pletenine \u0160penko<\/strong><\/em><\/p>\n<p>\u00a0<\/p>\n<h3 class=\"gmail_default\" style=\"text-align: center;\"><strong><span class=\"HwtZe\" lang=\"de\"><span class=\"jCAhz ChMk0b\"><span class=\"ryNqvb\">Pletenine \u0160penko.<\/span><\/span> <span class=\"jCAhz ChMk0b\"><span class=\"ryNqvb\">Strickwaren, die Herz, Seele und K\u00f6rper w\u00e4rmen.<\/span><\/span><\/span><\/strong><\/h3>    <\/div>\n<\/div>\n<!-- \/module text -->        <div  data-lazy=\"1\" class=\"module_subrow themify_builder_sub_row tf_w col_align_top tb_col_count_4 tb_dyo9902\">\n                <div  data-lazy=\"1\" class=\"module_column sub_column col4-1 tb_zwzh902 first\">\n                    <!-- module feature -->\n<div  class=\"module module-feature tb_ya0x902 with-chart layout-icon-top size-small \" data-layout-mobile=\"icon-left\" data-layout-desktop=\"icon-top\" data-lazy=\"1\">\n        <div class=\"module-feature-image tf_textc tf_rel\">\n                            <a href=\"https:\/\/www.pleteninespenko.si\/de\/produktkategorie\/herrenstrickwaren\/\">\n                        <span class=\"module-feature-chart-html5 tf_box tf_rel tf_inline_b\">\n                                    <svg class=\"tf_abs tf_w tf_h\">\n                    <circle class=\"tb_feature_fill\" r=\"calc(50% - 1.50px)\" cx=\"50%\" cy=\"50%\" stroke-width=\"3\"\/>\n                    <circle class=\"tb_feature_stroke\" r=\"calc(50% - 1.50px)\" cx=\"50%\" cy=\"50%\" stroke=\"#9655a2\" stroke-width=\"3\" data-progress=\"100\" stroke-dasharray=\"0,10000\"\/>\n                                        <\/svg>\n                                <span class=\"chart-html5-circle tf_w tf_h\">\n                    <img decoding=\"async\" src=\"https:\/\/www.pleteninespenko.si\/wp-content\/uploads\/2024\/09\/Pletenine-Spenko-moske-pletenine-jopica-lan-zelena-928x1024-100x100.jpg\" width=\"100\" height=\"100\" class=\"wp-post-image wp-image-43771\" title=\"Pletenine-Spenko-moske-pletenine-jopica-lan-zelena\" style=\"width:calc(100% - 6px);height:calc(100% - 6px)\" alt=\"Klasi\u010dna pletena mo\u0161ka jopica z ri\u017eevim vzorcem in s patentom spodaj ter na rokavih. Jopica se zapenja z zadrgo.\" srcset=\"https:\/\/www.pleteninespenko.si\/wp-content\/uploads\/2024\/09\/Pletenine-Spenko-moske-pletenine-jopica-lan-zelena-928x1024-100x100.jpg 100w, https:\/\/www.pleteninespenko.si\/wp-content\/uploads\/2024\/09\/Pletenine-Spenko-moske-pletenine-jopica-lan-zelena-150x150.jpg 150w, https:\/\/www.pleteninespenko.si\/wp-content\/uploads\/2024\/09\/Pletenine-Spenko-moske-pletenine-jopica-lan-zelena-300x300.jpg 300w\" sizes=\"(max-width: 100px) 100vw, 100px\" \/>                                    <\/span>\n\n                \n            <\/span>\n                        <\/a>\n            <\/div>\n    <div class=\"module-feature-content tf_textc\">\n                    <h3 class=\"module-feature-title\">\n                            <a href=\"https:\/\/www.pleteninespenko.si\/de\/produktkategorie\/herrenstrickwaren\/\">M\u00e4nnermode<\/a>\n                        <\/h3>\n                    <div class=\"tb_text_wrap\">\n                    <\/div>\n    <\/div>\n<\/div>\n<!-- \/module feature -->\n        <\/div>\n                    <div  data-lazy=\"1\" class=\"module_column sub_column col4-1 tb_kmne902\">\n                    <!-- module feature -->\n<div  class=\"module module-feature tb_y4mw902 with-chart layout-icon-top size-small \" data-layout-mobile=\"icon-left\" data-layout-desktop=\"icon-top\" data-lazy=\"1\">\n        <div class=\"module-feature-image tf_textc tf_rel\">\n                            <a href=\"https:\/\/www.pleteninespenko.si\/de\/produktkategorie\/damenstrickwaren\/\">\n                        <span class=\"module-feature-chart-html5 tf_box tf_rel tf_inline_b\">\n                                    <svg class=\"tf_abs tf_w tf_h\">\n                    <circle class=\"tb_feature_fill\" r=\"calc(50% - 1.50px)\" cx=\"50%\" cy=\"50%\" stroke-width=\"3\"\/>\n                    <circle class=\"tb_feature_stroke\" r=\"calc(50% - 1.50px)\" cx=\"50%\" cy=\"50%\" stroke=\"#9655a2\" stroke-width=\"3\" data-progress=\"100\" stroke-dasharray=\"0,10000\"\/>\n                                        <\/svg>\n                                <span class=\"chart-html5-circle tf_w tf_h\">\n                    <img decoding=\"async\" src=\"https:\/\/www.pleteninespenko.si\/wp-content\/uploads\/2024\/11\/Pletenine-Spenko-zenske-pletenine-pulover-soraja-turkizna-928x1024-100x100.jpg\" width=\"100\" height=\"100\" class=\"wp-post-image wp-image-43739\" title=\"Pletenine-Spenko-damenstrickwaren-pullover-soraja-turkizna\" style=\"width:calc(100% - 6px);height:calc(100% - 6px)\" alt=\"Ein klassischer Damenpullover aus Wollmischung mit Quasten in einem interessanten Reliefmuster, perfekt f\u00fcr Business und Freizeit.\" srcset=\"https:\/\/www.pleteninespenko.si\/wp-content\/uploads\/2024\/11\/Pletenine-Spenko-zenske-pletenine-pulover-soraja-turkizna-928x1024-100x100.jpg 100w, https:\/\/www.pleteninespenko.si\/wp-content\/uploads\/2024\/11\/Pletenine-Spenko-zenske-pletenine-pulover-soraja-turkizna-150x150.jpg 150w, https:\/\/www.pleteninespenko.si\/wp-content\/uploads\/2024\/11\/Pletenine-Spenko-zenske-pletenine-pulover-soraja-turkizna-300x300.jpg 300w, https:\/\/www.pleteninespenko.si\/wp-content\/uploads\/2024\/11\/Pletenine-Spenko-zenske-pletenine-pulover-soraja-turkizna-928x1024-47x48.jpg 47w\" sizes=\"(max-width: 100px) 100vw, 100px\" \/>                                    <\/span>\n\n                \n            <\/span>\n                        <\/a>\n            <\/div>\n    <div class=\"module-feature-content tf_textc\">\n                    <h3 class=\"module-feature-title\">\n                            <a href=\"https:\/\/www.pleteninespenko.si\/de\/produktkategorie\/damenstrickwaren\/\">Frauenmode<\/a>\n                        <\/h3>\n                    <div class=\"tb_text_wrap\">\n                    <\/div>\n    <\/div>\n<\/div>\n<!-- \/module feature -->\n        <\/div>\n                    <div  data-lazy=\"1\" class=\"module_column sub_column col4-1 tb_zrf9902\">\n                    <!-- module feature -->\n<div  class=\"module module-feature tb_jbcg902 with-chart layout-icon-top size-small \" data-layout-mobile=\"icon-left\" data-layout-desktop=\"icon-top\" data-lazy=\"1\">\n        <div class=\"module-feature-image tf_textc tf_rel\">\n                            <a href=\"https:\/\/www.pleteninespenko.si\/de\/produktkategorie\/strickwaren-als-modeaccessoires\/\">\n                        <span class=\"module-feature-chart-html5 tf_box tf_rel tf_inline_b\">\n                                    <svg class=\"tf_abs tf_w tf_h\">\n                    <circle class=\"tb_feature_fill\" r=\"calc(50% - 1.50px)\" cx=\"50%\" cy=\"50%\" stroke-width=\"3\"\/>\n                    <circle class=\"tb_feature_stroke\" r=\"calc(50% - 1.50px)\" cx=\"50%\" cy=\"50%\" stroke=\"#9655a2\" stroke-width=\"3\" data-progress=\"100\" stroke-dasharray=\"0,10000\"\/>\n                                        <\/svg>\n                                <span class=\"chart-html5-circle tf_w tf_h\">\n                    <img decoding=\"async\" src=\"https:\/\/www.pleteninespenko.si\/wp-content\/uploads\/2024\/11\/Pletenine-Spenko-zenske-pletenine-pulover-soraja-siva-928x1024-100x100.jpg\" width=\"100\" height=\"100\" class=\"wp-post-image wp-image-43731\" title=\"Pletenine-Spenko-damenstrickwaren-pullover-soraja-siva\" style=\"width:calc(100% - 6px);height:calc(100% - 6px)\" alt=\"Ein klassischer Damenpullover aus Wollmischung mit Quasten in einem interessanten Reliefmuster, perfekt f\u00fcr Business und Freizeit.\" srcset=\"https:\/\/www.pleteninespenko.si\/wp-content\/uploads\/2024\/11\/Pletenine-Spenko-zenske-pletenine-pulover-soraja-siva-928x1024-100x100.jpg 100w, https:\/\/www.pleteninespenko.si\/wp-content\/uploads\/2024\/11\/Pletenine-Spenko-zenske-pletenine-pulover-soraja-siva-150x150.jpg 150w, https:\/\/www.pleteninespenko.si\/wp-content\/uploads\/2024\/11\/Pletenine-Spenko-zenske-pletenine-pulover-soraja-siva-300x300.jpg 300w\" sizes=\"(max-width: 100px) 100vw, 100px\" \/>                                    <\/span>\n\n                \n            <\/span>\n                        <\/a>\n            <\/div>\n    <div class=\"module-feature-content tf_textc\">\n                    <h3 class=\"module-feature-title\">\n                            <a href=\"https:\/\/www.pleteninespenko.si\/de\/produktkategorie\/strickwaren-als-modeaccessoires\/\">Mode-Accessoires<\/a>\n                        <\/h3>\n                    <div class=\"tb_text_wrap\">\n                    <\/div>\n    <\/div>\n<\/div>\n<!-- \/module feature -->\n        <\/div>\n                    <div  data-lazy=\"1\" class=\"module_column sub_column col4-1 tb_tzc0902 last\">\n                    <!-- module feature -->\n<div  class=\"module module-feature tb_ccqq902 with-chart layout-icon-top size-small \" data-layout-mobile=\"icon-left\" data-layout-desktop=\"icon-top\" data-lazy=\"1\">\n        <div class=\"module-feature-image tf_textc tf_rel\">\n                            <a href=\"https:\/\/www.pleteninespenko.si\/de\/produktkategorie\/strickwaren-fur-die-freizeit\/\">\n                        <span class=\"module-feature-chart-html5 tf_box tf_rel tf_inline_b\">\n                                    <svg class=\"tf_abs tf_w tf_h\">\n                    <circle class=\"tb_feature_fill\" r=\"calc(50% - 1.50px)\" cx=\"50%\" cy=\"50%\" stroke-width=\"3\"\/>\n                    <circle class=\"tb_feature_stroke\" r=\"calc(50% - 1.50px)\" cx=\"50%\" cy=\"50%\" stroke=\"#9655a2\" stroke-width=\"3\" data-progress=\"100\" stroke-dasharray=\"0,10000\"\/>\n                                        <\/svg>\n                                <span class=\"chart-html5-circle tf_w tf_h\">\n                    <img decoding=\"async\" src=\"https:\/\/www.pleteninespenko.si\/wp-content\/uploads\/2024\/11\/Pletenine-Spenko-pletenine-za-prosti-cas-pletena-odeja-928x1024-100x100.jpg\" width=\"100\" height=\"100\" class=\"wp-post-image wp-image-43703\" title=\"Pletenine-Spenko-pletenine-za-prosti-cas-pletena-odeja\" style=\"width:calc(100% - 6px);height:calc(100% - 6px)\" alt=\"Topla volnena odeja za hladne jesenske in zimske dni. Volna nas poleg na\u0161ih najbli\u017ejih, greje najceneje!\" srcset=\"https:\/\/www.pleteninespenko.si\/wp-content\/uploads\/2024\/11\/Pletenine-Spenko-pletenine-za-prosti-cas-pletena-odeja-928x1024-100x100.jpg 100w, https:\/\/www.pleteninespenko.si\/wp-content\/uploads\/2024\/11\/Pletenine-Spenko-pletenine-za-prosti-cas-pletena-odeja-150x150.jpg 150w, https:\/\/www.pleteninespenko.si\/wp-content\/uploads\/2024\/11\/Pletenine-Spenko-pletenine-za-prosti-cas-pletena-odeja-300x300.jpg 300w\" sizes=\"(max-width: 100px) 100vw, 100px\" \/>                                    <\/span>\n\n                \n            <\/span>\n                        <\/a>\n            <\/div>\n    <div class=\"module-feature-content tf_textc\">\n                    <h3 class=\"module-feature-title\">\n                            <a href=\"https:\/\/www.pleteninespenko.si\/de\/produktkategorie\/strickwaren-fur-die-freizeit\/\">Freizeit<\/a>\n                        <\/h3>\n                    <div class=\"tb_text_wrap\">\n                    <\/div>\n    <\/div>\n<\/div>\n<!-- \/module feature -->\n        <\/div>\n                    <\/div>\n                <div  data-lazy=\"1\" class=\"module_subrow themify_builder_sub_row tf_w col_align_top tb_col_count_1 tb_72lx902\">\n                <div  data-lazy=\"1\" class=\"module_column sub_column col-full tb_voxq902 first\">\n                    <!-- module divider -->\n<div  class=\"module tf_mw module-divider tb_q55k902 dotted   \" style=\"border-width: 2px;border-color: #9655a2;margin-top: 40px;margin-bottom: 40px;\" data-lazy=\"1\">\n    <\/div>\n<!-- \/module divider -->\n<!-- module text -->\n<div  class=\"module module-text tb_alhx902   \" data-lazy=\"1\">\n        <div  class=\"tb_text_wrap\">\n        <h2 style=\"text-align: center;\"><span class=\"HwtZe\" lang=\"de\"><span class=\"jCAhz ChMk0b\"><span class=\"ryNqvb\">Gro\u00dfe Winterrabatte auch in unseren Filialen in Slowenien und Kroatien!<\/span><\/span><\/span><\/h2>    <\/div>\n<\/div>\n<!-- \/module text --><!-- module maps pro -->\n<div  id=\"tb_oy03902\" class=\"module module-maps-pro tb_oy03902  tf_lazy\" data-zoom=\"9\" data-type=\"ROADMAP\" data-address=\"Moste 95a, 1218 Komenda, Slovenija\" data-scrollwheel=\"1\" data-draggable=\"enable\" data-disable_map_ui=\"\" data-polyline=\"\" data-geodesic=\"\" data-polylineStroke=\"2\" data-polylineColor=\"\" data-trigger=\"\" data-mapid=\"\" data-legacymarkers=\"\" data-lazy=\"1\">\n\t\n\t\t\t<div class=\"maps-pro-canvas-container\">\n\t\t\t<div class=\"maps-pro-canvas\" style=\"width:100%;height:600px\"><\/div>\n\t\t<\/div>\n\t\t\t\t\t<template>\n\t\t\t\t\t\t\t\t\t<div data-address=\"46.1970063,14.5492738\" data-image=\"https:\/\/www.pleteninespenko.si\/wp-content\/uploads\/2020\/07\/Pletenine_Spenko_mapa_ikona_glavna_2.png\">\n\t\t\t\t\t\tTrgovina Pletenine \u0160penko - Veleprodaja in maloprodaja\t\t\t\t\t<\/div>\n\t\t\t\t\t\t\t\t\t<div data-address=\"45.8874388,13.9053592\" data-image=\"https:\/\/www.pleteninespenko.si\/wp-content\/uploads\/2020\/07\/Pletenine_Spenko_mapa_ikona.png\">\n\t\t\t\t\t\tAjdov\u0161\u010dina - Trgovina Pletenine \u0160penko\t\t\t\t\t<\/div>\n\t\t\t\t\t\t\t\t\t<div data-address=\"46.3670519,14.1098373\" data-image=\"https:\/\/www.pleteninespenko.si\/wp-content\/uploads\/2020\/07\/Pletenine_Spenko_mapa_ikona_ostale_poslovalnice.png\">\n\t\t\t\t\t\tBled - Trgovina Bled\t\t\t\t\t<\/div>\n\t\t\t\t\t\t\t\t\t<div data-address=\"46.2722008,13.9528375\" data-image=\"https:\/\/www.pleteninespenko.si\/wp-content\/uploads\/2020\/07\/Pletenine_Spenko_mapa_ikona_ostale_poslovalnice.png\">\n\t\t\t\t\t\tBohinjska Bistrica - Trgovina Vema\t\t\t\t\t<\/div>\n\t\t\t\t\t\t\t\t\t<div data-address=\"45.9058415,15.5917142\" data-image=\"https:\/\/www.pleteninespenko.si\/wp-content\/uploads\/2020\/07\/Pletenine_Spenko_mapa_ikona_ostale_poslovalnice.png\">\n\t\t\t\t\t\tBre\u017eice - Top Textil\t\t\t\t\t<\/div>\n\t\t\t\t\t\t\t\t\t<div data-address=\"46.22981679999999,15.2654091\" data-image=\"https:\/\/www.pleteninespenko.si\/wp-content\/uploads\/2020\/07\/Pletenine_Spenko_mapa_ikona_ostale_poslovalnice.png\">\n\t\t\t\t\t\tCelje - Trgovina Lea\t\t\t\t\t<\/div>\n\t\t\t\t\t\t\t\t\t<div data-address=\"46.253319,14.4873141\" data-image=\"https:\/\/www.pleteninespenko.si\/wp-content\/uploads\/2020\/07\/Pletenine_Spenko_mapa_ikona_ostale_poslovalnice.png\">\n\t\t\t\t\t\tCerklje na Gorenjskem - Trgovina Julija\t\t\t\t\t<\/div>\n\t\t\t\t\t\t\t\t\t<div data-address=\"45.5699745,15.1921424\" data-image=\"https:\/\/www.pleteninespenko.si\/wp-content\/uploads\/2020\/07\/Pletenine_Spenko_mapa_ikona_ostale_poslovalnice.png\">\n\t\t\t\t\t\t\u010crnomelj - Trgovina Kva\u010dka\t\t\t\t\t<\/div>\n\t\t\t\t\t\t\t\t\t<div data-address=\"45.6042131,15.2763011\" data-image=\"https:\/\/www.pleteninespenko.si\/wp-content\/uploads\/2020\/07\/Pletenine_Spenko_mapa_ikona_ostale_poslovalnice.png\">\n\t\t\t\t\t\tGradac v Beli Krajini - Trgovina Irena\t\t\t\t\t<\/div>\n\t\t\t\t\t\t\t\t\t<div data-address=\"45.5665188,14.2423297\" data-image=\"https:\/\/www.pleteninespenko.si\/wp-content\/uploads\/2020\/07\/Pletenine_Spenko_mapa_ikona_ostale_poslovalnice.png\">\n\t\t\t\t\t\tIlirska Bistrica - Silver Mode\t\t\t\t\t<\/div>\n\t\t\t\t\t\t\t\t\t<div data-address=\"45.5391566,13.6573916\" data-image=\"https:\/\/www.pleteninespenko.si\/wp-content\/uploads\/2020\/07\/Pletenine_Spenko_mapa_ikona_ostale_poslovalnice.png\">\n\t\t\t\t\t\tIzola - Trgovina Lara\t\t\t\t\t<\/div>\n\t\t\t\t\t\t\t\t\t<div data-address=\"46.43937709999999,14.0435847\" data-image=\"https:\/\/www.pleteninespenko.si\/wp-content\/uploads\/2020\/07\/Pletenine_Spenko_mapa_ikona_ostale_poslovalnice.png\">\n\t\t\t\t\t\tJesenice - Ona On\t\t\t\t\t<\/div>\n\t\t\t\t\t\t\t\t\t<div data-address=\"46.2253723,14.6131797\" data-image=\"https:\/\/www.pleteninespenko.si\/wp-content\/uploads\/2020\/07\/Pletenine_Spenko_mapa_ikona.png\">\n\t\t\t\t\t\tKamnik - Trgovina Pletenine \u0160penko\t\t\t\t\t<\/div>\n\t\t\t\t\t\t\t\t\t<div data-address=\"45.6374498,14.8600298\" data-image=\"https:\/\/www.pleteninespenko.si\/wp-content\/uploads\/2020\/07\/Pletenine_Spenko_mapa_ikona_ostale_poslovalnice.png\">\n\t\t\t\t\t\tKo\u010devje - Ona on\t\t\t\t\t<\/div>\n\t\t\t\t\t\t\t\t\t<div data-address=\"46.26930670000001,14.3505948\" data-image=\"https:\/\/www.pleteninespenko.si\/wp-content\/uploads\/2020\/07\/Pletenine_Spenko_mapa_ikona_ostale_poslovalnice.png\">\n\t\t\t\t\t\tKranj - Zora tekstil\t\t\t\t\t<\/div>\n\t\t\t\t\t\t\t\t\t<div data-address=\"46.240006,14.3560356\" data-image=\"https:\/\/www.pleteninespenko.si\/wp-content\/uploads\/2020\/07\/Pletenine_Spenko_mapa_ikona_ostale_poslovalnice.png\">\n\t\t\t\t\t\tKranj - Trgovina Maja\t\t\t\t\t<\/div>\n\t\t\t\t\t\t\t\t\t<div data-address=\"46.036137,14.4895265\" data-image=\"https:\/\/www.pleteninespenko.si\/wp-content\/uploads\/2020\/07\/Pletenine_Spenko_mapa_ikona.png\">\n\t\t\t\t\t\tLjubljana - TC Murgle - Trgovina Pletenine \u0160penko\t\t\t\t\t<\/div>\n\t\t\t\t\t\t\t\t\t<div data-address=\"46.0640071,14.5092494\" data-image=\"https:\/\/www.pleteninespenko.si\/wp-content\/uploads\/2020\/07\/Pletenine_Spenko_mapa_ikona_ostale_poslovalnice.png\">\n\t\t\t\t\t\tLjubljana - Plava Laguna - Ona On\t\t\t\t\t<\/div>\n\t\t\t\t\t\t\t\t\t<div data-address=\"46.0523928,14.5158349\" data-image=\"https:\/\/www.pleteninespenko.si\/wp-content\/uploads\/2020\/07\/Pletenine_Spenko_mapa_ikona_ostale_poslovalnice.png\">\n\t\t\t\t\t\tLjubljana - Outlet - Ona On\t\t\t\t\t<\/div>\n\t\t\t\t\t\t\t\t\t<div data-address=\"46.0681081,14.5420462\" data-image=\"https:\/\/www.pleteninespenko.si\/wp-content\/uploads\/2020\/07\/Pletenine_Spenko_mapa_ikona_ostale_poslovalnice.png\">\n\t\t\t\t\t\tLjubljana - BTC Hala A - Ona On\t\t\t\t\t<\/div>\n\t\t\t\t\t\t\t\t\t<div data-address=\"46.0483482,14.5014747\" data-image=\"https:\/\/www.pleteninespenko.si\/wp-content\/uploads\/2020\/07\/Pletenine_Spenko_mapa_ikona_ostale_poslovalnice.png\">\n\t\t\t\t\t\tLjubljana - Trgovina V club\t\t\t\t\t<\/div>\n\t\t\t\t\t\t\t\t\t<div data-address=\"46.05677559999999,14.5083706\" data-image=\"https:\/\/www.pleteninespenko.si\/wp-content\/uploads\/2020\/07\/Pletenine_Spenko_mapa_ikona_ostale_poslovalnice.png\">\n\t\t\t\t\t\tLjubljana - Trgovina Jelka\t\t\t\t\t<\/div>\n\t\t\t\t\t\t\t\t\t<div data-address=\"46.04763699999999,14.506302\" data-image=\"https:\/\/www.pleteninespenko.si\/wp-content\/uploads\/2020\/07\/Pletenine_Spenko_mapa_ikona_ostale_poslovalnice.png\">\n\t\t\t\t\t\tLjubljana - Trgovina Brokat\t\t\t\t\t<\/div>\n\t\t\t\t\t\t\t\t\t<div data-address=\"46.05719759999999,14.8305948\" data-image=\"https:\/\/www.pleteninespenko.si\/wp-content\/uploads\/2020\/07\/Pletenine_Spenko_mapa_ikona_ostale_poslovalnice.png\">\n\t\t\t\t\t\tLitija - Trgovina Slivna\t\t\t\t\t<\/div>\n\t\t\t\t\t\t\t\t\t<div data-address=\"46.5179998,16.1958976\" data-image=\"https:\/\/www.pleteninespenko.si\/wp-content\/uploads\/2020\/07\/Pletenine_Spenko_mapa_ikona_ostale_poslovalnice.png\">\n\t\t\t\t\t\tLjutomer - Simtis\t\t\t\t\t<\/div>\n\t\t\t\t\t\t\t\t\t<div data-address=\"46.5587501,15.6505413\" data-image=\"https:\/\/www.pleteninespenko.si\/wp-content\/uploads\/2020\/07\/Pletenine_Spenko_mapa_ikona_ostale_poslovalnice.png\">\n\t\t\t\t\t\tMaribor - City Center - Top Textil\t\t\t\t\t<\/div>\n\t\t\t\t\t\t\t\t\t<div data-address=\"46.5338894,15.6652223\" data-image=\"https:\/\/www.pleteninespenko.si\/wp-content\/uploads\/2020\/07\/Pletenine_Spenko_mapa_ikona_ostale_poslovalnice.png\">\n\t\t\t\t\t\tMaribor - Lolita\t\t\t\t\t<\/div>\n\t\t\t\t\t\t\t\t\t<div data-address=\"46.5606114,15.6536549\" data-image=\"https:\/\/www.pleteninespenko.si\/wp-content\/uploads\/2020\/07\/Pletenine_Spenko_mapa_ikona_ostale_poslovalnice.png\">\n\t\t\t\t\t\tMaribor - Trgovina Dekor\t\t\t\t\t<\/div>\n\t\t\t\t\t\t\t\t\t<div data-address=\"46.5584232,15.646585\" data-image=\"https:\/\/www.pleteninespenko.si\/wp-content\/uploads\/2020\/07\/Pletenine_Spenko_mapa_ikona_ostale_poslovalnice.png\">\n\t\t\t\t\t\tMaribor - Salon mode\t\t\t\t\t<\/div>\n\t\t\t\t\t\t\t\t\t<div data-address=\"46.66152899999999,16.1666354\" data-image=\"https:\/\/www.pleteninespenko.si\/wp-content\/uploads\/2020\/07\/Pletenine_Spenko_mapa_ikona_ostale_poslovalnice.png\">\n\t\t\t\t\t\tMurska Sobota - Trgovina Lan\t\t\t\t\t<\/div>\n\t\t\t\t\t\t\t\t\t<div data-address=\"45.827573,15.1837349\" data-image=\"https:\/\/www.pleteninespenko.si\/wp-content\/uploads\/2020\/07\/Pletenine_Spenko_mapa_ikona_ostale_poslovalnice.png\">\n\t\t\t\t\t\tNovo mesto - Ona On\t\t\t\t\t<\/div>\n\t\t\t\t\t\t\t\t\t<div data-address=\"45.80413069999999,15.1700667\" data-image=\"https:\/\/www.pleteninespenko.si\/wp-content\/uploads\/2020\/07\/Pletenine_Spenko_mapa_ikona_ostale_poslovalnice.png\">\n\t\t\t\t\t\tNovo mesto - Ona On\t\t\t\t\t<\/div>\n\t\t\t\t\t\t\t\t\t<div data-address=\"45.6448292,14.1919627\" data-image=\"https:\/\/www.pleteninespenko.si\/wp-content\/uploads\/2020\/07\/Pletenine_Spenko_mapa_ikona_ostale_poslovalnice.png\">\n\t\t\t\t\t\tPivka - Tekstil Suzi\t\t\t\t\t<\/div>\n\t\t\t\t\t\t\t\t\t<div data-address=\"45.77145,14.1967454\" data-image=\"https:\/\/www.pleteninespenko.si\/wp-content\/uploads\/2020\/07\/Pletenine_Spenko_mapa_ikona_ostale_poslovalnice.png\">\n\t\t\t\t\t\tPostojna - \u010cistilnica Gr\u017ee\t\t\t\t\t<\/div>\n\t\t\t\t\t\t\t\t\t<div data-address=\"46.5461848,14.913286\" data-image=\"https:\/\/www.pleteninespenko.si\/wp-content\/uploads\/2020\/07\/Pletenine_Spenko_mapa_ikona_ostale_poslovalnice.png\">\n\t\t\t\t\t\tPrevalje - Trgovina Lipi\t\t\t\t\t<\/div>\n\t\t\t\t\t\t\t\t\t<div data-address=\"46.4195666,15.8723871\" data-image=\"https:\/\/www.pleteninespenko.si\/wp-content\/uploads\/2020\/07\/Pletenine_Spenko_mapa_ikona_ostale_poslovalnice.png\">\n\t\t\t\t\t\tPtuj - Prodajalna Sabina\t\t\t\t\t<\/div>\n\t\t\t\t\t\t\t\t\t<div data-address=\"46.4214705,15.8723341\" data-image=\"https:\/\/www.pleteninespenko.si\/wp-content\/uploads\/2020\/07\/Pletenine_Spenko_mapa_ikona_ostale_poslovalnice.png\">\n\t\t\t\t\t\tPtuj - Trgovina Zvezda\t\t\t\t\t<\/div>\n\t\t\t\t\t\t\t\t\t<div data-address=\"46.6426262,16.0465962\" data-image=\"https:\/\/www.pleteninespenko.si\/wp-content\/uploads\/2020\/07\/Pletenine_Spenko_mapa_ikona.png\">\n\t\t\t\t\t\tRadenci - Pletenine \u0160penko\t\t\t\t\t<\/div>\n\t\t\t\t\t\t\t\t\t<div data-address=\"46.509733,15.0792767\" data-image=\"https:\/\/www.pleteninespenko.si\/wp-content\/uploads\/2020\/07\/Pletenine_Spenko_mapa_ikona_ostale_poslovalnice.png\">\n\t\t\t\t\t\tSlovenj Gradec - Prodajalna Tajda\t\t\t\t\t<\/div>\n\t\t\t\t\t\t\t\t\t<div data-address=\"46.5082752,15.0775204\" data-image=\"https:\/\/www.pleteninespenko.si\/wp-content\/uploads\/2020\/07\/Pletenine_Spenko_mapa_ikona_ostale_poslovalnice.png\">\n\t\t\t\t\t\tSlovenj Gradec - Trgovina Veur\t\t\t\t\t<\/div>\n\t\t\t\t\t\t\t\t\t<div data-address=\"46.3631644,14.308744\" data-image=\"https:\/\/www.pleteninespenko.si\/wp-content\/uploads\/2020\/07\/Pletenine_Spenko_mapa_ikona_ostale_poslovalnice.png\">\n\t\t\t\t\t\tTr\u017ei\u010d - Lady & Man\t\t\t\t\t<\/div>\n\t\t\t\t\t\t\t\t\t<div data-address=\"46.3650005,15.1081351\" data-image=\"https:\/\/www.pleteninespenko.si\/wp-content\/uploads\/2020\/07\/Pletenine_Spenko_mapa_ikona_ostale_poslovalnice.png\">\n\t\t\t\t\t\tVelenje - Ona On\t\t\t\t\t<\/div>\n\t\t\t\t\t\t\t\t\t<div data-address=\"45.9675012,14.2972172\" data-image=\"https:\/\/www.pleteninespenko.si\/wp-content\/uploads\/2020\/07\/Pletenine_Spenko_mapa_ikona_ostale_poslovalnice.png\">\n\t\t\t\t\t\tVrhnika - Tekstilni koti\u010dek\t\t\t\t\t<\/div>\n\t\t\t\t\t\t\t\t\t<div data-address=\"46.1343836,14.996186\" data-image=\"https:\/\/www.pleteninespenko.si\/wp-content\/uploads\/2020\/07\/Pletenine_Spenko_mapa_ikona_ostale_poslovalnice.png\">\n\t\t\t\t\t\tZagorje ob Savi - Trgovina Kum\t\t\t\t\t<\/div>\n\t\t\t\t\t\t\t\t\t<div data-address=\"46.2520728,15.1653223\" data-image=\"https:\/\/www.pleteninespenko.si\/wp-content\/uploads\/2020\/07\/Pletenine_Spenko_mapa_ikona_ostale_poslovalnice.png\">\n\t\t\t\t\t\t\u017dalec - Top Textil\t\t\t\t\t<\/div>\n\t\t\t\t\t\t\t\t\t<div data-address=\"46.2519219,15.1620271\" data-image=\"https:\/\/www.pleteninespenko.si\/wp-content\/uploads\/2020\/07\/Pletenine_Spenko_mapa_ikona_ostale_poslovalnice.png\">\n\t\t\t\t\t\t\u017dalec - Ona On\t\t\t\t\t<\/div>\n\t\t\t\t\t\t\t\t\t<div data-address=\"45.8131216,15.9750395\" data-image=\"https:\/\/www.pleteninespenko.si\/wp-content\/uploads\/2020\/07\/Pletenine_Spenko_mapa_ikona_ostale_poslovalnice.png\">\n\t\t\t\t\t\tHrva\u0161ka - Zagreb - Robna ku\u0107a Nama\t\t\t\t\t<\/div>\n\t\t\t\t\t\t\t\t\t<div data-address=\"45.814657,15.9978871\" data-image=\"https:\/\/www.pleteninespenko.si\/wp-content\/uploads\/2020\/07\/Pletenine_Spenko_mapa_ikona_ostale_poslovalnice.png\">\n\t\t\t\t\t\tHrva\u0161ka - Zagreb - Robna ku\u0107a Nama\t\t\t\t\t<\/div>\n\t\t\t\t\t\t\t\t\t<div data-address=\"45.9557645,14.658899\" data-image=\"https:\/\/www.pleteninespenko.si\/wp-content\/uploads\/2020\/07\/Pletenine_Spenko_mapa_ikona_ostale_poslovalnice.png\">\n\t\t\t\t\t\tGrosuplje - Kva\u010dka Grosuplje\t\t\t\t\t<\/div>\n\t\t\t\t\t\t\t<\/template>\n\t\t\t\t\n\t<\/div>\n<!-- \/module maps pro --><!-- module button pro -->\n<div  id=\"tb_vhaj902\" class=\"module module-button tb_vhaj902 button-link-external  tb_default_color\" data-lazy=\"1\">\n\t\n    <a  class=\"ui builder_button tb_default_color\" href=\"https:\/\/www.pleteninespenko.si\/de\/wo-sind-wir\/\" target=\"_blank\">\n\t\t<span><svg  class=\"tf_fa tf-ti-angle-right\" xmlns:xlink=\"http:\/\/www.w3.org\/1999\/xlink\" aria-hidden=\"true\"><use href=\"#tf-ti-angle-right\" xlink:href=\"#tf-ti-angle-right\"><\/use><\/svg><\/span> \t\t<span>Zu den Filialen<\/span>\n    <\/a>\n\n\t\n\t<\/div>\n<!-- \/module button pro -->\n        <\/div>\n                    <\/div>\n                <\/div>\n                        <\/div>\n        <\/div>\n        <\/div>\n<!--\/themify_builder_content-->","protected":false},"excerpt":{"rendered":"<p>Der gro\u00dfe Winterausverkauf geht dem Ende zu, also beeilen Sie sich! Nutzen Sie die Rabatte von bis zu -40 % im Rahmen unseres gro\u00dfen Winterausverkaufs.<\/p>\n","protected":false},"author":23,"featured_media":46951,"comment_status":"closed","ping_status":"open","sticky":false,"template":"","format":"standard","meta":{"inline_featured_image":false,"footnotes":""},"categories":[2539],"tags":[3224,3225,3237,2588,2597],"class_list":["post-46976","post","type-post","status-publish","format-standard","has-post-thumbnail","hentry","category-strickwaren-kleidung","tag-grosser-winterschlussverkauf","tag-bis-zu-40","tag-grosser-winter-sale","tag-pletenine-spenko-4","tag-rabatt","has-post-title","has-post-date","has-post-category","has-post-tag","has-post-comment","has-post-author",""],"yoast_head":"<!-- This site is optimized with the Yoast SEO plugin v27.5 - https:\/\/yoast.com\/product\/yoast-seo-wordpress\/ -->\n<title>Der gro\u00dfe Winterausverkauf geht dem Ende zu, also beeilen Sie sich! \u23f2\ufe0f | Pletenine \u0160penko<\/title>\n<meta name=\"description\" content=\"Der gro\u00dfe Winterausverkauf geht dem Ende zu, also beeilen Sie sich! Nutzen Sie die Rabatte von bis zu -40 % im Rahmen unseres gro\u00dfen Winterausverkaufs.\" \/>\n<meta name=\"robots\" content=\"index, follow, max-snippet:-1, max-image-preview:large, max-video-preview:-1\" \/>\n<link rel=\"canonical\" href=\"https:\/\/www.pleteninespenko.si\/de\/der-grosse-winterausverkauf-geht-dem-ende-zu-also-beeilen-sie-sich-%e2%8f%b2%ef%b8%8f\/\" \/>\n<meta property=\"og:locale\" content=\"de_DE\" \/>\n<meta property=\"og:type\" content=\"article\" \/>\n<meta property=\"og:title\" content=\"Der gro\u00dfe Winterausverkauf geht dem Ende zu, also beeilen Sie sich! \u23f2\ufe0f | Pletenine \u0160penko\" \/>\n<meta property=\"og:description\" content=\"Der gro\u00dfe Winterausverkauf geht dem Ende zu, also beeilen Sie sich! Nutzen Sie die Rabatte von bis zu -40 % im Rahmen unseres gro\u00dfen Winterausverkaufs.\" \/>\n<meta property=\"og:url\" content=\"https:\/\/www.pleteninespenko.si\/de\/der-grosse-winterausverkauf-geht-dem-ende-zu-also-beeilen-sie-sich-%e2%8f%b2%ef%b8%8f\/\" \/>\n<meta property=\"og:site_name\" content=\"Pletenine \u0160penko\" \/>\n<meta property=\"article:publisher\" content=\"https:\/\/www.facebook.com\/PletenineSpenko\/\" \/>\n<meta property=\"article:published_time\" content=\"2025-02-21T16:35:23+00:00\" \/>\n<meta property=\"og:image\" content=\"https:\/\/www.pleteninespenko.si\/wp-content\/uploads\/2025\/02\/Pletenine-Spenko-Der-grosse-Winterschlussverkauf-geht-zu-Ende-1400x935px.jpg\" \/>\n\t<meta property=\"og:image:width\" content=\"1400\" \/>\n\t<meta property=\"og:image:height\" content=\"935\" \/>\n\t<meta property=\"og:image:type\" content=\"image\/jpeg\" \/>\n<meta name=\"author\" content=\"Pletenine \u0160penko\" \/>\n<meta name=\"twitter:card\" content=\"summary_large_image\" \/>\n<meta name=\"twitter:label1\" content=\"Verfasst von\" \/>\n\t<meta name=\"twitter:data1\" content=\"Pletenine \u0160penko\" \/>\n\t<meta name=\"twitter:label2\" content=\"Gesch\u00e4tzte Lesezeit\" \/>\n\t<meta name=\"twitter:data2\" content=\"3\u00a0Minuten\" \/>\n<script type=\"application\/ld+json\" class=\"yoast-schema-graph\">{\"@context\":\"https:\\\/\\\/schema.org\",\"@graph\":[{\"@type\":\"Article\",\"@id\":\"https:\\\/\\\/www.pleteninespenko.si\\\/de\\\/der-grosse-winterausverkauf-geht-dem-ende-zu-also-beeilen-sie-sich-%e2%8f%b2%ef%b8%8f\\\/#article\",\"isPartOf\":{\"@id\":\"https:\\\/\\\/www.pleteninespenko.si\\\/de\\\/der-grosse-winterausverkauf-geht-dem-ende-zu-also-beeilen-sie-sich-%e2%8f%b2%ef%b8%8f\\\/\"},\"author\":{\"name\":\"Pletenine \u0160penko\",\"@id\":\"https:\\\/\\\/www.pleteninespenko.si\\\/de\\\/#\\\/schema\\\/person\\\/42057a36ac52999c23bf81fc85a7f23b\"},\"headline\":\"Der gro\u00dfe Winterausverkauf geht dem Ende zu, also beeilen Sie sich! \u23f2\ufe0f\",\"datePublished\":\"2025-02-21T16:35:23+00:00\",\"mainEntityOfPage\":{\"@id\":\"https:\\\/\\\/www.pleteninespenko.si\\\/de\\\/der-grosse-winterausverkauf-geht-dem-ende-zu-also-beeilen-sie-sich-%e2%8f%b2%ef%b8%8f\\\/\"},\"wordCount\":446,\"publisher\":{\"@id\":\"https:\\\/\\\/www.pleteninespenko.si\\\/de\\\/#organization\"},\"image\":{\"@id\":\"https:\\\/\\\/www.pleteninespenko.si\\\/de\\\/der-grosse-winterausverkauf-geht-dem-ende-zu-also-beeilen-sie-sich-%e2%8f%b2%ef%b8%8f\\\/#primaryimage\"},\"thumbnailUrl\":\"https:\\\/\\\/www.pleteninespenko.si\\\/wp-content\\\/uploads\\\/2025\\\/02\\\/Pletenine-Spenko-Der-grosse-Winterschlussverkauf-geht-zu-Ende-1400x935px.jpg\",\"keywords\":[\"Gro\u00dfer Winterschlussverkauf\",\"bis zu -40%\",\"gro\u00dfer Winter Sale\",\"Pletenine \u0160penko\",\"Rabatt\"],\"articleSection\":[\"Strickwaren\\\/Kleidung\"],\"inLanguage\":\"de\"},{\"@type\":\"WebPage\",\"@id\":\"https:\\\/\\\/www.pleteninespenko.si\\\/de\\\/der-grosse-winterausverkauf-geht-dem-ende-zu-also-beeilen-sie-sich-%e2%8f%b2%ef%b8%8f\\\/\",\"url\":\"https:\\\/\\\/www.pleteninespenko.si\\\/de\\\/der-grosse-winterausverkauf-geht-dem-ende-zu-also-beeilen-sie-sich-%e2%8f%b2%ef%b8%8f\\\/\",\"name\":\"Der gro\u00dfe Winterausverkauf geht dem Ende zu, also beeilen Sie sich! \u23f2\ufe0f | Pletenine \u0160penko\",\"isPartOf\":{\"@id\":\"https:\\\/\\\/www.pleteninespenko.si\\\/de\\\/#website\"},\"primaryImageOfPage\":{\"@id\":\"https:\\\/\\\/www.pleteninespenko.si\\\/de\\\/der-grosse-winterausverkauf-geht-dem-ende-zu-also-beeilen-sie-sich-%e2%8f%b2%ef%b8%8f\\\/#primaryimage\"},\"image\":{\"@id\":\"https:\\\/\\\/www.pleteninespenko.si\\\/de\\\/der-grosse-winterausverkauf-geht-dem-ende-zu-also-beeilen-sie-sich-%e2%8f%b2%ef%b8%8f\\\/#primaryimage\"},\"thumbnailUrl\":\"https:\\\/\\\/www.pleteninespenko.si\\\/wp-content\\\/uploads\\\/2025\\\/02\\\/Pletenine-Spenko-Der-grosse-Winterschlussverkauf-geht-zu-Ende-1400x935px.jpg\",\"datePublished\":\"2025-02-21T16:35:23+00:00\",\"description\":\"Der gro\u00dfe Winterausverkauf geht dem Ende zu, also beeilen Sie sich! Nutzen Sie die Rabatte von bis zu -40 % im Rahmen unseres gro\u00dfen Winterausverkaufs.\",\"breadcrumb\":{\"@id\":\"https:\\\/\\\/www.pleteninespenko.si\\\/de\\\/der-grosse-winterausverkauf-geht-dem-ende-zu-also-beeilen-sie-sich-%e2%8f%b2%ef%b8%8f\\\/#breadcrumb\"},\"inLanguage\":\"de\",\"potentialAction\":[{\"@type\":\"ReadAction\",\"target\":[\"https:\\\/\\\/www.pleteninespenko.si\\\/de\\\/der-grosse-winterausverkauf-geht-dem-ende-zu-also-beeilen-sie-sich-%e2%8f%b2%ef%b8%8f\\\/\"]}]},{\"@type\":\"ImageObject\",\"inLanguage\":\"de\",\"@id\":\"https:\\\/\\\/www.pleteninespenko.si\\\/de\\\/der-grosse-winterausverkauf-geht-dem-ende-zu-also-beeilen-sie-sich-%e2%8f%b2%ef%b8%8f\\\/#primaryimage\",\"url\":\"https:\\\/\\\/www.pleteninespenko.si\\\/wp-content\\\/uploads\\\/2025\\\/02\\\/Pletenine-Spenko-Der-grosse-Winterschlussverkauf-geht-zu-Ende-1400x935px.jpg\",\"contentUrl\":\"https:\\\/\\\/www.pleteninespenko.si\\\/wp-content\\\/uploads\\\/2025\\\/02\\\/Pletenine-Spenko-Der-grosse-Winterschlussverkauf-geht-zu-Ende-1400x935px.jpg\",\"width\":1400,\"height\":935,\"caption\":\"Der gro\u00dfe Winterausverkauf geht dem Ende zu, also beeilen Sie sich!\"},{\"@type\":\"BreadcrumbList\",\"@id\":\"https:\\\/\\\/www.pleteninespenko.si\\\/de\\\/der-grosse-winterausverkauf-geht-dem-ende-zu-also-beeilen-sie-sich-%e2%8f%b2%ef%b8%8f\\\/#breadcrumb\",\"itemListElement\":[{\"@type\":\"ListItem\",\"position\":1,\"name\":\"Home\",\"item\":\"https:\\\/\\\/www.pleteninespenko.si\\\/de\\\/\"},{\"@type\":\"ListItem\",\"position\":2,\"name\":\"Der gro\u00dfe Winterausverkauf geht dem Ende zu, also beeilen Sie sich! \u23f2\ufe0f\"}]},{\"@type\":\"WebSite\",\"@id\":\"https:\\\/\\\/www.pleteninespenko.si\\\/de\\\/#website\",\"url\":\"https:\\\/\\\/www.pleteninespenko.si\\\/de\\\/\",\"name\":\"Pletenine \u0160penko\",\"description\":\"Damen- und Herrenstrickwaren nach der neuesten Mode\",\"publisher\":{\"@id\":\"https:\\\/\\\/www.pleteninespenko.si\\\/de\\\/#organization\"},\"potentialAction\":[{\"@type\":\"SearchAction\",\"target\":{\"@type\":\"EntryPoint\",\"urlTemplate\":\"https:\\\/\\\/www.pleteninespenko.si\\\/de\\\/?s={search_term_string}\"},\"query-input\":{\"@type\":\"PropertyValueSpecification\",\"valueRequired\":true,\"valueName\":\"search_term_string\"}}],\"inLanguage\":\"de\"},{\"@type\":\"Organization\",\"@id\":\"https:\\\/\\\/www.pleteninespenko.si\\\/de\\\/#organization\",\"name\":\"Pletenine \u0160penko\",\"url\":\"https:\\\/\\\/www.pleteninespenko.si\\\/de\\\/\",\"logo\":{\"@type\":\"ImageObject\",\"inLanguage\":\"de\",\"@id\":\"https:\\\/\\\/www.pleteninespenko.si\\\/de\\\/#\\\/schema\\\/logo\\\/image\\\/\",\"url\":\"https:\\\/\\\/www.pleteninespenko.si\\\/wp-content\\\/uploads\\\/2020\\\/06\\\/Pletenine_Spenko.png\",\"contentUrl\":\"https:\\\/\\\/www.pleteninespenko.si\\\/wp-content\\\/uploads\\\/2020\\\/06\\\/Pletenine_Spenko.png\",\"width\":717,\"height\":140,\"caption\":\"Pletenine \u0160penko\"},\"image\":{\"@id\":\"https:\\\/\\\/www.pleteninespenko.si\\\/de\\\/#\\\/schema\\\/logo\\\/image\\\/\"},\"sameAs\":[\"https:\\\/\\\/www.facebook.com\\\/PletenineSpenko\\\/\",\"https:\\\/\\\/www.instagram.com\\\/pleteninespenko\\\/\"]},{\"@type\":\"Person\",\"@id\":\"https:\\\/\\\/www.pleteninespenko.si\\\/de\\\/#\\\/schema\\\/person\\\/42057a36ac52999c23bf81fc85a7f23b\",\"name\":\"Pletenine \u0160penko\",\"image\":{\"@type\":\"ImageObject\",\"inLanguage\":\"de\",\"@id\":\"https:\\\/\\\/www.pleteninespenko.si\\\/wp-content\\\/litespeed\\\/avatar\\\/4059debda33b2bcf06945cee9649f404.jpg?ver=1777055459\",\"url\":\"https:\\\/\\\/www.pleteninespenko.si\\\/wp-content\\\/litespeed\\\/avatar\\\/4059debda33b2bcf06945cee9649f404.jpg?ver=1777055459\",\"contentUrl\":\"https:\\\/\\\/www.pleteninespenko.si\\\/wp-content\\\/litespeed\\\/avatar\\\/4059debda33b2bcf06945cee9649f404.jpg?ver=1777055459\",\"caption\":\"Pletenine \u0160penko\"}}]}<\/script>\n<!-- \/ Yoast SEO plugin. -->","yoast_head_json":{"title":"Der gro\u00dfe Winterausverkauf geht dem Ende zu, also beeilen Sie sich! \u23f2\ufe0f | Pletenine \u0160penko","description":"Der gro\u00dfe Winterausverkauf geht dem Ende zu, also beeilen Sie sich! Nutzen Sie die Rabatte von bis zu -40 % im Rahmen unseres gro\u00dfen Winterausverkaufs.","robots":{"index":"index","follow":"follow","max-snippet":"max-snippet:-1","max-image-preview":"max-image-preview:large","max-video-preview":"max-video-preview:-1"},"canonical":"https:\/\/www.pleteninespenko.si\/de\/der-grosse-winterausverkauf-geht-dem-ende-zu-also-beeilen-sie-sich-%e2%8f%b2%ef%b8%8f\/","og_locale":"de_DE","og_type":"article","og_title":"Der gro\u00dfe Winterausverkauf geht dem Ende zu, also beeilen Sie sich! \u23f2\ufe0f | Pletenine \u0160penko","og_description":"Der gro\u00dfe Winterausverkauf geht dem Ende zu, also beeilen Sie sich! Nutzen Sie die Rabatte von bis zu -40 % im Rahmen unseres gro\u00dfen Winterausverkaufs.","og_url":"https:\/\/www.pleteninespenko.si\/de\/der-grosse-winterausverkauf-geht-dem-ende-zu-also-beeilen-sie-sich-%e2%8f%b2%ef%b8%8f\/","og_site_name":"Pletenine \u0160penko","article_publisher":"https:\/\/www.facebook.com\/PletenineSpenko\/","article_published_time":"2025-02-21T16:35:23+00:00","og_image":[{"width":1400,"height":935,"url":"https:\/\/www.pleteninespenko.si\/wp-content\/uploads\/2025\/02\/Pletenine-Spenko-Der-grosse-Winterschlussverkauf-geht-zu-Ende-1400x935px.jpg","type":"image\/jpeg"}],"author":"Pletenine \u0160penko","twitter_card":"summary_large_image","twitter_misc":{"Verfasst von":"Pletenine \u0160penko","Gesch\u00e4tzte Lesezeit":"3\u00a0Minuten"},"schema":{"@context":"https:\/\/schema.org","@graph":[{"@type":"Article","@id":"https:\/\/www.pleteninespenko.si\/de\/der-grosse-winterausverkauf-geht-dem-ende-zu-also-beeilen-sie-sich-%e2%8f%b2%ef%b8%8f\/#article","isPartOf":{"@id":"https:\/\/www.pleteninespenko.si\/de\/der-grosse-winterausverkauf-geht-dem-ende-zu-also-beeilen-sie-sich-%e2%8f%b2%ef%b8%8f\/"},"author":{"name":"Pletenine \u0160penko","@id":"https:\/\/www.pleteninespenko.si\/de\/#\/schema\/person\/42057a36ac52999c23bf81fc85a7f23b"},"headline":"Der gro\u00dfe Winterausverkauf geht dem Ende zu, also beeilen Sie sich! \u23f2\ufe0f","datePublished":"2025-02-21T16:35:23+00:00","mainEntityOfPage":{"@id":"https:\/\/www.pleteninespenko.si\/de\/der-grosse-winterausverkauf-geht-dem-ende-zu-also-beeilen-sie-sich-%e2%8f%b2%ef%b8%8f\/"},"wordCount":446,"publisher":{"@id":"https:\/\/www.pleteninespenko.si\/de\/#organization"},"image":{"@id":"https:\/\/www.pleteninespenko.si\/de\/der-grosse-winterausverkauf-geht-dem-ende-zu-also-beeilen-sie-sich-%e2%8f%b2%ef%b8%8f\/#primaryimage"},"thumbnailUrl":"https:\/\/www.pleteninespenko.si\/wp-content\/uploads\/2025\/02\/Pletenine-Spenko-Der-grosse-Winterschlussverkauf-geht-zu-Ende-1400x935px.jpg","keywords":["Gro\u00dfer Winterschlussverkauf","bis zu -40%","gro\u00dfer Winter Sale","Pletenine \u0160penko","Rabatt"],"articleSection":["Strickwaren\/Kleidung"],"inLanguage":"de"},{"@type":"WebPage","@id":"https:\/\/www.pleteninespenko.si\/de\/der-grosse-winterausverkauf-geht-dem-ende-zu-also-beeilen-sie-sich-%e2%8f%b2%ef%b8%8f\/","url":"https:\/\/www.pleteninespenko.si\/de\/der-grosse-winterausverkauf-geht-dem-ende-zu-also-beeilen-sie-sich-%e2%8f%b2%ef%b8%8f\/","name":"Der gro\u00dfe Winterausverkauf geht dem Ende zu, also beeilen Sie sich! \u23f2\ufe0f | Pletenine \u0160penko","isPartOf":{"@id":"https:\/\/www.pleteninespenko.si\/de\/#website"},"primaryImageOfPage":{"@id":"https:\/\/www.pleteninespenko.si\/de\/der-grosse-winterausverkauf-geht-dem-ende-zu-also-beeilen-sie-sich-%e2%8f%b2%ef%b8%8f\/#primaryimage"},"image":{"@id":"https:\/\/www.pleteninespenko.si\/de\/der-grosse-winterausverkauf-geht-dem-ende-zu-also-beeilen-sie-sich-%e2%8f%b2%ef%b8%8f\/#primaryimage"},"thumbnailUrl":"https:\/\/www.pleteninespenko.si\/wp-content\/uploads\/2025\/02\/Pletenine-Spenko-Der-grosse-Winterschlussverkauf-geht-zu-Ende-1400x935px.jpg","datePublished":"2025-02-21T16:35:23+00:00","description":"Der gro\u00dfe Winterausverkauf geht dem Ende zu, also beeilen Sie sich! Nutzen Sie die Rabatte von bis zu -40 % im Rahmen unseres gro\u00dfen Winterausverkaufs.","breadcrumb":{"@id":"https:\/\/www.pleteninespenko.si\/de\/der-grosse-winterausverkauf-geht-dem-ende-zu-also-beeilen-sie-sich-%e2%8f%b2%ef%b8%8f\/#breadcrumb"},"inLanguage":"de","potentialAction":[{"@type":"ReadAction","target":["https:\/\/www.pleteninespenko.si\/de\/der-grosse-winterausverkauf-geht-dem-ende-zu-also-beeilen-sie-sich-%e2%8f%b2%ef%b8%8f\/"]}]},{"@type":"ImageObject","inLanguage":"de","@id":"https:\/\/www.pleteninespenko.si\/de\/der-grosse-winterausverkauf-geht-dem-ende-zu-also-beeilen-sie-sich-%e2%8f%b2%ef%b8%8f\/#primaryimage","url":"https:\/\/www.pleteninespenko.si\/wp-content\/uploads\/2025\/02\/Pletenine-Spenko-Der-grosse-Winterschlussverkauf-geht-zu-Ende-1400x935px.jpg","contentUrl":"https:\/\/www.pleteninespenko.si\/wp-content\/uploads\/2025\/02\/Pletenine-Spenko-Der-grosse-Winterschlussverkauf-geht-zu-Ende-1400x935px.jpg","width":1400,"height":935,"caption":"Der gro\u00dfe Winterausverkauf geht dem Ende zu, also beeilen Sie sich!"},{"@type":"BreadcrumbList","@id":"https:\/\/www.pleteninespenko.si\/de\/der-grosse-winterausverkauf-geht-dem-ende-zu-also-beeilen-sie-sich-%e2%8f%b2%ef%b8%8f\/#breadcrumb","itemListElement":[{"@type":"ListItem","position":1,"name":"Home","item":"https:\/\/www.pleteninespenko.si\/de\/"},{"@type":"ListItem","position":2,"name":"Der gro\u00dfe Winterausverkauf geht dem Ende zu, also beeilen Sie sich! \u23f2\ufe0f"}]},{"@type":"WebSite","@id":"https:\/\/www.pleteninespenko.si\/de\/#website","url":"https:\/\/www.pleteninespenko.si\/de\/","name":"Pletenine \u0160penko","description":"Damen- und Herrenstrickwaren nach der neuesten Mode","publisher":{"@id":"https:\/\/www.pleteninespenko.si\/de\/#organization"},"potentialAction":[{"@type":"SearchAction","target":{"@type":"EntryPoint","urlTemplate":"https:\/\/www.pleteninespenko.si\/de\/?s={search_term_string}"},"query-input":{"@type":"PropertyValueSpecification","valueRequired":true,"valueName":"search_term_string"}}],"inLanguage":"de"},{"@type":"Organization","@id":"https:\/\/www.pleteninespenko.si\/de\/#organization","name":"Pletenine \u0160penko","url":"https:\/\/www.pleteninespenko.si\/de\/","logo":{"@type":"ImageObject","inLanguage":"de","@id":"https:\/\/www.pleteninespenko.si\/de\/#\/schema\/logo\/image\/","url":"https:\/\/www.pleteninespenko.si\/wp-content\/uploads\/2020\/06\/Pletenine_Spenko.png","contentUrl":"https:\/\/www.pleteninespenko.si\/wp-content\/uploads\/2020\/06\/Pletenine_Spenko.png","width":717,"height":140,"caption":"Pletenine \u0160penko"},"image":{"@id":"https:\/\/www.pleteninespenko.si\/de\/#\/schema\/logo\/image\/"},"sameAs":["https:\/\/www.facebook.com\/PletenineSpenko\/","https:\/\/www.instagram.com\/pleteninespenko\/"]},{"@type":"Person","@id":"https:\/\/www.pleteninespenko.si\/de\/#\/schema\/person\/42057a36ac52999c23bf81fc85a7f23b","name":"Pletenine \u0160penko","image":{"@type":"ImageObject","inLanguage":"de","@id":"https:\/\/www.pleteninespenko.si\/wp-content\/litespeed\/avatar\/4059debda33b2bcf06945cee9649f404.jpg?ver=1777055459","url":"https:\/\/www.pleteninespenko.si\/wp-content\/litespeed\/avatar\/4059debda33b2bcf06945cee9649f404.jpg?ver=1777055459","contentUrl":"https:\/\/www.pleteninespenko.si\/wp-content\/litespeed\/avatar\/4059debda33b2bcf06945cee9649f404.jpg?ver=1777055459","caption":"Pletenine \u0160penko"}}]}},"_links":{"self":[{"href":"https:\/\/www.pleteninespenko.si\/de\/wp-json\/wp\/v2\/posts\/46976","targetHints":{"allow":["GET"]}}],"collection":[{"href":"https:\/\/www.pleteninespenko.si\/de\/wp-json\/wp\/v2\/posts"}],"about":[{"href":"https:\/\/www.pleteninespenko.si\/de\/wp-json\/wp\/v2\/types\/post"}],"author":[{"embeddable":true,"href":"https:\/\/www.pleteninespenko.si\/de\/wp-json\/wp\/v2\/users\/23"}],"replies":[{"embeddable":true,"href":"https:\/\/www.pleteninespenko.si\/de\/wp-json\/wp\/v2\/comments?post=46976"}],"version-history":[{"count":0,"href":"https:\/\/www.pleteninespenko.si\/de\/wp-json\/wp\/v2\/posts\/46976\/revisions"}],"wp:featuredmedia":[{"embeddable":true,"href":"https:\/\/www.pleteninespenko.si\/de\/wp-json\/wp\/v2\/media\/46951"}],"wp:attachment":[{"href":"https:\/\/www.pleteninespenko.si\/de\/wp-json\/wp\/v2\/media?parent=46976"}],"wp:term":[{"taxonomy":"category","embeddable":true,"href":"https:\/\/www.pleteninespenko.si\/de\/wp-json\/wp\/v2\/categories?post=46976"},{"taxonomy":"post_tag","embeddable":true,"href":"https:\/\/www.pleteninespenko.si\/de\/wp-json\/wp\/v2\/tags?post=46976"}],"curies":[{"name":"wp","href":"https:\/\/api.w.org\/{rel}","templated":true}]}}