{"id":55576,"date":"2025-11-27T18:51:59","date_gmt":"2025-11-27T17:51:59","guid":{"rendered":"https:\/\/www.pleteninespenko.si\/dies-ist-der-black-friday-den-sie-verdient-haben-eilen-sie%e2%9c%a8\/"},"modified":"2025-11-27T18:54:50","modified_gmt":"2025-11-27T17:54:50","slug":"dies-ist-der-black-friday-den-sie-verdient-haben-eilen-sie%e2%9c%a8","status":"publish","type":"post","link":"https:\/\/www.pleteninespenko.si\/de\/dies-ist-der-black-friday-den-sie-verdient-haben-eilen-sie%e2%9c%a8\/","title":{"rendered":"Dies ist der Black Friday, den Sie verdient haben! Eilen Sie! \u2728"},"content":{"rendered":"<!--themify_builder_content-->\n<div id=\"themify_builder_content-55576\" data-postid=\"55576\" class=\"themify_builder_content themify_builder_content-55576 themify_builder tf_clear\">\n                    <div  data-lazy=\"1\" class=\"module_row themify_builder_row tb_nqw9295 tb_first tf_w\">\n                        <div class=\"row_inner col_align_top tb_col_count_1 tf_box tf_rel\">\n                        <div  data-lazy=\"1\" class=\"module_column tb-column col-full tb_p9n8297 first\">\n                    <!-- module text -->\n<div  class=\"module module-text tb_rywz298   \" data-lazy=\"1\">\n        <div  class=\"tb_text_wrap\">\n        <p><strong>Vom 27. November bis 3. Dezember  <\/strong> (oder solange der Vorrat reicht) bieten wir Ihnen <strong>20 % Rabatt auf alle nicht reduzierten Strickwaren<\/strong>! Dies ist der Moment, den Sie nicht verpassen m\u00f6chten \u2013 die beste Gelegenheit, Ihre Garderobe mit warmen, modischen St\u00fccken aufzufrischen, die Sie durch den Winter begleiten.<\/p>\n<p><strong>Sehen Sie, was Sie erwartet:<\/strong><\/p>\n<ul>\n<li><strong><a href=\"https:\/\/www.pleteninespenko.si\/de\/produktkategorie\/damenstrickwaren\/strickjacken-fur-damen\/\" target=\"_blank\" rel=\"noopener\">Strickjacken<\/a><\/strong>, die perfekt f\u00fcr \u00dcbergangstage sind \u2013 leicht, aber warm genug, um Sie vor der kalten Luft zu sch\u00fctzen und dabei jeden Ihrer Schritte eleganter zu machen.<\/li>\n<li><strong><a href=\"https:\/\/www.pleteninespenko.si\/de\/produktkategorie\/damenstrickwaren\/pullover-fur-damen\/\" target=\"_blank\" rel=\"noopener\">Pullover<\/a><\/strong>, die Einfachheit mit modernen Details kombinieren \u2013 ideal f\u00fcr bequeme Arbeitstage oder entspannte Wochenenden.<\/li>\n<li><strong><a href=\"https:\/\/www.pleteninespenko.si\/de\/produktkategorie\/damenstrickwaren\/kleider\/\" target=\"_blank\" rel=\"noopener\">Kleider<\/a><\/strong>, die Sie mit ihrer Eleganz und ihrem Komfort begeistern werden. Ein perfektes St\u00fcck, um zu gl\u00e4nzen, wenn es drau\u00dfen kalt wird. <\/li>\n<li><strong><a href=\"https:\/\/www.pleteninespenko.si\/de\/produktkategorie\/damenstrickwaren\/ponchos-de\/\" target=\"_blank\" rel=\"noopener\">Ponchos<\/a><\/strong>, die mehr als nur ein Kleidungsst\u00fcck sind \u2013 sie sind Ihre pers\u00f6nliche Erkl\u00e4rung von Stil und Komfort zugleich.<\/li>\n<\/ul>\n<p><strong>So einfach, aber so effektiv!<\/strong> Die Aktion l\u00e4uft <strong>vom 27. November bis 3. Dezember  <\/strong>oder solange der Vorrat reicht, also z\u00f6gern <strong>Sie nicht<\/strong>! Dies ist eine Gelegenheit, die Sie nicht verpassen wollen.<\/p>\n<p>Beeilen Sie sich, die Best\u00e4nde sind begrenzt! Besuchen Sie uns in <strong><a href=\"https:\/\/www.pleteninespenko.si\/de\/wo-sind-wir\/\" target=\"_blank\" rel=\"noopener\">unseren Gesch\u00e4ften<\/a><\/strong> oder shoppen Sie auf <strong><a href=\"https:\/\/www.pleteninespenko.si\/de\/handel\/\" target=\"_blank\" rel=\"noopener\">pleteninespenko.si\/de<\/a><\/strong>, wo Sie Strickwaren finden, die Sie w\u00e4rmen und Ihren Winter versch\u00f6nern. <\/p>\n<p><strong>Eine warme Umarmung, Ihr Pletenine \u0160penko!<\/strong><\/p>\n<p> <\/p>\n<h3 class=\"gmail_default\" style=\"text-align: left\">\u0160penko Strickwaren. Strickmode, die Herz, Seele und K\u00f6rper w\u00e4rmt. <\/h3>    <\/div>\n<\/div>\n<!-- \/module text -->        <div  data-lazy=\"1\" class=\"module_subrow themify_builder_sub_row tf_w col_align_top tb_col_count_4 tb_pqam298\">\n                <div  data-lazy=\"1\" class=\"module_column sub_column col4-1 tb_wke9300 first\">\n                    <!-- module feature -->\n<div  class=\"module module-feature tb_yidt301 with-chart layout-icon-top size-small \" data-layout-mobile=\"icon-left\" data-layout-desktop=\"icon-top\" data-lazy=\"1\">\n        <div class=\"module-feature-image tf_textc tf_rel\">\n                            <a href=\"https:\/\/www.pleteninespenko.si\/de\/produktkategorie\/herrenstrickwaren\/\">\n                        <span class=\"module-feature-chart-html5 tf_box tf_rel tf_inline_b\">\n                                    <svg class=\"tf_abs tf_w tf_h\">\n                    <circle class=\"tb_feature_fill\" r=\"calc(50% - 1.50px)\" cx=\"50%\" cy=\"50%\" stroke-width=\"3\"\/>\n                    <circle class=\"tb_feature_stroke\" r=\"calc(50% - 1.50px)\" cx=\"50%\" cy=\"50%\" stroke=\"#9655a2\" stroke-width=\"3\" data-progress=\"100\" stroke-dasharray=\"0,10000\"\/>\n                                        <\/svg>\n                                <span class=\"chart-html5-circle tf_w tf_h\">\n                    <img decoding=\"async\" src=\"https:\/\/www.pleteninespenko.si\/wp-content\/uploads\/2023\/12\/Pletenine-Spenko-moske-pletenine-jopica-stanko-modra-928x1024-100x100.jpg\" width=\"100\" height=\"100\" class=\"wp-post-image wp-image-49897\" title=\"Pletenine-Spenko-moske-pletenine-jopica-stanko-modra\" style=\"width:calc(100% - 6px);height:calc(100% - 6px)\" alt=\"Volnena jopica Stanko ima V izrez. Jopica je pletena v vzorcu \u010drt in reliefne pletenine. Jopica Stanko se zapenja z gumbi.\" srcset=\"https:\/\/www.pleteninespenko.si\/wp-content\/uploads\/2023\/12\/Pletenine-Spenko-moske-pletenine-jopica-stanko-modra-928x1024-100x100.jpg 100w, https:\/\/www.pleteninespenko.si\/wp-content\/uploads\/2023\/12\/Pletenine-Spenko-moske-pletenine-jopica-stanko-modra-150x150.jpg 150w, https:\/\/www.pleteninespenko.si\/wp-content\/uploads\/2023\/12\/Pletenine-Spenko-moske-pletenine-jopica-stanko-modra-300x300.jpg 300w, https:\/\/www.pleteninespenko.si\/wp-content\/uploads\/2023\/12\/Pletenine-Spenko-moske-pletenine-jopica-stanko-modra-928x1024-47x48.jpg 47w\" sizes=\"(max-width: 100px) 100vw, 100px\" \/>                                    <\/span>\n\n                \n            <\/span>\n                        <\/a>\n            <\/div>\n    <div class=\"module-feature-content tf_textc\">\n                    <h3 class=\"module-feature-title\">\n                            <a href=\"https:\/\/www.pleteninespenko.si\/de\/produktkategorie\/herrenstrickwaren\/\">M\u00e4nnermode<\/a>\n                        <\/h3>\n                    <div class=\"tb_text_wrap\">\n                    <\/div>\n    <\/div>\n<\/div>\n<!-- \/module feature -->\n        <\/div>\n                    <div  data-lazy=\"1\" class=\"module_column sub_column col4-1 tb_97ij301\">\n                    <!-- module feature -->\n<div  class=\"module module-feature tb_3nrd302 with-chart layout-icon-top size-small \" data-layout-mobile=\"icon-left\" data-layout-desktop=\"icon-top\" data-lazy=\"1\">\n        <div class=\"module-feature-image tf_textc tf_rel\">\n                            <a href=\"https:\/\/www.pleteninespenko.si\/de\/produktkategorie\/damenstrickwaren\/\">\n                        <span class=\"module-feature-chart-html5 tf_box tf_rel tf_inline_b\">\n                                    <svg class=\"tf_abs tf_w tf_h\">\n                    <circle class=\"tb_feature_fill\" r=\"calc(50% - 1.50px)\" cx=\"50%\" cy=\"50%\" stroke-width=\"3\"\/>\n                    <circle class=\"tb_feature_stroke\" r=\"calc(50% - 1.50px)\" cx=\"50%\" cy=\"50%\" stroke=\"#9655a2\" stroke-width=\"3\" data-progress=\"100\" stroke-dasharray=\"0,10000\"\/>\n                                        <\/svg>\n                                <span class=\"chart-html5-circle tf_w tf_h\">\n                    <img decoding=\"async\" src=\"https:\/\/www.pleteninespenko.si\/wp-content\/uploads\/2023\/06\/Pletenine-Spenko-zenske-pletenine-obleka-sara-roza-vijolicne-rozice-928x1024-100x100.jpg\" width=\"100\" height=\"100\" class=\"wp-post-image wp-image-50828\" title=\"Pletenine-Spenko-damenstrickwaren-kleid-sara-roza-vijolicne-rozice\" style=\"width:calc(100% - 6px);height:calc(100% - 6px)\" alt=\"Das Sommerkleid aus elastischem Strickjersey und Viskose eignet sich f\u00fcr hei\u00dfe Sommertage, denn das Viskosematerial selbst h\u00e4lt uns angenehm k\u00fchl. Das Kleid hat einen Prinzessinnenschnitt und kurze \u00c4rmel.\" srcset=\"https:\/\/www.pleteninespenko.si\/wp-content\/uploads\/2023\/06\/Pletenine-Spenko-zenske-pletenine-obleka-sara-roza-vijolicne-rozice-928x1024-100x100.jpg 100w, https:\/\/www.pleteninespenko.si\/wp-content\/uploads\/2023\/06\/Pletenine-Spenko-zenske-pletenine-obleka-sara-roza-vijolicne-rozice-150x150.jpg 150w, https:\/\/www.pleteninespenko.si\/wp-content\/uploads\/2023\/06\/Pletenine-Spenko-zenske-pletenine-obleka-sara-roza-vijolicne-rozice-300x300.jpg 300w, https:\/\/www.pleteninespenko.si\/wp-content\/uploads\/2023\/06\/Pletenine-Spenko-zenske-pletenine-obleka-sara-roza-vijolicne-rozice-928x1024-47x48.jpg 47w\" sizes=\"(max-width: 100px) 100vw, 100px\" \/>                                    <\/span>\n\n                \n            <\/span>\n                        <\/a>\n            <\/div>\n    <div class=\"module-feature-content tf_textc\">\n                    <h3 class=\"module-feature-title\">\n                            <a href=\"https:\/\/www.pleteninespenko.si\/de\/produktkategorie\/damenstrickwaren\/\">Damenmode<\/a>\n                        <\/h3>\n                    <div class=\"tb_text_wrap\">\n                    <\/div>\n    <\/div>\n<\/div>\n<!-- \/module feature -->\n        <\/div>\n                    <div  data-lazy=\"1\" class=\"module_column sub_column col4-1 tb_g0al303\">\n                    <!-- module feature -->\n<div  class=\"module module-feature tb_84k4303 with-chart layout-icon-top size-small \" data-layout-mobile=\"icon-left\" data-layout-desktop=\"icon-top\" data-lazy=\"1\">\n        <div class=\"module-feature-image tf_textc tf_rel\">\n                            <a href=\"https:\/\/www.pleteninespenko.si\/de\/produktkategorie\/strickwaren-als-modeaccessoires\/\">\n                        <span class=\"module-feature-chart-html5 tf_box tf_rel tf_inline_b\">\n                                    <svg class=\"tf_abs tf_w tf_h\">\n                    <circle class=\"tb_feature_fill\" r=\"calc(50% - 1.50px)\" cx=\"50%\" cy=\"50%\" stroke-width=\"3\"\/>\n                    <circle class=\"tb_feature_stroke\" r=\"calc(50% - 1.50px)\" cx=\"50%\" cy=\"50%\" stroke=\"#9655a2\" stroke-width=\"3\" data-progress=\"100\" stroke-dasharray=\"0,10000\"\/>\n                                        <\/svg>\n                                <span class=\"chart-html5-circle tf_w tf_h\">\n                    <img decoding=\"async\" src=\"https:\/\/www.pleteninespenko.si\/wp-content\/uploads\/2025\/03\/Pletenine-Spenko-zenske-pletenine-sal-zala-leopardji-vzorec-2-928x1024-100x100.jpg\" width=\"100\" height=\"100\" class=\"wp-post-image wp-image-49865\" title=\"Pletenine-Spenko-Damenstrickwaren-schal-zala-leopardji-vzorec-2\" style=\"width:calc(100% - 6px);height:calc(100% - 6px)\" alt=\"D\u00fcnner Schal mit verschiedenen Mustern, der die perfekte Erg\u00e4nzung zu einfarbigen Pullovern darstellt. Sein einzigartiges Design setzt einen Akzent in jedem Look, da es Eleganz und Modernit\u00e4t vereint. Auf dem Foto ist er in Kombination mit dem Pullover Earlen zu sehen, was eine m\u00fchelose und raffinierte Kombination f\u00fcr den Alltag schafft.\" srcset=\"https:\/\/www.pleteninespenko.si\/wp-content\/uploads\/2025\/03\/Pletenine-Spenko-zenske-pletenine-sal-zala-leopardji-vzorec-2-928x1024-100x100.jpg 100w, https:\/\/www.pleteninespenko.si\/wp-content\/uploads\/2025\/03\/Pletenine-Spenko-zenske-pletenine-sal-zala-leopardji-vzorec-2-150x150.jpg 150w, https:\/\/www.pleteninespenko.si\/wp-content\/uploads\/2025\/03\/Pletenine-Spenko-zenske-pletenine-sal-zala-leopardji-vzorec-2-300x300.jpg 300w, https:\/\/www.pleteninespenko.si\/wp-content\/uploads\/2025\/03\/Pletenine-Spenko-zenske-pletenine-sal-zala-leopardji-vzorec-2-928x1024-580x580.jpg 580w\" sizes=\"(max-width: 100px) 100vw, 100px\" \/>                                    <\/span>\n\n                \n            <\/span>\n                        <\/a>\n            <\/div>\n    <div class=\"module-feature-content tf_textc\">\n                    <h3 class=\"module-feature-title\">\n                            <a href=\"https:\/\/www.pleteninespenko.si\/de\/produktkategorie\/strickwaren-als-modeaccessoires\/\">Modeaccessoires<\/a>\n                        <\/h3>\n                    <div class=\"tb_text_wrap\">\n                    <\/div>\n    <\/div>\n<\/div>\n<!-- \/module feature -->\n        <\/div>\n                    <div  data-lazy=\"1\" class=\"module_column sub_column col4-1 tb_hq8f303 last\">\n                    <!-- module feature -->\n<div  class=\"module module-feature tb_34lx304 with-chart layout-icon-top size-small \" data-layout-mobile=\"icon-left\" data-layout-desktop=\"icon-top\" data-lazy=\"1\">\n        <div class=\"module-feature-image tf_textc tf_rel\">\n                            <a href=\"https:\/\/www.pleteninespenko.si\/de\/produktkategorie\/strickwaren-fur-die-freizeit\/\">\n                        <span class=\"module-feature-chart-html5 tf_box tf_rel tf_inline_b\">\n                                    <svg class=\"tf_abs tf_w tf_h\">\n                    <circle class=\"tb_feature_fill\" r=\"calc(50% - 1.50px)\" cx=\"50%\" cy=\"50%\" stroke-width=\"3\"\/>\n                    <circle class=\"tb_feature_stroke\" r=\"calc(50% - 1.50px)\" cx=\"50%\" cy=\"50%\" stroke=\"#9655a2\" stroke-width=\"3\" data-progress=\"100\" stroke-dasharray=\"0,10000\"\/>\n                                        <\/svg>\n                                <span class=\"chart-html5-circle tf_w tf_h\">\n                    <img decoding=\"async\" src=\"https:\/\/www.pleteninespenko.si\/wp-content\/uploads\/2024\/11\/Pletenine-Spenko-pletenine-za-prosti-cas-pletena-odeja-928x1024-100x100.jpg\" width=\"100\" height=\"100\" class=\"wp-post-image wp-image-43703\" title=\"Pletenine-Spenko-pletenine-za-prosti-cas-pletena-odeja\" style=\"width:calc(100% - 6px);height:calc(100% - 6px)\" alt=\"Topla volnena odeja za hladne jesenske in zimske dni. Volna nas poleg na\u0161ih najbli\u017ejih, greje najceneje!\" srcset=\"https:\/\/www.pleteninespenko.si\/wp-content\/uploads\/2024\/11\/Pletenine-Spenko-pletenine-za-prosti-cas-pletena-odeja-928x1024-100x100.jpg 100w, https:\/\/www.pleteninespenko.si\/wp-content\/uploads\/2024\/11\/Pletenine-Spenko-pletenine-za-prosti-cas-pletena-odeja-150x150.jpg 150w, https:\/\/www.pleteninespenko.si\/wp-content\/uploads\/2024\/11\/Pletenine-Spenko-pletenine-za-prosti-cas-pletena-odeja-300x300.jpg 300w\" sizes=\"(max-width: 100px) 100vw, 100px\" \/>                                    <\/span>\n\n                \n            <\/span>\n                        <\/a>\n            <\/div>\n    <div class=\"module-feature-content tf_textc\">\n                    <h3 class=\"module-feature-title\">\n                            <a href=\"https:\/\/www.pleteninespenko.si\/de\/produktkategorie\/strickwaren-fur-die-freizeit\/\">Strickwaren f\u00fcr die Freizeit<\/a>\n                        <\/h3>\n                    <div class=\"tb_text_wrap\">\n                    <\/div>\n    <\/div>\n<\/div>\n<!-- \/module feature -->\n        <\/div>\n                    <\/div>\n                <div  data-lazy=\"1\" class=\"module_subrow themify_builder_sub_row tf_w col_align_top tb_col_count_1 tb_4lkn304\">\n                <div  data-lazy=\"1\" class=\"module_column sub_column col-full tb_3fpk305 first\">\n                    <!-- module divider -->\n<div  class=\"module tf_mw module-divider tb_jq47305 dotted   \" style=\"border-width: 2px;border-color: #9655a2;margin-top: 40px;margin-bottom: 40px;\" data-lazy=\"1\">\n    <\/div>\n<!-- \/module divider -->\n<!-- module text -->\n<div  class=\"module module-text tb_er9i305   \" data-lazy=\"1\">\n        <div  class=\"tb_text_wrap\">\n        <h2 style=\"text-align: center\">Die neue Herbst-\/Winterkollektion 2025\/26 \u2013 jetzt auch in unseren Filialen in Slowenien und Kroatien erh\u00e4ltlich!<\/h2>    <\/div>\n<\/div>\n<!-- \/module text --><!-- module maps pro -->\n<div  id=\"tb_qq4x306\" class=\"module module-maps-pro tb_qq4x306  tf_lazy\" data-zoom=\"9\" data-type=\"ROADMAP\" data-address=\"Moste 95a, 1218 Komenda, Slovenija\" data-scrollwheel=\"1\" data-draggable=\"enable\" data-disable_map_ui=\"\" data-polyline=\"\" data-geodesic=\"\" data-polylineStroke=\"2\" data-polylineColor=\"\" data-trigger=\"\" data-mapid=\"\" data-legacymarkers=\"\" data-lazy=\"1\">\n\t\n\t\t\t<div class=\"maps-pro-canvas-container\">\n\t\t\t<div class=\"maps-pro-canvas\" style=\"width:100%;height:600px\"><\/div>\n\t\t<\/div>\n\t\t\t\t\t<template>\n\t\t\t\t\t\t\t\t\t<div data-address=\"46.1970063,14.5492738\" data-image=\"https:\/\/www.pleteninespenko.si\/wp-content\/uploads\/2020\/07\/Pletenine_Spenko_mapa_ikona_glavna_2.png\">\n\t\t\t\t\t\tLaden Strickwaren \u0160penko - Gro\u00dfhandel und Einzelhandel\t\t\t\t\t<\/div>\n\t\t\t\t\t\t\t\t\t<div data-address=\"45.8874388,13.9053592\" data-image=\"https:\/\/www.pleteninespenko.si\/wp-content\/uploads\/2020\/07\/Pletenine_Spenko_mapa_ikona.png\">\n\t\t\t\t\t\tAjdov\u0161\u010dina - Laden Strickwaren \u0160penko\t\t\t\t\t<\/div>\n\t\t\t\t\t\t\t\t\t<div data-address=\"46.3670519,14.1098373\" data-image=\"https:\/\/www.pleteninespenko.si\/wp-content\/uploads\/2020\/07\/Pletenine_Spenko_mapa_ikona_ostale_poslovalnice.png\">\n\t\t\t\t\t\tBled - Laden Bled\t\t\t\t\t<\/div>\n\t\t\t\t\t\t\t\t\t<div data-address=\"46.2722008,13.9528375\" data-image=\"https:\/\/www.pleteninespenko.si\/wp-content\/uploads\/2020\/07\/Pletenine_Spenko_mapa_ikona_ostale_poslovalnice.png\">\n\t\t\t\t\t\tBohinjska Bistrica - Laden Vema\t\t\t\t\t<\/div>\n\t\t\t\t\t\t\t\t\t<div data-address=\"45.9058415,15.5917142\" data-image=\"https:\/\/www.pleteninespenko.si\/wp-content\/uploads\/2020\/07\/Pletenine_Spenko_mapa_ikona_ostale_poslovalnice.png\">\n\t\t\t\t\t\tBre\u017eice - Top Textil\t\t\t\t\t<\/div>\n\t\t\t\t\t\t\t\t\t<div data-address=\"46.22981679999999,15.2654091\" data-image=\"https:\/\/www.pleteninespenko.si\/wp-content\/uploads\/2020\/07\/Pletenine_Spenko_mapa_ikona_ostale_poslovalnice.png\">\n\t\t\t\t\t\tCelje - Laden Lea\t\t\t\t\t<\/div>\n\t\t\t\t\t\t\t\t\t<div data-address=\"46.253319,14.4873141\" data-image=\"https:\/\/www.pleteninespenko.si\/wp-content\/uploads\/2020\/07\/Pletenine_Spenko_mapa_ikona_ostale_poslovalnice.png\">\n\t\t\t\t\t\tCerklje na Gorenjskem - Laden Julija\t\t\t\t\t<\/div>\n\t\t\t\t\t\t\t\t\t<div data-address=\"45.5699745,15.1921424\" data-image=\"https:\/\/www.pleteninespenko.si\/wp-content\/uploads\/2020\/07\/Pletenine_Spenko_mapa_ikona_ostale_poslovalnice.png\">\n\t\t\t\t\t\t\u010crnomelj - Laden Kva\u010dka\t\t\t\t\t<\/div>\n\t\t\t\t\t\t\t\t\t<div data-address=\"45.6042131,15.2763011\" data-image=\"https:\/\/www.pleteninespenko.si\/wp-content\/uploads\/2020\/07\/Pletenine_Spenko_mapa_ikona_ostale_poslovalnice.png\">\n\t\t\t\t\t\tGradac v Beli Krajini - Laden Irena\t\t\t\t\t<\/div>\n\t\t\t\t\t\t\t\t\t<div data-address=\"45.5665188,14.2423297\" data-image=\"https:\/\/www.pleteninespenko.si\/wp-content\/uploads\/2020\/07\/Pletenine_Spenko_mapa_ikona_ostale_poslovalnice.png\">\n\t\t\t\t\t\tIlirska Bistrica - Silver Mode\t\t\t\t\t<\/div>\n\t\t\t\t\t\t\t\t\t<div data-address=\"45.5391566,13.6573916\" data-image=\"https:\/\/www.pleteninespenko.si\/wp-content\/uploads\/2020\/07\/Pletenine_Spenko_mapa_ikona_ostale_poslovalnice.png\">\n\t\t\t\t\t\tIzola - Laden Lara\t\t\t\t\t<\/div>\n\t\t\t\t\t\t\t\t\t<div data-address=\"46.43937709999999,14.0435847\" data-image=\"https:\/\/www.pleteninespenko.si\/wp-content\/uploads\/2020\/07\/Pletenine_Spenko_mapa_ikona_ostale_poslovalnice.png\">\n\t\t\t\t\t\tJesenice - Ona On\t\t\t\t\t<\/div>\n\t\t\t\t\t\t\t\t\t<div data-address=\"46.2253723,14.6131797\" data-image=\"https:\/\/www.pleteninespenko.si\/wp-content\/uploads\/2020\/07\/Pletenine_Spenko_mapa_ikona.png\">\n\t\t\t\t\t\tKamnik - Laden Strickwaren \u0160penko\t\t\t\t\t<\/div>\n\t\t\t\t\t\t\t\t\t<div data-address=\"45.6374498,14.8600298\" data-image=\"https:\/\/www.pleteninespenko.si\/wp-content\/uploads\/2020\/07\/Pletenine_Spenko_mapa_ikona_ostale_poslovalnice.png\">\n\t\t\t\t\t\tKo\u010devje - Ona on\t\t\t\t\t<\/div>\n\t\t\t\t\t\t\t\t\t<div data-address=\"46.26930670000001,14.3505948\" data-image=\"https:\/\/www.pleteninespenko.si\/wp-content\/uploads\/2020\/07\/Pletenine_Spenko_mapa_ikona_ostale_poslovalnice.png\">\n\t\t\t\t\t\tKranj - Zora tekstil\t\t\t\t\t<\/div>\n\t\t\t\t\t\t\t\t\t<div data-address=\"46.240006,14.3560356\" data-image=\"https:\/\/www.pleteninespenko.si\/wp-content\/uploads\/2020\/07\/Pletenine_Spenko_mapa_ikona_ostale_poslovalnice.png\">\n\t\t\t\t\t\tKranj - Laden Maja\t\t\t\t\t<\/div>\n\t\t\t\t\t\t\t\t\t<div data-address=\"46.036137,14.4895265\" data-image=\"https:\/\/www.pleteninespenko.si\/wp-content\/uploads\/2020\/07\/Pletenine_Spenko_mapa_ikona.png\">\n\t\t\t\t\t\tLjubljana - TC Murgle - Laden Pletenine \u0160penko\t\t\t\t\t<\/div>\n\t\t\t\t\t\t\t\t\t<div data-address=\"46.0640071,14.5092494\" data-image=\"https:\/\/www.pleteninespenko.si\/wp-content\/uploads\/2020\/07\/Pletenine_Spenko_mapa_ikona_ostale_poslovalnice.png\">\n\t\t\t\t\t\tLjubljana - Plava Laguna - Ona On\t\t\t\t\t<\/div>\n\t\t\t\t\t\t\t\t\t<div data-address=\"46.0523928,14.5158349\" data-image=\"https:\/\/www.pleteninespenko.si\/wp-content\/uploads\/2020\/07\/Pletenine_Spenko_mapa_ikona_ostale_poslovalnice.png\">\n\t\t\t\t\t\tLjubljana - Outlet - Ona On\t\t\t\t\t<\/div>\n\t\t\t\t\t\t\t\t\t<div data-address=\"46.0681081,14.5420462\" data-image=\"https:\/\/www.pleteninespenko.si\/wp-content\/uploads\/2020\/07\/Pletenine_Spenko_mapa_ikona_ostale_poslovalnice.png\">\n\t\t\t\t\t\tLjubljana - BTC Hala A - Ona On\t\t\t\t\t<\/div>\n\t\t\t\t\t\t\t\t\t<div data-address=\"46.0483482,14.5014747\" data-image=\"https:\/\/www.pleteninespenko.si\/wp-content\/uploads\/2020\/07\/Pletenine_Spenko_mapa_ikona_ostale_poslovalnice.png\">\n\t\t\t\t\t\tLjubljana - Laden V club\t\t\t\t\t<\/div>\n\t\t\t\t\t\t\t\t\t<div data-address=\"46.05677559999999,14.5083706\" data-image=\"https:\/\/www.pleteninespenko.si\/wp-content\/uploads\/2020\/07\/Pletenine_Spenko_mapa_ikona_ostale_poslovalnice.png\">\n\t\t\t\t\t\tLjubljana - Laden Jelka\t\t\t\t\t<\/div>\n\t\t\t\t\t\t\t\t\t<div data-address=\"46.04763699999999,14.506302\" data-image=\"https:\/\/www.pleteninespenko.si\/wp-content\/uploads\/2020\/07\/Pletenine_Spenko_mapa_ikona_ostale_poslovalnice.png\">\n\t\t\t\t\t\tLjubljana - Laden Brokat\t\t\t\t\t<\/div>\n\t\t\t\t\t\t\t\t\t<div data-address=\"46.05719759999999,14.8305948\" data-image=\"https:\/\/www.pleteninespenko.si\/wp-content\/uploads\/2020\/07\/Pletenine_Spenko_mapa_ikona_ostale_poslovalnice.png\">\n\t\t\t\t\t\tLitija - Laden Slivna\t\t\t\t\t<\/div>\n\t\t\t\t\t\t\t\t\t<div data-address=\"46.5179998,16.1958976\" data-image=\"https:\/\/www.pleteninespenko.si\/wp-content\/uploads\/2020\/07\/Pletenine_Spenko_mapa_ikona_ostale_poslovalnice.png\">\n\t\t\t\t\t\tLjutomer - Simtis\t\t\t\t\t<\/div>\n\t\t\t\t\t\t\t\t\t<div data-address=\"46.5587501,15.6505413\" data-image=\"https:\/\/www.pleteninespenko.si\/wp-content\/uploads\/2020\/07\/Pletenine_Spenko_mapa_ikona_ostale_poslovalnice.png\">\n\t\t\t\t\t\tMaribor - City Center - Top Textil\t\t\t\t\t<\/div>\n\t\t\t\t\t\t\t\t\t<div data-address=\"46.5338894,15.6652223\" data-image=\"https:\/\/www.pleteninespenko.si\/wp-content\/uploads\/2020\/07\/Pletenine_Spenko_mapa_ikona_ostale_poslovalnice.png\">\n\t\t\t\t\t\tMaribor - Lolita\t\t\t\t\t<\/div>\n\t\t\t\t\t\t\t\t\t<div data-address=\"46.5606114,15.6536549\" data-image=\"https:\/\/www.pleteninespenko.si\/wp-content\/uploads\/2020\/07\/Pletenine_Spenko_mapa_ikona_ostale_poslovalnice.png\">\n\t\t\t\t\t\tMaribor - Laden Dekor\t\t\t\t\t<\/div>\n\t\t\t\t\t\t\t\t\t<div data-address=\"46.5584232,15.646585\" data-image=\"https:\/\/www.pleteninespenko.si\/wp-content\/uploads\/2020\/07\/Pletenine_Spenko_mapa_ikona_ostale_poslovalnice.png\">\n\t\t\t\t\t\tMaribor - Salon mode\t\t\t\t\t<\/div>\n\t\t\t\t\t\t\t\t\t<div data-address=\"46.66152899999999,16.1666354\" data-image=\"https:\/\/www.pleteninespenko.si\/wp-content\/uploads\/2020\/07\/Pletenine_Spenko_mapa_ikona_ostale_poslovalnice.png\">\n\t\t\t\t\t\tMurska Sobota - Laden Lan\t\t\t\t\t<\/div>\n\t\t\t\t\t\t\t\t\t<div data-address=\"45.827573,15.1837349\" data-image=\"https:\/\/www.pleteninespenko.si\/wp-content\/uploads\/2020\/07\/Pletenine_Spenko_mapa_ikona_ostale_poslovalnice.png\">\n\t\t\t\t\t\tNovo mesto - Ona On\t\t\t\t\t<\/div>\n\t\t\t\t\t\t\t\t\t<div data-address=\"45.80413069999999,15.1700667\" data-image=\"https:\/\/www.pleteninespenko.si\/wp-content\/uploads\/2020\/07\/Pletenine_Spenko_mapa_ikona_ostale_poslovalnice.png\">\n\t\t\t\t\t\tNovo mesto - Ona On\t\t\t\t\t<\/div>\n\t\t\t\t\t\t\t\t\t<div data-address=\"45.6448292,14.1919627\" data-image=\"https:\/\/www.pleteninespenko.si\/wp-content\/uploads\/2020\/07\/Pletenine_Spenko_mapa_ikona_ostale_poslovalnice.png\">\n\t\t\t\t\t\tPivka - Tekstil Suzi\t\t\t\t\t<\/div>\n\t\t\t\t\t\t\t\t\t<div data-address=\"45.77145,14.1967454\" data-image=\"https:\/\/www.pleteninespenko.si\/wp-content\/uploads\/2020\/07\/Pletenine_Spenko_mapa_ikona_ostale_poslovalnice.png\">\n\t\t\t\t\t\tPostojna - \u010cistilnica Gr\u017ee\t\t\t\t\t<\/div>\n\t\t\t\t\t\t\t\t\t<div data-address=\"46.5461848,14.913286\" data-image=\"https:\/\/www.pleteninespenko.si\/wp-content\/uploads\/2020\/07\/Pletenine_Spenko_mapa_ikona_ostale_poslovalnice.png\">\n\t\t\t\t\t\tPrevalje - Trgovina Lipi\t\t\t\t\t<\/div>\n\t\t\t\t\t\t\t\t\t<div data-address=\"46.4195666,15.8723871\" data-image=\"https:\/\/www.pleteninespenko.si\/wp-content\/uploads\/2020\/07\/Pletenine_Spenko_mapa_ikona_ostale_poslovalnice.png\">\n\t\t\t\t\t\tPtuj - Laden Sabina\t\t\t\t\t<\/div>\n\t\t\t\t\t\t\t\t\t<div data-address=\"46.4214705,15.8723341\" data-image=\"https:\/\/www.pleteninespenko.si\/wp-content\/uploads\/2020\/07\/Pletenine_Spenko_mapa_ikona_ostale_poslovalnice.png\">\n\t\t\t\t\t\tPtuj - Laden Zvezda\t\t\t\t\t<\/div>\n\t\t\t\t\t\t\t\t\t<div data-address=\"46.6426262,16.0465962\" data-image=\"https:\/\/www.pleteninespenko.si\/wp-content\/uploads\/2020\/07\/Pletenine_Spenko_mapa_ikona.png\">\n\t\t\t\t\t\tRadenci - Strickwaren \u0160penko\t\t\t\t\t<\/div>\n\t\t\t\t\t\t\t\t\t<div data-address=\"46.509733,15.0792767\" data-image=\"https:\/\/www.pleteninespenko.si\/wp-content\/uploads\/2020\/07\/Pletenine_Spenko_mapa_ikona_ostale_poslovalnice.png\">\n\t\t\t\t\t\tSlovenj Gradec - Laden Tajda\t\t\t\t\t<\/div>\n\t\t\t\t\t\t\t\t\t<div data-address=\"46.5082752,15.0775204\" data-image=\"https:\/\/www.pleteninespenko.si\/wp-content\/uploads\/2020\/07\/Pletenine_Spenko_mapa_ikona_ostale_poslovalnice.png\">\n\t\t\t\t\t\tSlovenj Gradec - Laden Veur\t\t\t\t\t<\/div>\n\t\t\t\t\t\t\t\t\t<div data-address=\"46.3631644,14.308744\" data-image=\"https:\/\/www.pleteninespenko.si\/wp-content\/uploads\/2020\/07\/Pletenine_Spenko_mapa_ikona_ostale_poslovalnice.png\">\n\t\t\t\t\t\tTr\u017ei\u010d - Lady &amp; Man\t\t\t\t\t<\/div>\n\t\t\t\t\t\t\t\t\t<div data-address=\"46.3650005,15.1081351\" data-image=\"https:\/\/www.pleteninespenko.si\/wp-content\/uploads\/2020\/07\/Pletenine_Spenko_mapa_ikona_ostale_poslovalnice.png\">\n\t\t\t\t\t\tVelenje - Ona On\t\t\t\t\t<\/div>\n\t\t\t\t\t\t\t\t\t<div data-address=\"45.9675012,14.2972172\" data-image=\"https:\/\/www.pleteninespenko.si\/wp-content\/uploads\/2020\/07\/Pletenine_Spenko_mapa_ikona_ostale_poslovalnice.png\">\n\t\t\t\t\t\tVrhnika - Tekstilni koti\u010dek\t\t\t\t\t<\/div>\n\t\t\t\t\t\t\t\t\t<div data-address=\"46.1343836,14.996186\" data-image=\"https:\/\/www.pleteninespenko.si\/wp-content\/uploads\/2020\/07\/Pletenine_Spenko_mapa_ikona_ostale_poslovalnice.png\">\n\t\t\t\t\t\tZagorje ob Savi - Laden Kum\t\t\t\t\t<\/div>\n\t\t\t\t\t\t\t\t\t<div data-address=\"46.2520728,15.1653223\" data-image=\"https:\/\/www.pleteninespenko.si\/wp-content\/uploads\/2020\/07\/Pletenine_Spenko_mapa_ikona_ostale_poslovalnice.png\">\n\t\t\t\t\t\t\u017dalec - Top Textil\t\t\t\t\t<\/div>\n\t\t\t\t\t\t\t\t\t<div data-address=\"46.2519219,15.1620271\" data-image=\"https:\/\/www.pleteninespenko.si\/wp-content\/uploads\/2020\/07\/Pletenine_Spenko_mapa_ikona_ostale_poslovalnice.png\">\n\t\t\t\t\t\t\u017dalec - Ona On\t\t\t\t\t<\/div>\n\t\t\t\t\t\t\t\t\t<div data-address=\"45.8131216,15.9750395\" data-image=\"https:\/\/www.pleteninespenko.si\/wp-content\/uploads\/2020\/07\/Pletenine_Spenko_mapa_ikona_ostale_poslovalnice.png\">\n\t\t\t\t\t\tHrva\u0161ka - Zagreb - Robna ku\u0107a Nama\t\t\t\t\t<\/div>\n\t\t\t\t\t\t\t\t\t<div data-address=\"45.814657,15.9978871\" data-image=\"https:\/\/www.pleteninespenko.si\/wp-content\/uploads\/2020\/07\/Pletenine_Spenko_mapa_ikona_ostale_poslovalnice.png\">\n\t\t\t\t\t\tHrva\u0161ka - Zagreb - Robna ku\u0107a Nama\t\t\t\t\t<\/div>\n\t\t\t\t\t\t\t\t\t<div data-address=\"45.9557645,14.658899\" data-image=\"https:\/\/www.pleteninespenko.si\/wp-content\/uploads\/2020\/07\/Pletenine_Spenko_mapa_ikona_ostale_poslovalnice.png\">\n\t\t\t\t\t\tGrosuplje - Kva\u010dka Grosuplje\t\t\t\t\t<\/div>\n\t\t\t\t\t\t\t<\/template>\n\t\t\t\t\n\t<\/div>\n<!-- \/module maps pro --><!-- module button pro -->\n<div  id=\"tb_8d8o306\" class=\"module module-button tb_8d8o306 button-link-external  tb_default_color\" data-lazy=\"1\">\n\t\n    <a  class=\"ui builder_button tb_default_color\" href=\"https:\/\/www.pleteninespenko.si\/de\/wo-sind-wir\/\" target=\"_blank\">\n\t\t<span><svg  class=\"tf_fa tf-ti-angle-right\" xmlns:xlink=\"http:\/\/www.w3.org\/1999\/xlink\" aria-hidden=\"true\"><use href=\"#tf-ti-angle-right\" xlink:href=\"#tf-ti-angle-right\"><\/use><\/svg><\/span> \t\t<span>Zu den Filialen<\/span>\n    <\/a>\n\n\t\n\t<\/div>\n<!-- \/module button pro -->\n        <\/div>\n                    <\/div>\n                <\/div>\n                        <\/div>\n        <\/div>\n        <\/div>\n<!--\/themify_builder_content-->","protected":false},"excerpt":{"rendered":"<p>Haben Sie unsere Aktion \u201e\u00dcbertreffen wir den Black Friday\u201c verpasst? Kein Problem \u2013 jetzt gibt es auch ohne Gutschein Rabatte! Ihre Strickwaren \u0160penko.  <\/p>\n","protected":false},"author":23,"featured_media":55504,"comment_status":"closed","ping_status":"open","sticky":false,"template":"","format":"standard","meta":{"inline_featured_image":false,"footnotes":""},"categories":[2539],"tags":[2589,2590,3334,3337,3338,3400,3401],"class_list":["post-55576","post","type-post","status-publish","format-standard","has-post-thumbnail","hentry","category-strickwaren-kleidung","tag-black-friday-3","tag-20-3","tag-pletenine-spenko-de","tag-neu-de","tag-neue-modelle-de","tag-neue-kollektion","tag-herbst-winter-kollektion-de","has-post-title","has-post-date","has-post-category","has-post-tag","has-post-comment","has-post-author",""],"yoast_head":"<!-- This site is optimized with the Yoast SEO plugin v27.5 - https:\/\/yoast.com\/product\/yoast-seo-wordpress\/ -->\n<title>Pletenine \u0160penko | Dies ist der Black Friday, den Sie verdient haben! Eilen Sie! \u2728<\/title>\n<meta name=\"description\" content=\"Haben Sie unsere Aktion \u201e\u00dcbertreffen wir den Black Friday\u201c verpasst? Kein Problem \u2013 jetzt gibt es auch ohne Gutschein Rabatte! Ihre Strickwaren \u0160penko.\" \/>\n<meta name=\"robots\" content=\"index, follow, max-snippet:-1, max-image-preview:large, max-video-preview:-1\" \/>\n<link rel=\"canonical\" href=\"https:\/\/www.pleteninespenko.si\/de\/dies-ist-der-black-friday-den-sie-verdient-haben-eilen-sie%e2%9c%a8\/\" \/>\n<meta property=\"og:locale\" content=\"de_DE\" \/>\n<meta property=\"og:type\" content=\"article\" \/>\n<meta property=\"og:title\" content=\"Pletenine \u0160penko | Dies ist der Black Friday, den Sie verdient haben! Eilen Sie! \u2728\" \/>\n<meta property=\"og:description\" content=\"Haben Sie unsere Aktion \u201e\u00dcbertreffen wir den Black Friday\u201c verpasst? Kein Problem \u2013 jetzt gibt es auch ohne Gutschein Rabatte! Ihre Strickwaren \u0160penko.\" \/>\n<meta property=\"og:url\" content=\"https:\/\/www.pleteninespenko.si\/de\/dies-ist-der-black-friday-den-sie-verdient-haben-eilen-sie%e2%9c%a8\/\" \/>\n<meta property=\"og:site_name\" content=\"Pletenine \u0160penko\" \/>\n<meta property=\"article:publisher\" content=\"https:\/\/www.facebook.com\/PletenineSpenko\/\" \/>\n<meta property=\"article:published_time\" content=\"2025-11-27T17:51:59+00:00\" \/>\n<meta property=\"article:modified_time\" content=\"2025-11-27T17:54:50+00:00\" \/>\n<meta property=\"og:image\" content=\"https:\/\/www.pleteninespenko.si\/wp-content\/uploads\/2025\/11\/Pletenine-Spenko-black-friday-2025-1400x935px-de.jpg\" \/>\n\t<meta property=\"og:image:width\" content=\"1400\" \/>\n\t<meta property=\"og:image:height\" content=\"935\" \/>\n\t<meta property=\"og:image:type\" content=\"image\/jpeg\" \/>\n<meta name=\"author\" content=\"Pletenine \u0160penko\" \/>\n<meta name=\"twitter:card\" content=\"summary_large_image\" \/>\n<meta name=\"twitter:label1\" content=\"Verfasst von\" \/>\n\t<meta name=\"twitter:data1\" content=\"Pletenine \u0160penko\" \/>\n\t<meta name=\"twitter:label2\" content=\"Gesch\u00e4tzte Lesezeit\" \/>\n\t<meta name=\"twitter:data2\" content=\"4\u00a0Minuten\" \/>\n<script type=\"application\/ld+json\" class=\"yoast-schema-graph\">{\"@context\":\"https:\\\/\\\/schema.org\",\"@graph\":[{\"@type\":\"Article\",\"@id\":\"https:\\\/\\\/www.pleteninespenko.si\\\/de\\\/dies-ist-der-black-friday-den-sie-verdient-haben-eilen-sie%e2%9c%a8\\\/#article\",\"isPartOf\":{\"@id\":\"https:\\\/\\\/www.pleteninespenko.si\\\/de\\\/dies-ist-der-black-friday-den-sie-verdient-haben-eilen-sie%e2%9c%a8\\\/\"},\"author\":{\"name\":\"Pletenine \u0160penko\",\"@id\":\"https:\\\/\\\/www.pleteninespenko.si\\\/de\\\/#\\\/schema\\\/person\\\/42057a36ac52999c23bf81fc85a7f23b\"},\"headline\":\"Dies ist der Black Friday, den Sie verdient haben! Eilen Sie! \u2728\",\"datePublished\":\"2025-11-27T17:51:59+00:00\",\"dateModified\":\"2025-11-27T17:54:50+00:00\",\"mainEntityOfPage\":{\"@id\":\"https:\\\/\\\/www.pleteninespenko.si\\\/de\\\/dies-ist-der-black-friday-den-sie-verdient-haben-eilen-sie%e2%9c%a8\\\/\"},\"wordCount\":512,\"publisher\":{\"@id\":\"https:\\\/\\\/www.pleteninespenko.si\\\/de\\\/#organization\"},\"image\":{\"@id\":\"https:\\\/\\\/www.pleteninespenko.si\\\/de\\\/dies-ist-der-black-friday-den-sie-verdient-haben-eilen-sie%e2%9c%a8\\\/#primaryimage\"},\"thumbnailUrl\":\"https:\\\/\\\/www.pleteninespenko.si\\\/wp-content\\\/uploads\\\/2025\\\/11\\\/Pletenine-Spenko-black-friday-2025-1400x935px-de.jpg\",\"keywords\":[\"black friday\",\"-20%\",\"pletenine \u0161penko\",\"neu\",\"neue Modelle\",\"neue Kollektion\",\"Herbst-Winter-Kollektion\"],\"articleSection\":[\"Strickwaren\\\/Kleidung\"],\"inLanguage\":\"de\"},{\"@type\":\"WebPage\",\"@id\":\"https:\\\/\\\/www.pleteninespenko.si\\\/de\\\/dies-ist-der-black-friday-den-sie-verdient-haben-eilen-sie%e2%9c%a8\\\/\",\"url\":\"https:\\\/\\\/www.pleteninespenko.si\\\/de\\\/dies-ist-der-black-friday-den-sie-verdient-haben-eilen-sie%e2%9c%a8\\\/\",\"name\":\"Pletenine \u0160penko | Dies ist der Black Friday, den Sie verdient haben! Eilen Sie! \u2728\",\"isPartOf\":{\"@id\":\"https:\\\/\\\/www.pleteninespenko.si\\\/de\\\/#website\"},\"primaryImageOfPage\":{\"@id\":\"https:\\\/\\\/www.pleteninespenko.si\\\/de\\\/dies-ist-der-black-friday-den-sie-verdient-haben-eilen-sie%e2%9c%a8\\\/#primaryimage\"},\"image\":{\"@id\":\"https:\\\/\\\/www.pleteninespenko.si\\\/de\\\/dies-ist-der-black-friday-den-sie-verdient-haben-eilen-sie%e2%9c%a8\\\/#primaryimage\"},\"thumbnailUrl\":\"https:\\\/\\\/www.pleteninespenko.si\\\/wp-content\\\/uploads\\\/2025\\\/11\\\/Pletenine-Spenko-black-friday-2025-1400x935px-de.jpg\",\"datePublished\":\"2025-11-27T17:51:59+00:00\",\"dateModified\":\"2025-11-27T17:54:50+00:00\",\"description\":\"Haben Sie unsere Aktion \u201e\u00dcbertreffen wir den Black Friday\u201c verpasst? Kein Problem \u2013 jetzt gibt es auch ohne Gutschein Rabatte! Ihre Strickwaren \u0160penko.\",\"breadcrumb\":{\"@id\":\"https:\\\/\\\/www.pleteninespenko.si\\\/de\\\/dies-ist-der-black-friday-den-sie-verdient-haben-eilen-sie%e2%9c%a8\\\/#breadcrumb\"},\"inLanguage\":\"de\",\"potentialAction\":[{\"@type\":\"ReadAction\",\"target\":[\"https:\\\/\\\/www.pleteninespenko.si\\\/de\\\/dies-ist-der-black-friday-den-sie-verdient-haben-eilen-sie%e2%9c%a8\\\/\"]}]},{\"@type\":\"ImageObject\",\"inLanguage\":\"de\",\"@id\":\"https:\\\/\\\/www.pleteninespenko.si\\\/de\\\/dies-ist-der-black-friday-den-sie-verdient-haben-eilen-sie%e2%9c%a8\\\/#primaryimage\",\"url\":\"https:\\\/\\\/www.pleteninespenko.si\\\/wp-content\\\/uploads\\\/2025\\\/11\\\/Pletenine-Spenko-black-friday-2025-1400x935px-de.jpg\",\"contentUrl\":\"https:\\\/\\\/www.pleteninespenko.si\\\/wp-content\\\/uploads\\\/2025\\\/11\\\/Pletenine-Spenko-black-friday-2025-1400x935px-de.jpg\",\"width\":1400,\"height\":935,\"caption\":\"Haben Sie unsere Aktion \u201e\u00dcbertreffen wir den Black Friday\u201c verpasst? Kein Problem \u2013 jetzt gibt es auch ohne Gutschein Rabatte! Vom 27. November bis 3. Dezember (oder solange der Vorrat reicht) bieten wir Ihnen 20 % Rabatt auf alle nicht reduzierten Strickwaren!\"},{\"@type\":\"BreadcrumbList\",\"@id\":\"https:\\\/\\\/www.pleteninespenko.si\\\/de\\\/dies-ist-der-black-friday-den-sie-verdient-haben-eilen-sie%e2%9c%a8\\\/#breadcrumb\",\"itemListElement\":[{\"@type\":\"ListItem\",\"position\":1,\"name\":\"Home\",\"item\":\"https:\\\/\\\/www.pleteninespenko.si\\\/de\\\/\"},{\"@type\":\"ListItem\",\"position\":2,\"name\":\"Dies ist der Black Friday, den Sie verdient haben! Eilen Sie! \u2728\"}]},{\"@type\":\"WebSite\",\"@id\":\"https:\\\/\\\/www.pleteninespenko.si\\\/de\\\/#website\",\"url\":\"https:\\\/\\\/www.pleteninespenko.si\\\/de\\\/\",\"name\":\"Pletenine \u0160penko\",\"description\":\"Damen- und Herrenstrickwaren nach der neuesten Mode\",\"publisher\":{\"@id\":\"https:\\\/\\\/www.pleteninespenko.si\\\/de\\\/#organization\"},\"potentialAction\":[{\"@type\":\"SearchAction\",\"target\":{\"@type\":\"EntryPoint\",\"urlTemplate\":\"https:\\\/\\\/www.pleteninespenko.si\\\/de\\\/?s={search_term_string}\"},\"query-input\":{\"@type\":\"PropertyValueSpecification\",\"valueRequired\":true,\"valueName\":\"search_term_string\"}}],\"inLanguage\":\"de\"},{\"@type\":\"Organization\",\"@id\":\"https:\\\/\\\/www.pleteninespenko.si\\\/de\\\/#organization\",\"name\":\"Pletenine \u0160penko\",\"url\":\"https:\\\/\\\/www.pleteninespenko.si\\\/de\\\/\",\"logo\":{\"@type\":\"ImageObject\",\"inLanguage\":\"de\",\"@id\":\"https:\\\/\\\/www.pleteninespenko.si\\\/de\\\/#\\\/schema\\\/logo\\\/image\\\/\",\"url\":\"https:\\\/\\\/www.pleteninespenko.si\\\/wp-content\\\/uploads\\\/2020\\\/06\\\/Pletenine_Spenko.png\",\"contentUrl\":\"https:\\\/\\\/www.pleteninespenko.si\\\/wp-content\\\/uploads\\\/2020\\\/06\\\/Pletenine_Spenko.png\",\"width\":717,\"height\":140,\"caption\":\"Pletenine \u0160penko\"},\"image\":{\"@id\":\"https:\\\/\\\/www.pleteninespenko.si\\\/de\\\/#\\\/schema\\\/logo\\\/image\\\/\"},\"sameAs\":[\"https:\\\/\\\/www.facebook.com\\\/PletenineSpenko\\\/\",\"https:\\\/\\\/www.instagram.com\\\/pleteninespenko\\\/\"]},{\"@type\":\"Person\",\"@id\":\"https:\\\/\\\/www.pleteninespenko.si\\\/de\\\/#\\\/schema\\\/person\\\/42057a36ac52999c23bf81fc85a7f23b\",\"name\":\"Pletenine \u0160penko\",\"image\":{\"@type\":\"ImageObject\",\"inLanguage\":\"de\",\"@id\":\"https:\\\/\\\/www.pleteninespenko.si\\\/wp-content\\\/litespeed\\\/avatar\\\/4059debda33b2bcf06945cee9649f404.jpg?ver=1777055459\",\"url\":\"https:\\\/\\\/www.pleteninespenko.si\\\/wp-content\\\/litespeed\\\/avatar\\\/4059debda33b2bcf06945cee9649f404.jpg?ver=1777055459\",\"contentUrl\":\"https:\\\/\\\/www.pleteninespenko.si\\\/wp-content\\\/litespeed\\\/avatar\\\/4059debda33b2bcf06945cee9649f404.jpg?ver=1777055459\",\"caption\":\"Pletenine \u0160penko\"}}]}<\/script>\n<!-- \/ Yoast SEO plugin. -->","yoast_head_json":{"title":"Pletenine \u0160penko | Dies ist der Black Friday, den Sie verdient haben! Eilen Sie! \u2728","description":"Haben Sie unsere Aktion \u201e\u00dcbertreffen wir den Black Friday\u201c verpasst? Kein Problem \u2013 jetzt gibt es auch ohne Gutschein Rabatte! Ihre Strickwaren \u0160penko.","robots":{"index":"index","follow":"follow","max-snippet":"max-snippet:-1","max-image-preview":"max-image-preview:large","max-video-preview":"max-video-preview:-1"},"canonical":"https:\/\/www.pleteninespenko.si\/de\/dies-ist-der-black-friday-den-sie-verdient-haben-eilen-sie%e2%9c%a8\/","og_locale":"de_DE","og_type":"article","og_title":"Pletenine \u0160penko | Dies ist der Black Friday, den Sie verdient haben! Eilen Sie! \u2728","og_description":"Haben Sie unsere Aktion \u201e\u00dcbertreffen wir den Black Friday\u201c verpasst? Kein Problem \u2013 jetzt gibt es auch ohne Gutschein Rabatte! Ihre Strickwaren \u0160penko.","og_url":"https:\/\/www.pleteninespenko.si\/de\/dies-ist-der-black-friday-den-sie-verdient-haben-eilen-sie%e2%9c%a8\/","og_site_name":"Pletenine \u0160penko","article_publisher":"https:\/\/www.facebook.com\/PletenineSpenko\/","article_published_time":"2025-11-27T17:51:59+00:00","article_modified_time":"2025-11-27T17:54:50+00:00","og_image":[{"width":1400,"height":935,"url":"https:\/\/www.pleteninespenko.si\/wp-content\/uploads\/2025\/11\/Pletenine-Spenko-black-friday-2025-1400x935px-de.jpg","type":"image\/jpeg"}],"author":"Pletenine \u0160penko","twitter_card":"summary_large_image","twitter_misc":{"Verfasst von":"Pletenine \u0160penko","Gesch\u00e4tzte Lesezeit":"4\u00a0Minuten"},"schema":{"@context":"https:\/\/schema.org","@graph":[{"@type":"Article","@id":"https:\/\/www.pleteninespenko.si\/de\/dies-ist-der-black-friday-den-sie-verdient-haben-eilen-sie%e2%9c%a8\/#article","isPartOf":{"@id":"https:\/\/www.pleteninespenko.si\/de\/dies-ist-der-black-friday-den-sie-verdient-haben-eilen-sie%e2%9c%a8\/"},"author":{"name":"Pletenine \u0160penko","@id":"https:\/\/www.pleteninespenko.si\/de\/#\/schema\/person\/42057a36ac52999c23bf81fc85a7f23b"},"headline":"Dies ist der Black Friday, den Sie verdient haben! Eilen Sie! \u2728","datePublished":"2025-11-27T17:51:59+00:00","dateModified":"2025-11-27T17:54:50+00:00","mainEntityOfPage":{"@id":"https:\/\/www.pleteninespenko.si\/de\/dies-ist-der-black-friday-den-sie-verdient-haben-eilen-sie%e2%9c%a8\/"},"wordCount":512,"publisher":{"@id":"https:\/\/www.pleteninespenko.si\/de\/#organization"},"image":{"@id":"https:\/\/www.pleteninespenko.si\/de\/dies-ist-der-black-friday-den-sie-verdient-haben-eilen-sie%e2%9c%a8\/#primaryimage"},"thumbnailUrl":"https:\/\/www.pleteninespenko.si\/wp-content\/uploads\/2025\/11\/Pletenine-Spenko-black-friday-2025-1400x935px-de.jpg","keywords":["black friday","-20%","pletenine \u0161penko","neu","neue Modelle","neue Kollektion","Herbst-Winter-Kollektion"],"articleSection":["Strickwaren\/Kleidung"],"inLanguage":"de"},{"@type":"WebPage","@id":"https:\/\/www.pleteninespenko.si\/de\/dies-ist-der-black-friday-den-sie-verdient-haben-eilen-sie%e2%9c%a8\/","url":"https:\/\/www.pleteninespenko.si\/de\/dies-ist-der-black-friday-den-sie-verdient-haben-eilen-sie%e2%9c%a8\/","name":"Pletenine \u0160penko | Dies ist der Black Friday, den Sie verdient haben! Eilen Sie! \u2728","isPartOf":{"@id":"https:\/\/www.pleteninespenko.si\/de\/#website"},"primaryImageOfPage":{"@id":"https:\/\/www.pleteninespenko.si\/de\/dies-ist-der-black-friday-den-sie-verdient-haben-eilen-sie%e2%9c%a8\/#primaryimage"},"image":{"@id":"https:\/\/www.pleteninespenko.si\/de\/dies-ist-der-black-friday-den-sie-verdient-haben-eilen-sie%e2%9c%a8\/#primaryimage"},"thumbnailUrl":"https:\/\/www.pleteninespenko.si\/wp-content\/uploads\/2025\/11\/Pletenine-Spenko-black-friday-2025-1400x935px-de.jpg","datePublished":"2025-11-27T17:51:59+00:00","dateModified":"2025-11-27T17:54:50+00:00","description":"Haben Sie unsere Aktion \u201e\u00dcbertreffen wir den Black Friday\u201c verpasst? Kein Problem \u2013 jetzt gibt es auch ohne Gutschein Rabatte! Ihre Strickwaren \u0160penko.","breadcrumb":{"@id":"https:\/\/www.pleteninespenko.si\/de\/dies-ist-der-black-friday-den-sie-verdient-haben-eilen-sie%e2%9c%a8\/#breadcrumb"},"inLanguage":"de","potentialAction":[{"@type":"ReadAction","target":["https:\/\/www.pleteninespenko.si\/de\/dies-ist-der-black-friday-den-sie-verdient-haben-eilen-sie%e2%9c%a8\/"]}]},{"@type":"ImageObject","inLanguage":"de","@id":"https:\/\/www.pleteninespenko.si\/de\/dies-ist-der-black-friday-den-sie-verdient-haben-eilen-sie%e2%9c%a8\/#primaryimage","url":"https:\/\/www.pleteninespenko.si\/wp-content\/uploads\/2025\/11\/Pletenine-Spenko-black-friday-2025-1400x935px-de.jpg","contentUrl":"https:\/\/www.pleteninespenko.si\/wp-content\/uploads\/2025\/11\/Pletenine-Spenko-black-friday-2025-1400x935px-de.jpg","width":1400,"height":935,"caption":"Haben Sie unsere Aktion \u201e\u00dcbertreffen wir den Black Friday\u201c verpasst? Kein Problem \u2013 jetzt gibt es auch ohne Gutschein Rabatte! Vom 27. November bis 3. Dezember (oder solange der Vorrat reicht) bieten wir Ihnen 20 % Rabatt auf alle nicht reduzierten Strickwaren!"},{"@type":"BreadcrumbList","@id":"https:\/\/www.pleteninespenko.si\/de\/dies-ist-der-black-friday-den-sie-verdient-haben-eilen-sie%e2%9c%a8\/#breadcrumb","itemListElement":[{"@type":"ListItem","position":1,"name":"Home","item":"https:\/\/www.pleteninespenko.si\/de\/"},{"@type":"ListItem","position":2,"name":"Dies ist der Black Friday, den Sie verdient haben! Eilen Sie! \u2728"}]},{"@type":"WebSite","@id":"https:\/\/www.pleteninespenko.si\/de\/#website","url":"https:\/\/www.pleteninespenko.si\/de\/","name":"Pletenine \u0160penko","description":"Damen- und Herrenstrickwaren nach der neuesten Mode","publisher":{"@id":"https:\/\/www.pleteninespenko.si\/de\/#organization"},"potentialAction":[{"@type":"SearchAction","target":{"@type":"EntryPoint","urlTemplate":"https:\/\/www.pleteninespenko.si\/de\/?s={search_term_string}"},"query-input":{"@type":"PropertyValueSpecification","valueRequired":true,"valueName":"search_term_string"}}],"inLanguage":"de"},{"@type":"Organization","@id":"https:\/\/www.pleteninespenko.si\/de\/#organization","name":"Pletenine \u0160penko","url":"https:\/\/www.pleteninespenko.si\/de\/","logo":{"@type":"ImageObject","inLanguage":"de","@id":"https:\/\/www.pleteninespenko.si\/de\/#\/schema\/logo\/image\/","url":"https:\/\/www.pleteninespenko.si\/wp-content\/uploads\/2020\/06\/Pletenine_Spenko.png","contentUrl":"https:\/\/www.pleteninespenko.si\/wp-content\/uploads\/2020\/06\/Pletenine_Spenko.png","width":717,"height":140,"caption":"Pletenine \u0160penko"},"image":{"@id":"https:\/\/www.pleteninespenko.si\/de\/#\/schema\/logo\/image\/"},"sameAs":["https:\/\/www.facebook.com\/PletenineSpenko\/","https:\/\/www.instagram.com\/pleteninespenko\/"]},{"@type":"Person","@id":"https:\/\/www.pleteninespenko.si\/de\/#\/schema\/person\/42057a36ac52999c23bf81fc85a7f23b","name":"Pletenine \u0160penko","image":{"@type":"ImageObject","inLanguage":"de","@id":"https:\/\/www.pleteninespenko.si\/wp-content\/litespeed\/avatar\/4059debda33b2bcf06945cee9649f404.jpg?ver=1777055459","url":"https:\/\/www.pleteninespenko.si\/wp-content\/litespeed\/avatar\/4059debda33b2bcf06945cee9649f404.jpg?ver=1777055459","contentUrl":"https:\/\/www.pleteninespenko.si\/wp-content\/litespeed\/avatar\/4059debda33b2bcf06945cee9649f404.jpg?ver=1777055459","caption":"Pletenine \u0160penko"}}]}},"_links":{"self":[{"href":"https:\/\/www.pleteninespenko.si\/de\/wp-json\/wp\/v2\/posts\/55576","targetHints":{"allow":["GET"]}}],"collection":[{"href":"https:\/\/www.pleteninespenko.si\/de\/wp-json\/wp\/v2\/posts"}],"about":[{"href":"https:\/\/www.pleteninespenko.si\/de\/wp-json\/wp\/v2\/types\/post"}],"author":[{"embeddable":true,"href":"https:\/\/www.pleteninespenko.si\/de\/wp-json\/wp\/v2\/users\/23"}],"replies":[{"embeddable":true,"href":"https:\/\/www.pleteninespenko.si\/de\/wp-json\/wp\/v2\/comments?post=55576"}],"version-history":[{"count":0,"href":"https:\/\/www.pleteninespenko.si\/de\/wp-json\/wp\/v2\/posts\/55576\/revisions"}],"wp:featuredmedia":[{"embeddable":true,"href":"https:\/\/www.pleteninespenko.si\/de\/wp-json\/wp\/v2\/media\/55504"}],"wp:attachment":[{"href":"https:\/\/www.pleteninespenko.si\/de\/wp-json\/wp\/v2\/media?parent=55576"}],"wp:term":[{"taxonomy":"category","embeddable":true,"href":"https:\/\/www.pleteninespenko.si\/de\/wp-json\/wp\/v2\/categories?post=55576"},{"taxonomy":"post_tag","embeddable":true,"href":"https:\/\/www.pleteninespenko.si\/de\/wp-json\/wp\/v2\/tags?post=55576"}],"curies":[{"name":"wp","href":"https:\/\/api.w.org\/{rel}","templated":true}]}}