{"id":56509,"date":"2026-02-21T21:11:30","date_gmt":"2026-02-21T20:11:30","guid":{"rendered":"https:\/\/www.pleteninespenko.si\/wer-winter-neigt-sich-dem-ende-zu-und-mit-ihm-auch-unser-groser-winterschlussverkauf-%e2%9d%84%ef%b8%8f\/"},"modified":"2026-03-14T15:31:14","modified_gmt":"2026-03-14T14:31:14","slug":"wer-winter-neigt-sich-dem-ende-zu-und-mit-ihm-auch-unser-groser-winterschlussverkauf-%e2%9d%84%ef%b8%8f","status":"publish","type":"post","link":"https:\/\/www.pleteninespenko.si\/de\/wer-winter-neigt-sich-dem-ende-zu-und-mit-ihm-auch-unser-groser-winterschlussverkauf-%e2%9d%84%ef%b8%8f\/","title":{"rendered":"Der Winter neigt sich dem Ende zu \u2013 und mit ihm auch unser gro\u00dfer Winterschlussverkauf \u2744\ufe0f"},"content":{"rendered":"<!--themify_builder_content-->\n<div id=\"themify_builder_content-56509\" data-postid=\"56509\" class=\"themify_builder_content themify_builder_content-56509 themify_builder tf_clear\">\n                    <div  data-lazy=\"1\" class=\"module_row themify_builder_row tb_nqw9295 tb_first tf_w\">\n                        <div class=\"row_inner col_align_top tb_col_count_1 tf_box tf_rel\">\n                        <div  data-lazy=\"1\" class=\"module_column tb-column col-full tb_p9n8297 first\">\n                    <!-- module text -->\n<div  class=\"module module-text tb_rywz298   \" data-lazy=\"1\">\n        <div  class=\"tb_text_wrap\">\n        <p>Die kalten Tage sind bald nur noch Erinnerung, und mit ihnen endet auch unser <strong>gro\u00dfer Winterschlussverkauf<\/strong>.<br>Jetzt sind die letzten Tage, um sich hochwertige Strickwaren zu besonderen Preisen zu sichern.<\/p>\n<p><strong>\u2728<\/strong><strong> Nutzen Sie unsere Vorteile:<\/strong><\/p>\n<p><strong>\u201320%<\/strong> auf alle neuen <strong><a href=\"https:\/\/www.pleteninespenko.si\/de\/produktkategorie\/damenstrickwaren\/\" target=\"_blank\" rel=\"noopener\">Damen-Strickwaren<\/a><\/strong><br><strong>\u201310%<\/strong> auf <strong><a href=\"https:\/\/www.pleteninespenko.si\/de\/produktkategorie\/herrenstrickwaren\/\" target=\"_blank\" rel=\"noopener\">Herren-Strickwaren<\/a><\/strong><br><strong>\u201310%<\/strong> auf alle <strong><a href=\"https:\/\/www.pleteninespenko.si\/de\/produktkategorie\/strickwaren-als-modeaccessoires\/\" target=\"_blank\" rel=\"noopener\">modischen Strick-Accessoires<\/a><\/strong><\/p>\n<p>In der <strong><a href=\"https:\/\/www.pleteninespenko.si\/de\/produktkategorie\/ermasigte-outlet-strickwaren\/\" target=\"_blank\" rel=\"noopener\">Outlet-Kollektion<\/a><\/strong> erwarten Sie Rabatte von <strong>bis zu \u201340 %<\/strong>.<\/p>\n<p>Die Aktion gilt <strong>bis zum 28. 2. 2026 <\/strong>\u2013 im Onlineshop und in all unseren Filialen.<\/p>\n<p>Verpassen Sie nicht die Winterangebote \u2013 die St\u00fcckzahlen sind begrenzt, W\u00e4rme ist zeitlos.<\/p>\n<p><strong>Denn Wolle w\u00e4rmt \u2013 jetzt besonders g\u00fcnstig! Ihre Pletenine \u0160penko <\/strong><\/p>\n<h3 class=\"gmail_default\" style=\"text-align: left;\">\u0160penko Strickwaren. Strickmode, die Herz, Seele und K\u00f6rper w\u00e4rmt.<\/h3>    <\/div>\n<\/div>\n<!-- \/module text -->        <div  data-lazy=\"1\" class=\"module_subrow themify_builder_sub_row tf_w col_align_top tb_col_count_4 tb_pqam298\">\n                <div  data-lazy=\"1\" class=\"module_column sub_column col4-1 tb_wke9300 first\">\n                    <!-- module feature -->\n<div  class=\"module module-feature tb_yidt301 with-chart layout-icon-top size-small \" data-layout-mobile=\"icon-left\" data-layout-desktop=\"icon-top\" data-lazy=\"1\">\n        <div class=\"module-feature-image tf_textc tf_rel\">\n                            <a href=\"https:\/\/www.pleteninespenko.si\/de\/produktkategorie\/herrenstrickwaren\/\">\n                        <span class=\"module-feature-chart-html5 tf_box tf_rel tf_inline_b\">\n                                    <svg class=\"tf_abs tf_w tf_h\">\n                    <circle class=\"tb_feature_fill\" r=\"calc(50% - 1.50px)\" cx=\"50%\" cy=\"50%\" stroke-width=\"3\"\/>\n                    <circle class=\"tb_feature_stroke\" r=\"calc(50% - 1.50px)\" cx=\"50%\" cy=\"50%\" stroke=\"#9655a2\" stroke-width=\"3\" data-progress=\"100\" stroke-dasharray=\"0,10000\"\/>\n                                        <\/svg>\n                                <span class=\"chart-html5-circle tf_w tf_h\">\n                    <img decoding=\"async\" src=\"https:\/\/www.pleteninespenko.si\/wp-content\/uploads\/2025\/11\/Pletenine-Spenko-moske-pletenine-jopica-ozbej-modra-928x1024-100x100.jpg\" width=\"100\" height=\"100\" class=\"wp-post-image wp-image-55058\" title=\"Pletenine-Spenko-herrenstrickwaren-strickjacke-ozbej-modra\" style=\"width:calc(100% - 6px);height:calc(100% - 6px)\" alt=\"Sportliche Strickjacke aus reliefartigem Strick, die Komfort und Funktionalit\u00e4t vereint. Sie ist mit einer Kapuze, Taschen und verst\u00e4rkten \u00c4rmeln ausgestattet, was ihr ein modernes und praktisches Aussehen verleiht.\" srcset=\"https:\/\/www.pleteninespenko.si\/wp-content\/uploads\/2025\/11\/Pletenine-Spenko-moske-pletenine-jopica-ozbej-modra-928x1024-100x100.jpg 100w, https:\/\/www.pleteninespenko.si\/wp-content\/uploads\/2025\/11\/Pletenine-Spenko-moske-pletenine-jopica-ozbej-modra-150x150.jpg 150w, https:\/\/www.pleteninespenko.si\/wp-content\/uploads\/2025\/11\/Pletenine-Spenko-moske-pletenine-jopica-ozbej-modra-300x300.jpg 300w, https:\/\/www.pleteninespenko.si\/wp-content\/uploads\/2025\/11\/Pletenine-Spenko-moske-pletenine-jopica-ozbej-modra-928x1024-47x48.jpg 47w\" sizes=\"(max-width: 100px) 100vw, 100px\" \/>                                    <\/span>\n\n                \n            <\/span>\n                        <\/a>\n            <\/div>\n    <div class=\"module-feature-content tf_textc\">\n                    <h3 class=\"module-feature-title\">\n                            <a href=\"https:\/\/www.pleteninespenko.si\/de\/produktkategorie\/herrenstrickwaren\/\">M\u00e4nnermode<\/a>\n                        <\/h3>\n                    <div class=\"tb_text_wrap\">\n                    <\/div>\n    <\/div>\n<\/div>\n<!-- \/module feature -->\n        <\/div>\n                    <div  data-lazy=\"1\" class=\"module_column sub_column col4-1 tb_97ij301\">\n                    <!-- module feature -->\n<div  class=\"module module-feature tb_3nrd302 with-chart layout-icon-top size-small \" data-layout-mobile=\"icon-left\" data-layout-desktop=\"icon-top\" data-lazy=\"1\">\n        <div class=\"module-feature-image tf_textc tf_rel\">\n                            <a href=\"https:\/\/www.pleteninespenko.si\/de\/produktkategorie\/damenstrickwaren\/\">\n                        <span class=\"module-feature-chart-html5 tf_box tf_rel tf_inline_b\">\n                                    <svg class=\"tf_abs tf_w tf_h\">\n                    <circle class=\"tb_feature_fill\" r=\"calc(50% - 1.50px)\" cx=\"50%\" cy=\"50%\" stroke-width=\"3\"\/>\n                    <circle class=\"tb_feature_stroke\" r=\"calc(50% - 1.50px)\" cx=\"50%\" cy=\"50%\" stroke=\"#9655a2\" stroke-width=\"3\" data-progress=\"100\" stroke-dasharray=\"0,10000\"\/>\n                                        <\/svg>\n                                <span class=\"chart-html5-circle tf_w tf_h\">\n                    <img decoding=\"async\" src=\"https:\/\/www.pleteninespenko.si\/wp-content\/uploads\/2025\/10\/Pletenine-Spenko-zenske-pletenine-pulover-teresa-crn-928x1024-100x100.jpg\" width=\"100\" height=\"100\" class=\"wp-post-image wp-image-54909\" title=\"Pletenine-Spenko-damenstrickwaren-pullover-teresa-teresa-crn\" style=\"width:calc(100% - 6px);height:calc(100% - 6px)\" alt=\"Der Teresa-Pullover ist ein elegantes und festliches Kleidungsst\u00fcck, das f\u00fcr besondere Anl\u00e4sse entworfen wurde. Sein asymmetrischer Schnitt mit einer dezent fallenden Linie verleiht ihm Dynamik und einen unverwechselbaren Look, w\u00e4hrend das gerippte, plissierte Strickmuster die Struktur und Textur des Stoffes betont. Die eingewebten, gl\u00e4nzenden F\u00e4den fangen das Licht sanft ein und erzeugen einen subtilen Schimmer, der einen festlichen und modernen Eindruck hinterl\u00e4sst. Die langen \u00c4rmel und das weiche Material sorgen f\u00fcr hohen Tragekomfort und unterstreichen gleichzeitig die Eleganz. Der Teresa-Pullover ist die perfekte Wahl f\u00fcr Abendveranstaltungen, Feierlichkeiten oder Momente, in denen Sie Ihrem Stil einen Hauch von Glamour verleihen m\u00f6chten.\" srcset=\"https:\/\/www.pleteninespenko.si\/wp-content\/uploads\/2025\/10\/Pletenine-Spenko-zenske-pletenine-pulover-teresa-crn-928x1024-100x100.jpg 100w, https:\/\/www.pleteninespenko.si\/wp-content\/uploads\/2025\/10\/Pletenine-Spenko-zenske-pletenine-pulover-teresa-crn-150x150.jpg 150w, https:\/\/www.pleteninespenko.si\/wp-content\/uploads\/2025\/10\/Pletenine-Spenko-zenske-pletenine-pulover-teresa-crn-300x300.jpg 300w\" sizes=\"(max-width: 100px) 100vw, 100px\" \/>                                    <\/span>\n\n                \n            <\/span>\n                        <\/a>\n            <\/div>\n    <div class=\"module-feature-content tf_textc\">\n                    <h3 class=\"module-feature-title\">\n                            <a href=\"https:\/\/www.pleteninespenko.si\/de\/produktkategorie\/damenstrickwaren\/\">Damenmode<\/a>\n                        <\/h3>\n                    <div class=\"tb_text_wrap\">\n                    <\/div>\n    <\/div>\n<\/div>\n<!-- \/module feature -->\n        <\/div>\n                    <div  data-lazy=\"1\" class=\"module_column sub_column col4-1 tb_g0al303\">\n                    <!-- module feature -->\n<div  class=\"module module-feature tb_84k4303 with-chart layout-icon-top size-small \" data-layout-mobile=\"icon-left\" data-layout-desktop=\"icon-top\" data-lazy=\"1\">\n        <div class=\"module-feature-image tf_textc tf_rel\">\n                            <a href=\"https:\/\/www.pleteninespenko.si\/de\/produktkategorie\/strickwaren-als-modeaccessoires\/\">\n                        <span class=\"module-feature-chart-html5 tf_box tf_rel tf_inline_b\">\n                                    <svg class=\"tf_abs tf_w tf_h\">\n                    <circle class=\"tb_feature_fill\" r=\"calc(50% - 1.50px)\" cx=\"50%\" cy=\"50%\" stroke-width=\"3\"\/>\n                    <circle class=\"tb_feature_stroke\" r=\"calc(50% - 1.50px)\" cx=\"50%\" cy=\"50%\" stroke=\"#9655a2\" stroke-width=\"3\" data-progress=\"100\" stroke-dasharray=\"0,10000\"\/>\n                                        <\/svg>\n                                <span class=\"chart-html5-circle tf_w tf_h\">\n                    <img decoding=\"async\" src=\"https:\/\/www.pleteninespenko.si\/wp-content\/uploads\/2025\/10\/Pletenine-Spenko-zenske-pletenine-pulover-olivia-lila-928x1024-100x100.jpg\" width=\"100\" height=\"100\" class=\"wp-post-image wp-image-54885\" title=\"Pletenine-Spenko-damenstrickwaren-pullover-olivia-lila\" style=\"width:calc(100% - 6px);height:calc(100% - 6px)\" alt=\"Ein klassischer Damenpullover aus weicher Strickware, der W\u00e4rme und Komfort bietet. Das dezente Muster auf der Vorderseite verleiht ihm eine subtile dekorative Note, w\u00e4hrend der schlichte Schnitt ihn leicht kombinierbar macht. Ideal f\u00fcr den Alltag, aber auch elegant genug f\u00fcr besondere Anl\u00e4sse.\" srcset=\"https:\/\/www.pleteninespenko.si\/wp-content\/uploads\/2025\/10\/Pletenine-Spenko-zenske-pletenine-pulover-olivia-lila-928x1024-100x100.jpg 100w, https:\/\/www.pleteninespenko.si\/wp-content\/uploads\/2025\/10\/Pletenine-Spenko-zenske-pletenine-pulover-olivia-lila-150x150.jpg 150w, https:\/\/www.pleteninespenko.si\/wp-content\/uploads\/2025\/10\/Pletenine-Spenko-zenske-pletenine-pulover-olivia-lila-300x300.jpg 300w\" sizes=\"(max-width: 100px) 100vw, 100px\" \/>                                    <\/span>\n\n                \n            <\/span>\n                        <\/a>\n            <\/div>\n    <div class=\"module-feature-content tf_textc\">\n                    <h3 class=\"module-feature-title\">\n                            <a href=\"https:\/\/www.pleteninespenko.si\/de\/produktkategorie\/strickwaren-als-modeaccessoires\/\">Modeaccessoires<\/a>\n                        <\/h3>\n                    <div class=\"tb_text_wrap\">\n                    <\/div>\n    <\/div>\n<\/div>\n<!-- \/module feature -->\n        <\/div>\n                    <div  data-lazy=\"1\" class=\"module_column sub_column col4-1 tb_hq8f303 last\">\n                    <!-- module feature -->\n<div  class=\"module module-feature tb_34lx304 with-chart layout-icon-top size-small \" data-layout-mobile=\"icon-left\" data-layout-desktop=\"icon-top\" data-lazy=\"1\">\n        <div class=\"module-feature-image tf_textc tf_rel\">\n                            <a href=\"https:\/\/www.pleteninespenko.si\/de\/produktkategorie\/strickwaren-fur-die-freizeit\/\">\n                        <span class=\"module-feature-chart-html5 tf_box tf_rel tf_inline_b\">\n                                    <svg class=\"tf_abs tf_w tf_h\">\n                    <circle class=\"tb_feature_fill\" r=\"calc(50% - 1.50px)\" cx=\"50%\" cy=\"50%\" stroke-width=\"3\"\/>\n                    <circle class=\"tb_feature_stroke\" r=\"calc(50% - 1.50px)\" cx=\"50%\" cy=\"50%\" stroke=\"#9655a2\" stroke-width=\"3\" data-progress=\"100\" stroke-dasharray=\"0,10000\"\/>\n                                        <\/svg>\n                                <span class=\"chart-html5-circle tf_w tf_h\">\n                    <img decoding=\"async\" src=\"https:\/\/www.pleteninespenko.si\/wp-content\/uploads\/2024\/11\/Pletenine-Spenko-pletenine-za-prosti-cas-pletena-odeja-928x1024-100x100.jpg\" width=\"100\" height=\"100\" class=\"wp-post-image wp-image-43703\" title=\"Pletenine-Spenko-pletenine-za-prosti-cas-pletena-odeja\" style=\"width:calc(100% - 6px);height:calc(100% - 6px)\" alt=\"Topla volnena odeja za hladne jesenske in zimske dni. Volna nas poleg na\u0161ih najbli\u017ejih, greje najceneje!\" srcset=\"https:\/\/www.pleteninespenko.si\/wp-content\/uploads\/2024\/11\/Pletenine-Spenko-pletenine-za-prosti-cas-pletena-odeja-928x1024-100x100.jpg 100w, https:\/\/www.pleteninespenko.si\/wp-content\/uploads\/2024\/11\/Pletenine-Spenko-pletenine-za-prosti-cas-pletena-odeja-150x150.jpg 150w, https:\/\/www.pleteninespenko.si\/wp-content\/uploads\/2024\/11\/Pletenine-Spenko-pletenine-za-prosti-cas-pletena-odeja-300x300.jpg 300w\" sizes=\"(max-width: 100px) 100vw, 100px\" \/>                                    <\/span>\n\n                \n            <\/span>\n                        <\/a>\n            <\/div>\n    <div class=\"module-feature-content tf_textc\">\n                    <h3 class=\"module-feature-title\">\n                            <a href=\"https:\/\/www.pleteninespenko.si\/de\/produktkategorie\/strickwaren-fur-die-freizeit\/\">Strickwaren f\u00fcr die Freizeit<\/a>\n                        <\/h3>\n                    <div class=\"tb_text_wrap\">\n                    <\/div>\n    <\/div>\n<\/div>\n<!-- \/module feature -->\n        <\/div>\n                    <\/div>\n                <div  data-lazy=\"1\" class=\"module_subrow themify_builder_sub_row tf_w col_align_top tb_col_count_1 tb_4lkn304\">\n                <div  data-lazy=\"1\" class=\"module_column sub_column col-full tb_3fpk305 first\">\n                    <!-- module text -->\n<div  class=\"module module-text tb_er9i305   \" data-lazy=\"1\">\n        <div  class=\"tb_text_wrap\">\n        <h2 style=\"text-align: center\">Gro\u00dfer Winter-Sale auch in der Saison 2025\/26 \u2013 ebenfalls in unseren Filialen in Slowenien und Kroatien!<\/h2>    <\/div>\n<\/div>\n<!-- \/module text --><!-- module divider -->\n<div  class=\"module tf_mw module-divider tb_ff7k961 dotted   \" style=\"border-width: 2px;border-color: #9655a2;margin-top: 40px;margin-bottom: 40px;\" data-lazy=\"1\">\n    <\/div>\n<!-- \/module divider -->\n<!-- module plain text -->\n<div  class=\"module module-plain-text tb_baq4975 \" data-lazy=\"1\">\n        <div class=\"tb_text_wrap\">\n    <iframe src=\"https:\/\/www.google.com\/maps\/embed?pb=!1m18!1m12!1m3!1d2761.6713674976463!2d14.546880877001865!3d46.19709798424033!2m3!1f0!2f0!3f0!3m2!1i1024!2i768!4f13.1!3m3!1m2!1s0x47653552fb54af8b%3A0xcc1f3a35213ec76d!2sPletenine%20%C5%A0penko%20Jana%20%C5%A0penko%20Ko%C4%8Dar%20s.p.!5e0!3m2!1ssl!2ssi!4v1766575943686!5m2!1ssl!2ssi\" width=\"100%\" height=\"600\" style=\"border:0;\" allowfullscreen=\"\" loading=\"lazy\" referrerpolicy=\"no-referrer-when-downgrade\"><\/iframe>    <\/div>\n<\/div>\n<!-- \/module plain text --><!-- module button pro -->\n<div  id=\"tb_kfgn225\" class=\"module module-button tb_kfgn225 button-link-external  tb_default_color\" data-lazy=\"1\">\n\t\n    <a  class=\"ui builder_button tb_default_color\" href=\"https:\/\/www.pleteninespenko.si\/de\/wo-sind-wir\/\" target=\"_blank\">\n\t\t<span><svg  class=\"tf_fa tf-ti-angle-right\" xmlns:xlink=\"http:\/\/www.w3.org\/1999\/xlink\" aria-hidden=\"true\"><use href=\"#tf-ti-angle-right\" xlink:href=\"#tf-ti-angle-right\"><\/use><\/svg><\/span> \t\t<span>Zu den Filialen<\/span>\n    <\/a>\n\n\t\n\t<\/div>\n<!-- \/module button pro -->\n        <\/div>\n                    <\/div>\n                <\/div>\n                        <\/div>\n        <\/div>\n        <\/div>\n<!--\/themify_builder_content-->","protected":false},"excerpt":{"rendered":"<p>Die kalten Tage geh\u00f6ren bald der Vergangenheit an, und damit endet auch unser gro\u00dfer Winterschlussverkauf. Nutzen Sie die Rabatte, solange es noch m\u00f6glich ist! <\/p>\n","protected":false},"author":23,"featured_media":56493,"comment_status":"closed","ping_status":"open","sticky":false,"template":"","format":"standard","meta":{"inline_featured_image":false,"footnotes":""},"categories":[2539],"tags":[3334,3337,3338,3363,3400,3401,3449,2977,3273],"class_list":["post-56509","post","type-post","status-publish","format-standard","has-post-thumbnail","hentry","category-strickwaren-kleidung","tag-pletenine-spenko-de","tag-neu-de","tag-neue-modelle-de","tag-kostenloser-versand","tag-neue-kollektion","tag-herbst-winter-kollektion-de","tag-groser-winter-sale","tag-40-de","tag-10-de","has-post-title","has-post-date","has-post-category","has-post-tag","has-post-comment","has-post-author",""],"yoast_head":"<!-- This site is optimized with the Yoast SEO plugin v27.5 - https:\/\/yoast.com\/product\/yoast-seo-wordpress\/ -->\n<title>Pletenine \u0160penko | Der Winter neigt sich dem Ende zu \u2013 und mit ihm auch unser gro\u00dfer Winterschlussverkauf \u2744\ufe0f<\/title>\n<meta name=\"description\" content=\"Die kalten Tage geh\u00f6ren bald der Vergangenheit an, und damit endet auch unser gro\u00dfer Winterschlussverkauf. Nutzen Sie die Rabatte, solange es noch m\u00f6glich ist!\" \/>\n<meta name=\"robots\" content=\"index, follow, max-snippet:-1, max-image-preview:large, max-video-preview:-1\" \/>\n<link rel=\"canonical\" href=\"https:\/\/www.pleteninespenko.si\/de\/wer-winter-neigt-sich-dem-ende-zu-und-mit-ihm-auch-unser-groser-winterschlussverkauf-%e2%9d%84%ef%b8%8f\/\" \/>\n<meta property=\"og:locale\" content=\"de_DE\" \/>\n<meta property=\"og:type\" content=\"article\" \/>\n<meta property=\"og:title\" content=\"Pletenine \u0160penko | Der Winter neigt sich dem Ende zu \u2013 und mit ihm auch unser gro\u00dfer Winterschlussverkauf \u2744\ufe0f\" \/>\n<meta property=\"og:description\" content=\"Die kalten Tage geh\u00f6ren bald der Vergangenheit an, und damit endet auch unser gro\u00dfer Winterschlussverkauf. Nutzen Sie die Rabatte, solange es noch m\u00f6glich ist!\" \/>\n<meta property=\"og:url\" content=\"https:\/\/www.pleteninespenko.si\/de\/wer-winter-neigt-sich-dem-ende-zu-und-mit-ihm-auch-unser-groser-winterschlussverkauf-%e2%9d%84%ef%b8%8f\/\" \/>\n<meta property=\"og:site_name\" content=\"Pletenine \u0160penko\" \/>\n<meta property=\"article:publisher\" content=\"https:\/\/www.facebook.com\/PletenineSpenko\/\" \/>\n<meta property=\"article:published_time\" content=\"2026-02-21T20:11:30+00:00\" \/>\n<meta property=\"article:modified_time\" content=\"2026-03-14T14:31:14+00:00\" \/>\n<meta property=\"og:image\" content=\"https:\/\/www.pleteninespenko.si\/wp-content\/uploads\/2026\/02\/Pletenine-Spenko-der-grosse-winterrabatt-von-2026-neigt-sich-dem-ende-zu.jpg\" \/>\n\t<meta property=\"og:image:width\" content=\"1400\" \/>\n\t<meta property=\"og:image:height\" content=\"935\" \/>\n\t<meta property=\"og:image:type\" content=\"image\/jpeg\" \/>\n<meta name=\"author\" content=\"Pletenine \u0160penko\" \/>\n<meta name=\"twitter:card\" content=\"summary_large_image\" \/>\n<meta name=\"twitter:label1\" content=\"Verfasst von\" \/>\n\t<meta name=\"twitter:data1\" content=\"Pletenine \u0160penko\" \/>\n\t<meta name=\"twitter:label2\" content=\"Gesch\u00e4tzte Lesezeit\" \/>\n\t<meta name=\"twitter:data2\" content=\"2\u00a0Minuten\" \/>\n<script type=\"application\/ld+json\" class=\"yoast-schema-graph\">{\"@context\":\"https:\\\/\\\/schema.org\",\"@graph\":[{\"@type\":\"Article\",\"@id\":\"https:\\\/\\\/www.pleteninespenko.si\\\/de\\\/wer-winter-neigt-sich-dem-ende-zu-und-mit-ihm-auch-unser-groser-winterschlussverkauf-%e2%9d%84%ef%b8%8f\\\/#article\",\"isPartOf\":{\"@id\":\"https:\\\/\\\/www.pleteninespenko.si\\\/de\\\/wer-winter-neigt-sich-dem-ende-zu-und-mit-ihm-auch-unser-groser-winterschlussverkauf-%e2%9d%84%ef%b8%8f\\\/\"},\"author\":{\"name\":\"Pletenine \u0160penko\",\"@id\":\"https:\\\/\\\/www.pleteninespenko.si\\\/de\\\/#\\\/schema\\\/person\\\/42057a36ac52999c23bf81fc85a7f23b\"},\"headline\":\"Der Winter neigt sich dem Ende zu \u2013 und mit ihm auch unser gro\u00dfer Winterschlussverkauf \u2744\ufe0f\",\"datePublished\":\"2026-02-21T20:11:30+00:00\",\"dateModified\":\"2026-03-14T14:31:14+00:00\",\"mainEntityOfPage\":{\"@id\":\"https:\\\/\\\/www.pleteninespenko.si\\\/de\\\/wer-winter-neigt-sich-dem-ende-zu-und-mit-ihm-auch-unser-groser-winterschlussverkauf-%e2%9d%84%ef%b8%8f\\\/\"},\"wordCount\":144,\"publisher\":{\"@id\":\"https:\\\/\\\/www.pleteninespenko.si\\\/de\\\/#organization\"},\"image\":{\"@id\":\"https:\\\/\\\/www.pleteninespenko.si\\\/de\\\/wer-winter-neigt-sich-dem-ende-zu-und-mit-ihm-auch-unser-groser-winterschlussverkauf-%e2%9d%84%ef%b8%8f\\\/#primaryimage\"},\"thumbnailUrl\":\"https:\\\/\\\/www.pleteninespenko.si\\\/wp-content\\\/uploads\\\/2026\\\/02\\\/Pletenine-Spenko-der-grosse-winterrabatt-von-2026-neigt-sich-dem-ende-zu.jpg\",\"keywords\":[\"pletenine \u0161penko\",\"neu\",\"neue Modelle\",\"kostenloser versand\",\"neue Kollektion\",\"Herbst-Winter-Kollektion\",\"Gro\u00dfer Winter-Sale\",\"-40%\",\"-10 %\"],\"articleSection\":[\"Strickwaren\\\/Kleidung\"],\"inLanguage\":\"de\"},{\"@type\":\"WebPage\",\"@id\":\"https:\\\/\\\/www.pleteninespenko.si\\\/de\\\/wer-winter-neigt-sich-dem-ende-zu-und-mit-ihm-auch-unser-groser-winterschlussverkauf-%e2%9d%84%ef%b8%8f\\\/\",\"url\":\"https:\\\/\\\/www.pleteninespenko.si\\\/de\\\/wer-winter-neigt-sich-dem-ende-zu-und-mit-ihm-auch-unser-groser-winterschlussverkauf-%e2%9d%84%ef%b8%8f\\\/\",\"name\":\"Pletenine \u0160penko | Der Winter neigt sich dem Ende zu \u2013 und mit ihm auch unser gro\u00dfer Winterschlussverkauf \u2744\ufe0f\",\"isPartOf\":{\"@id\":\"https:\\\/\\\/www.pleteninespenko.si\\\/de\\\/#website\"},\"primaryImageOfPage\":{\"@id\":\"https:\\\/\\\/www.pleteninespenko.si\\\/de\\\/wer-winter-neigt-sich-dem-ende-zu-und-mit-ihm-auch-unser-groser-winterschlussverkauf-%e2%9d%84%ef%b8%8f\\\/#primaryimage\"},\"image\":{\"@id\":\"https:\\\/\\\/www.pleteninespenko.si\\\/de\\\/wer-winter-neigt-sich-dem-ende-zu-und-mit-ihm-auch-unser-groser-winterschlussverkauf-%e2%9d%84%ef%b8%8f\\\/#primaryimage\"},\"thumbnailUrl\":\"https:\\\/\\\/www.pleteninespenko.si\\\/wp-content\\\/uploads\\\/2026\\\/02\\\/Pletenine-Spenko-der-grosse-winterrabatt-von-2026-neigt-sich-dem-ende-zu.jpg\",\"datePublished\":\"2026-02-21T20:11:30+00:00\",\"dateModified\":\"2026-03-14T14:31:14+00:00\",\"description\":\"Die kalten Tage geh\u00f6ren bald der Vergangenheit an, und damit endet auch unser gro\u00dfer Winterschlussverkauf. Nutzen Sie die Rabatte, solange es noch m\u00f6glich ist!\",\"breadcrumb\":{\"@id\":\"https:\\\/\\\/www.pleteninespenko.si\\\/de\\\/wer-winter-neigt-sich-dem-ende-zu-und-mit-ihm-auch-unser-groser-winterschlussverkauf-%e2%9d%84%ef%b8%8f\\\/#breadcrumb\"},\"inLanguage\":\"de\",\"potentialAction\":[{\"@type\":\"ReadAction\",\"target\":[\"https:\\\/\\\/www.pleteninespenko.si\\\/de\\\/wer-winter-neigt-sich-dem-ende-zu-und-mit-ihm-auch-unser-groser-winterschlussverkauf-%e2%9d%84%ef%b8%8f\\\/\"]}]},{\"@type\":\"ImageObject\",\"inLanguage\":\"de\",\"@id\":\"https:\\\/\\\/www.pleteninespenko.si\\\/de\\\/wer-winter-neigt-sich-dem-ende-zu-und-mit-ihm-auch-unser-groser-winterschlussverkauf-%e2%9d%84%ef%b8%8f\\\/#primaryimage\",\"url\":\"https:\\\/\\\/www.pleteninespenko.si\\\/wp-content\\\/uploads\\\/2026\\\/02\\\/Pletenine-Spenko-der-grosse-winterrabatt-von-2026-neigt-sich-dem-ende-zu.jpg\",\"contentUrl\":\"https:\\\/\\\/www.pleteninespenko.si\\\/wp-content\\\/uploads\\\/2026\\\/02\\\/Pletenine-Spenko-der-grosse-winterrabatt-von-2026-neigt-sich-dem-ende-zu.jpg\",\"width\":1400,\"height\":935,\"caption\":\"Die kalten Tage sind bald nur noch Erinnerung, und mit ihnen endet auch unser gro\u00dfer Winterschlussverkauf.\"},{\"@type\":\"BreadcrumbList\",\"@id\":\"https:\\\/\\\/www.pleteninespenko.si\\\/de\\\/wer-winter-neigt-sich-dem-ende-zu-und-mit-ihm-auch-unser-groser-winterschlussverkauf-%e2%9d%84%ef%b8%8f\\\/#breadcrumb\",\"itemListElement\":[{\"@type\":\"ListItem\",\"position\":1,\"name\":\"Home\",\"item\":\"https:\\\/\\\/www.pleteninespenko.si\\\/de\\\/\"},{\"@type\":\"ListItem\",\"position\":2,\"name\":\"Der Winter neigt sich dem Ende zu \u2013 und mit ihm auch unser gro\u00dfer Winterschlussverkauf \u2744\ufe0f\"}]},{\"@type\":\"WebSite\",\"@id\":\"https:\\\/\\\/www.pleteninespenko.si\\\/de\\\/#website\",\"url\":\"https:\\\/\\\/www.pleteninespenko.si\\\/de\\\/\",\"name\":\"Pletenine \u0160penko\",\"description\":\"Damen- und Herrenstrickwaren nach der neuesten Mode\",\"publisher\":{\"@id\":\"https:\\\/\\\/www.pleteninespenko.si\\\/de\\\/#organization\"},\"potentialAction\":[{\"@type\":\"SearchAction\",\"target\":{\"@type\":\"EntryPoint\",\"urlTemplate\":\"https:\\\/\\\/www.pleteninespenko.si\\\/de\\\/?s={search_term_string}\"},\"query-input\":{\"@type\":\"PropertyValueSpecification\",\"valueRequired\":true,\"valueName\":\"search_term_string\"}}],\"inLanguage\":\"de\"},{\"@type\":\"Organization\",\"@id\":\"https:\\\/\\\/www.pleteninespenko.si\\\/de\\\/#organization\",\"name\":\"Pletenine \u0160penko\",\"url\":\"https:\\\/\\\/www.pleteninespenko.si\\\/de\\\/\",\"logo\":{\"@type\":\"ImageObject\",\"inLanguage\":\"de\",\"@id\":\"https:\\\/\\\/www.pleteninespenko.si\\\/de\\\/#\\\/schema\\\/logo\\\/image\\\/\",\"url\":\"https:\\\/\\\/www.pleteninespenko.si\\\/wp-content\\\/uploads\\\/2020\\\/06\\\/Pletenine_Spenko.png\",\"contentUrl\":\"https:\\\/\\\/www.pleteninespenko.si\\\/wp-content\\\/uploads\\\/2020\\\/06\\\/Pletenine_Spenko.png\",\"width\":717,\"height\":140,\"caption\":\"Pletenine \u0160penko\"},\"image\":{\"@id\":\"https:\\\/\\\/www.pleteninespenko.si\\\/de\\\/#\\\/schema\\\/logo\\\/image\\\/\"},\"sameAs\":[\"https:\\\/\\\/www.facebook.com\\\/PletenineSpenko\\\/\",\"https:\\\/\\\/www.instagram.com\\\/pleteninespenko\\\/\"]},{\"@type\":\"Person\",\"@id\":\"https:\\\/\\\/www.pleteninespenko.si\\\/de\\\/#\\\/schema\\\/person\\\/42057a36ac52999c23bf81fc85a7f23b\",\"name\":\"Pletenine \u0160penko\",\"image\":{\"@type\":\"ImageObject\",\"inLanguage\":\"de\",\"@id\":\"https:\\\/\\\/www.pleteninespenko.si\\\/wp-content\\\/litespeed\\\/avatar\\\/4059debda33b2bcf06945cee9649f404.jpg?ver=1777055459\",\"url\":\"https:\\\/\\\/www.pleteninespenko.si\\\/wp-content\\\/litespeed\\\/avatar\\\/4059debda33b2bcf06945cee9649f404.jpg?ver=1777055459\",\"contentUrl\":\"https:\\\/\\\/www.pleteninespenko.si\\\/wp-content\\\/litespeed\\\/avatar\\\/4059debda33b2bcf06945cee9649f404.jpg?ver=1777055459\",\"caption\":\"Pletenine \u0160penko\"}}]}<\/script>\n<!-- \/ Yoast SEO plugin. -->","yoast_head_json":{"title":"Pletenine \u0160penko | Der Winter neigt sich dem Ende zu \u2013 und mit ihm auch unser gro\u00dfer Winterschlussverkauf \u2744\ufe0f","description":"Die kalten Tage geh\u00f6ren bald der Vergangenheit an, und damit endet auch unser gro\u00dfer Winterschlussverkauf. Nutzen Sie die Rabatte, solange es noch m\u00f6glich ist!","robots":{"index":"index","follow":"follow","max-snippet":"max-snippet:-1","max-image-preview":"max-image-preview:large","max-video-preview":"max-video-preview:-1"},"canonical":"https:\/\/www.pleteninespenko.si\/de\/wer-winter-neigt-sich-dem-ende-zu-und-mit-ihm-auch-unser-groser-winterschlussverkauf-%e2%9d%84%ef%b8%8f\/","og_locale":"de_DE","og_type":"article","og_title":"Pletenine \u0160penko | Der Winter neigt sich dem Ende zu \u2013 und mit ihm auch unser gro\u00dfer Winterschlussverkauf \u2744\ufe0f","og_description":"Die kalten Tage geh\u00f6ren bald der Vergangenheit an, und damit endet auch unser gro\u00dfer Winterschlussverkauf. Nutzen Sie die Rabatte, solange es noch m\u00f6glich ist!","og_url":"https:\/\/www.pleteninespenko.si\/de\/wer-winter-neigt-sich-dem-ende-zu-und-mit-ihm-auch-unser-groser-winterschlussverkauf-%e2%9d%84%ef%b8%8f\/","og_site_name":"Pletenine \u0160penko","article_publisher":"https:\/\/www.facebook.com\/PletenineSpenko\/","article_published_time":"2026-02-21T20:11:30+00:00","article_modified_time":"2026-03-14T14:31:14+00:00","og_image":[{"width":1400,"height":935,"url":"https:\/\/www.pleteninespenko.si\/wp-content\/uploads\/2026\/02\/Pletenine-Spenko-der-grosse-winterrabatt-von-2026-neigt-sich-dem-ende-zu.jpg","type":"image\/jpeg"}],"author":"Pletenine \u0160penko","twitter_card":"summary_large_image","twitter_misc":{"Verfasst von":"Pletenine \u0160penko","Gesch\u00e4tzte Lesezeit":"2\u00a0Minuten"},"schema":{"@context":"https:\/\/schema.org","@graph":[{"@type":"Article","@id":"https:\/\/www.pleteninespenko.si\/de\/wer-winter-neigt-sich-dem-ende-zu-und-mit-ihm-auch-unser-groser-winterschlussverkauf-%e2%9d%84%ef%b8%8f\/#article","isPartOf":{"@id":"https:\/\/www.pleteninespenko.si\/de\/wer-winter-neigt-sich-dem-ende-zu-und-mit-ihm-auch-unser-groser-winterschlussverkauf-%e2%9d%84%ef%b8%8f\/"},"author":{"name":"Pletenine \u0160penko","@id":"https:\/\/www.pleteninespenko.si\/de\/#\/schema\/person\/42057a36ac52999c23bf81fc85a7f23b"},"headline":"Der Winter neigt sich dem Ende zu \u2013 und mit ihm auch unser gro\u00dfer Winterschlussverkauf \u2744\ufe0f","datePublished":"2026-02-21T20:11:30+00:00","dateModified":"2026-03-14T14:31:14+00:00","mainEntityOfPage":{"@id":"https:\/\/www.pleteninespenko.si\/de\/wer-winter-neigt-sich-dem-ende-zu-und-mit-ihm-auch-unser-groser-winterschlussverkauf-%e2%9d%84%ef%b8%8f\/"},"wordCount":144,"publisher":{"@id":"https:\/\/www.pleteninespenko.si\/de\/#organization"},"image":{"@id":"https:\/\/www.pleteninespenko.si\/de\/wer-winter-neigt-sich-dem-ende-zu-und-mit-ihm-auch-unser-groser-winterschlussverkauf-%e2%9d%84%ef%b8%8f\/#primaryimage"},"thumbnailUrl":"https:\/\/www.pleteninespenko.si\/wp-content\/uploads\/2026\/02\/Pletenine-Spenko-der-grosse-winterrabatt-von-2026-neigt-sich-dem-ende-zu.jpg","keywords":["pletenine \u0161penko","neu","neue Modelle","kostenloser versand","neue Kollektion","Herbst-Winter-Kollektion","Gro\u00dfer Winter-Sale","-40%","-10 %"],"articleSection":["Strickwaren\/Kleidung"],"inLanguage":"de"},{"@type":"WebPage","@id":"https:\/\/www.pleteninespenko.si\/de\/wer-winter-neigt-sich-dem-ende-zu-und-mit-ihm-auch-unser-groser-winterschlussverkauf-%e2%9d%84%ef%b8%8f\/","url":"https:\/\/www.pleteninespenko.si\/de\/wer-winter-neigt-sich-dem-ende-zu-und-mit-ihm-auch-unser-groser-winterschlussverkauf-%e2%9d%84%ef%b8%8f\/","name":"Pletenine \u0160penko | Der Winter neigt sich dem Ende zu \u2013 und mit ihm auch unser gro\u00dfer Winterschlussverkauf \u2744\ufe0f","isPartOf":{"@id":"https:\/\/www.pleteninespenko.si\/de\/#website"},"primaryImageOfPage":{"@id":"https:\/\/www.pleteninespenko.si\/de\/wer-winter-neigt-sich-dem-ende-zu-und-mit-ihm-auch-unser-groser-winterschlussverkauf-%e2%9d%84%ef%b8%8f\/#primaryimage"},"image":{"@id":"https:\/\/www.pleteninespenko.si\/de\/wer-winter-neigt-sich-dem-ende-zu-und-mit-ihm-auch-unser-groser-winterschlussverkauf-%e2%9d%84%ef%b8%8f\/#primaryimage"},"thumbnailUrl":"https:\/\/www.pleteninespenko.si\/wp-content\/uploads\/2026\/02\/Pletenine-Spenko-der-grosse-winterrabatt-von-2026-neigt-sich-dem-ende-zu.jpg","datePublished":"2026-02-21T20:11:30+00:00","dateModified":"2026-03-14T14:31:14+00:00","description":"Die kalten Tage geh\u00f6ren bald der Vergangenheit an, und damit endet auch unser gro\u00dfer Winterschlussverkauf. Nutzen Sie die Rabatte, solange es noch m\u00f6glich ist!","breadcrumb":{"@id":"https:\/\/www.pleteninespenko.si\/de\/wer-winter-neigt-sich-dem-ende-zu-und-mit-ihm-auch-unser-groser-winterschlussverkauf-%e2%9d%84%ef%b8%8f\/#breadcrumb"},"inLanguage":"de","potentialAction":[{"@type":"ReadAction","target":["https:\/\/www.pleteninespenko.si\/de\/wer-winter-neigt-sich-dem-ende-zu-und-mit-ihm-auch-unser-groser-winterschlussverkauf-%e2%9d%84%ef%b8%8f\/"]}]},{"@type":"ImageObject","inLanguage":"de","@id":"https:\/\/www.pleteninespenko.si\/de\/wer-winter-neigt-sich-dem-ende-zu-und-mit-ihm-auch-unser-groser-winterschlussverkauf-%e2%9d%84%ef%b8%8f\/#primaryimage","url":"https:\/\/www.pleteninespenko.si\/wp-content\/uploads\/2026\/02\/Pletenine-Spenko-der-grosse-winterrabatt-von-2026-neigt-sich-dem-ende-zu.jpg","contentUrl":"https:\/\/www.pleteninespenko.si\/wp-content\/uploads\/2026\/02\/Pletenine-Spenko-der-grosse-winterrabatt-von-2026-neigt-sich-dem-ende-zu.jpg","width":1400,"height":935,"caption":"Die kalten Tage sind bald nur noch Erinnerung, und mit ihnen endet auch unser gro\u00dfer Winterschlussverkauf."},{"@type":"BreadcrumbList","@id":"https:\/\/www.pleteninespenko.si\/de\/wer-winter-neigt-sich-dem-ende-zu-und-mit-ihm-auch-unser-groser-winterschlussverkauf-%e2%9d%84%ef%b8%8f\/#breadcrumb","itemListElement":[{"@type":"ListItem","position":1,"name":"Home","item":"https:\/\/www.pleteninespenko.si\/de\/"},{"@type":"ListItem","position":2,"name":"Der Winter neigt sich dem Ende zu \u2013 und mit ihm auch unser gro\u00dfer Winterschlussverkauf \u2744\ufe0f"}]},{"@type":"WebSite","@id":"https:\/\/www.pleteninespenko.si\/de\/#website","url":"https:\/\/www.pleteninespenko.si\/de\/","name":"Pletenine \u0160penko","description":"Damen- und Herrenstrickwaren nach der neuesten Mode","publisher":{"@id":"https:\/\/www.pleteninespenko.si\/de\/#organization"},"potentialAction":[{"@type":"SearchAction","target":{"@type":"EntryPoint","urlTemplate":"https:\/\/www.pleteninespenko.si\/de\/?s={search_term_string}"},"query-input":{"@type":"PropertyValueSpecification","valueRequired":true,"valueName":"search_term_string"}}],"inLanguage":"de"},{"@type":"Organization","@id":"https:\/\/www.pleteninespenko.si\/de\/#organization","name":"Pletenine \u0160penko","url":"https:\/\/www.pleteninespenko.si\/de\/","logo":{"@type":"ImageObject","inLanguage":"de","@id":"https:\/\/www.pleteninespenko.si\/de\/#\/schema\/logo\/image\/","url":"https:\/\/www.pleteninespenko.si\/wp-content\/uploads\/2020\/06\/Pletenine_Spenko.png","contentUrl":"https:\/\/www.pleteninespenko.si\/wp-content\/uploads\/2020\/06\/Pletenine_Spenko.png","width":717,"height":140,"caption":"Pletenine \u0160penko"},"image":{"@id":"https:\/\/www.pleteninespenko.si\/de\/#\/schema\/logo\/image\/"},"sameAs":["https:\/\/www.facebook.com\/PletenineSpenko\/","https:\/\/www.instagram.com\/pleteninespenko\/"]},{"@type":"Person","@id":"https:\/\/www.pleteninespenko.si\/de\/#\/schema\/person\/42057a36ac52999c23bf81fc85a7f23b","name":"Pletenine \u0160penko","image":{"@type":"ImageObject","inLanguage":"de","@id":"https:\/\/www.pleteninespenko.si\/wp-content\/litespeed\/avatar\/4059debda33b2bcf06945cee9649f404.jpg?ver=1777055459","url":"https:\/\/www.pleteninespenko.si\/wp-content\/litespeed\/avatar\/4059debda33b2bcf06945cee9649f404.jpg?ver=1777055459","contentUrl":"https:\/\/www.pleteninespenko.si\/wp-content\/litespeed\/avatar\/4059debda33b2bcf06945cee9649f404.jpg?ver=1777055459","caption":"Pletenine \u0160penko"}}]}},"_links":{"self":[{"href":"https:\/\/www.pleteninespenko.si\/de\/wp-json\/wp\/v2\/posts\/56509","targetHints":{"allow":["GET"]}}],"collection":[{"href":"https:\/\/www.pleteninespenko.si\/de\/wp-json\/wp\/v2\/posts"}],"about":[{"href":"https:\/\/www.pleteninespenko.si\/de\/wp-json\/wp\/v2\/types\/post"}],"author":[{"embeddable":true,"href":"https:\/\/www.pleteninespenko.si\/de\/wp-json\/wp\/v2\/users\/23"}],"replies":[{"embeddable":true,"href":"https:\/\/www.pleteninespenko.si\/de\/wp-json\/wp\/v2\/comments?post=56509"}],"version-history":[{"count":7,"href":"https:\/\/www.pleteninespenko.si\/de\/wp-json\/wp\/v2\/posts\/56509\/revisions"}],"predecessor-version":[{"id":58282,"href":"https:\/\/www.pleteninespenko.si\/de\/wp-json\/wp\/v2\/posts\/56509\/revisions\/58282"}],"wp:featuredmedia":[{"embeddable":true,"href":"https:\/\/www.pleteninespenko.si\/de\/wp-json\/wp\/v2\/media\/56493"}],"wp:attachment":[{"href":"https:\/\/www.pleteninespenko.si\/de\/wp-json\/wp\/v2\/media?parent=56509"}],"wp:term":[{"taxonomy":"category","embeddable":true,"href":"https:\/\/www.pleteninespenko.si\/de\/wp-json\/wp\/v2\/categories?post=56509"},{"taxonomy":"post_tag","embeddable":true,"href":"https:\/\/www.pleteninespenko.si\/de\/wp-json\/wp\/v2\/tags?post=56509"}],"curies":[{"name":"wp","href":"https:\/\/api.w.org\/{rel}","templated":true}]}}