{"id":58266,"date":"2026-03-14T15:21:09","date_gmt":"2026-03-14T14:21:09","guid":{"rendered":"https:\/\/www.pleteninespenko.si\/der-fruhling-duftet-nach-frische-und-mit-ihm-kommt-die-neue-kollektion-die-ihren-stil-belebt\/"},"modified":"2026-03-14T15:31:56","modified_gmt":"2026-03-14T14:31:56","slug":"der-fruhling-duftet-nach-frische-und-mit-ihm-kommt-die-neue-kollektion-die-ihren-stil-belebt","status":"publish","type":"post","link":"https:\/\/www.pleteninespenko.si\/de\/der-fruhling-duftet-nach-frische-und-mit-ihm-kommt-die-neue-kollektion-die-ihren-stil-belebt\/","title":{"rendered":"Der Fr\u00fchling duftet nach Frische \u2013 und mit ihm kommt die neue Kollektion, die Ihren Stil belebt!"},"content":{"rendered":"<!--themify_builder_content-->\n<div id=\"themify_builder_content-58266\" data-postid=\"58266\" class=\"themify_builder_content themify_builder_content-58266 themify_builder tf_clear\">\n                    <div  data-lazy=\"1\" class=\"module_row themify_builder_row tb_nqw9295 tb_first tf_w\">\n                        <div class=\"row_inner col_align_top tb_col_count_1 tf_box tf_rel\">\n                        <div  data-lazy=\"1\" class=\"module_column tb-column col-full tb_p9n8297 first\">\n                    <!-- module text -->\n<div  class=\"module module-text tb_rywz298   \" data-lazy=\"1\">\n        <div  class=\"tb_text_wrap\">\n        <p>Der Fr\u00fchling ist da, und damit Zeit f\u00fcr Frische, Leichtigkeit und sanfte Farben, die Ihren Kleiderschrank zum Strahlen bringen. Wir pr\u00e4sentieren bei Pletenine \u0160penko eine <strong><a href=\"https:\/\/www.pleteninespenko.si\/de\/handel\/\" target=\"_blank\" rel=\"noopener\">neue Fr\u00fchjahrs-Sommer-Kollektion<\/a><\/strong>, die Eleganz, Komfort und eine feminine Note in jedem einzelnen St\u00fcck vereint. <\/p>\n<p>In der Kollektion finden Sie alles \u2013 von luftigen <strong><a href=\"https:\/\/www.pleteninespenko.si\/de\/produktkategorie\/damenstrickwaren\/strickjacken-fur-damen\/\" target=\"_blank\" rel=\"noopener\">Netz-Strickjacken<\/a><\/strong> und leichten <strong><a href=\"https:\/\/www.pleteninespenko.si\/de\/produktkategorie\/damenstrickwaren\/ponchos-de\/\" target=\"_blank\" rel=\"noopener\">Ponchos<\/a><\/strong> bis hin zu feinen <strong><a href=\"https:\/\/www.pleteninespenko.si\/de\/produktkategorie\/damenstrickwaren\/pullover-fur-damen\/\" target=\"_blank\" rel=\"noopener\">Pullovern<\/a><\/strong> mit dezenten Details, die einen gepflegten, aber entspannten Look erzeugen. Jedes Teil ist so gestaltet, dass es sich leicht mit Tops, T-Shirts, R\u00f6cken, Jeans oder eleganten Hosen kombinieren l\u00e4sst \u2013 ideal sowohl f\u00fcr den Alltag als auch f\u00fcr festlichere Anl\u00e4sse. <\/p>\n<p>Zarte Strickmaterialien, leichte Silhouetten und subtile Details sorgen daf\u00fcr, dass Sie sich in jedem St\u00fcck entspannt, feminin und elegant f\u00fchlen. Die Fr\u00fchlingsfarben \u2013 von Pastellt\u00f6nen bis zu sanften Kontrasten \u2013 verleihen Ihrem Look Frische und Energie f\u00fcr jeden Tag. <\/p>\n<p>Lassen Sie Ihren Kleiderschrank im neuen Fr\u00fchlingsrhythmus erstrahlen und machen Sie jeden Tag zur Gelegenheit, Ihren Stil mit Leichtigkeit und Eleganz zu zeigen. Pletenine \u0160penko \u2013 f\u00fcr Momente, die nach Fr\u00fchling duften. <\/p>\n<p>Entdecken Sie die neue Kollektion jetzt und w\u00e4hlen Sie Ihre Lieblingsst\u00fccke in unserem <strong><a href=\"https:\/\/www.pleteninespenko.si\/de\/handel\/\" target=\"_blank\" rel=\"noopener\">Onlineshop<\/a><\/strong> oder in der n\u00e4chsten <strong>Pletenine \u0160penko-<a href=\"https:\/\/www.pleteninespenko.si\/de\/wo-sind-wir\/\" target=\"_blank\" rel=\"noopener\">Filiale<\/a><\/strong>.<\/p>\n<h3 class=\"gmail_default\" style=\"text-align: left\">\u0160penko Strickwaren. Strickmode, die Herz, Seele und K\u00f6rper w\u00e4rmt. <\/h3>    <\/div>\n<\/div>\n<!-- \/module text -->        <div  data-lazy=\"1\" class=\"module_subrow themify_builder_sub_row tf_w col_align_top tb_col_count_4 tb_pqam298\">\n                <div  data-lazy=\"1\" class=\"module_column sub_column col4-1 tb_wke9300 first\">\n                    <!-- module feature -->\n<div  class=\"module module-feature tb_yidt301 with-chart layout-icon-top size-small \" data-layout-mobile=\"icon-left\" data-layout-desktop=\"icon-top\" data-lazy=\"1\">\n        <div class=\"module-feature-image tf_textc tf_rel\">\n                            <a href=\"https:\/\/www.pleteninespenko.si\/de\/produktkategorie\/herrenstrickwaren\/\">\n                        <span class=\"module-feature-chart-html5 tf_box tf_rel tf_inline_b\">\n                                    <svg class=\"tf_abs tf_w tf_h\">\n                    <circle class=\"tb_feature_fill\" r=\"calc(50% - 1.50px)\" cx=\"50%\" cy=\"50%\" stroke-width=\"3\"\/>\n                    <circle class=\"tb_feature_stroke\" r=\"calc(50% - 1.50px)\" cx=\"50%\" cy=\"50%\" stroke=\"#9655a2\" stroke-width=\"3\" data-progress=\"100\" stroke-dasharray=\"0,10000\"\/>\n                                        <\/svg>\n                                <span class=\"chart-html5-circle tf_w tf_h\">\n                    <img decoding=\"async\" src=\"https:\/\/www.pleteninespenko.si\/wp-content\/uploads\/2025\/11\/Pletenine-Spenko-moske-pletenine-jopica-ozbej-modra-928x1024-100x100.jpg\" width=\"100\" height=\"100\" class=\"wp-post-image wp-image-55058\" title=\"Pletenine-Spenko-herrenstrickwaren-strickjacke-ozbej-modra\" style=\"width:calc(100% - 6px);height:calc(100% - 6px)\" alt=\"Sportliche Strickjacke aus reliefartigem Strick, die Komfort und Funktionalit\u00e4t vereint. Sie ist mit einer Kapuze, Taschen und verst\u00e4rkten \u00c4rmeln ausgestattet, was ihr ein modernes und praktisches Aussehen verleiht.\" srcset=\"https:\/\/www.pleteninespenko.si\/wp-content\/uploads\/2025\/11\/Pletenine-Spenko-moske-pletenine-jopica-ozbej-modra-928x1024-100x100.jpg 100w, https:\/\/www.pleteninespenko.si\/wp-content\/uploads\/2025\/11\/Pletenine-Spenko-moske-pletenine-jopica-ozbej-modra-150x150.jpg 150w, https:\/\/www.pleteninespenko.si\/wp-content\/uploads\/2025\/11\/Pletenine-Spenko-moske-pletenine-jopica-ozbej-modra-300x300.jpg 300w, https:\/\/www.pleteninespenko.si\/wp-content\/uploads\/2025\/11\/Pletenine-Spenko-moske-pletenine-jopica-ozbej-modra-928x1024-47x48.jpg 47w\" sizes=\"(max-width: 100px) 100vw, 100px\" \/>                                    <\/span>\n\n                \n            <\/span>\n                        <\/a>\n            <\/div>\n    <div class=\"module-feature-content tf_textc\">\n                    <h3 class=\"module-feature-title\">\n                            <a href=\"https:\/\/www.pleteninespenko.si\/de\/produktkategorie\/herrenstrickwaren\/\">M\u00e4nnermode<\/a>\n                        <\/h3>\n                    <div class=\"tb_text_wrap\">\n                    <\/div>\n    <\/div>\n<\/div>\n<!-- \/module feature -->\n        <\/div>\n                    <div  data-lazy=\"1\" class=\"module_column sub_column col4-1 tb_97ij301\">\n                    <!-- module feature -->\n<div  class=\"module module-feature tb_3nrd302 with-chart layout-icon-top size-small \" data-layout-mobile=\"icon-left\" data-layout-desktop=\"icon-top\" data-lazy=\"1\">\n        <div class=\"module-feature-image tf_textc tf_rel\">\n                            <a href=\"https:\/\/www.pleteninespenko.si\/de\/produktkategorie\/damenstrickwaren\/\">\n                        <span class=\"module-feature-chart-html5 tf_box tf_rel tf_inline_b\">\n                                    <svg class=\"tf_abs tf_w tf_h\">\n                    <circle class=\"tb_feature_fill\" r=\"calc(50% - 1.50px)\" cx=\"50%\" cy=\"50%\" stroke-width=\"3\"\/>\n                    <circle class=\"tb_feature_stroke\" r=\"calc(50% - 1.50px)\" cx=\"50%\" cy=\"50%\" stroke=\"#9655a2\" stroke-width=\"3\" data-progress=\"100\" stroke-dasharray=\"0,10000\"\/>\n                                        <\/svg>\n                                <span class=\"chart-html5-circle tf_w tf_h\">\n                    <img decoding=\"async\" src=\"https:\/\/www.pleteninespenko.si\/wp-content\/uploads\/2026\/03\/Pletenine-Spenko-zenske-pletenine-pulover-clarine-oranzna-928x1024-100x100.jpg\" width=\"100\" height=\"100\" class=\"wp-post-image wp-image-57363\" title=\"Pletenine-Spenko-Damenstrickwaren-pullover-clarine-oranzna\" style=\"width:calc(100% - 6px);height:calc(100% - 6px)\" alt=\"Ein luftiger Baumwollpullover aus modernem Netzstrick mit Rundhalsausschnitt. Die leichte Strickstruktur sorgt f\u00fcr einen frischen und entspannten Look, w\u00e4hrend der untere Abschluss des Pullovers mit einem B\u00fcndchen f\u00fcr einen sch\u00f6nen Sitz sorgt. L\u00e4sst sich hervorragend mit Jeans oder eleganten Hosen kombinieren und ist f\u00fcr w\u00e4rmere Tage geeignet.\" srcset=\"https:\/\/www.pleteninespenko.si\/wp-content\/uploads\/2026\/03\/Pletenine-Spenko-zenske-pletenine-pulover-clarine-oranzna-928x1024-100x100.jpg 100w, https:\/\/www.pleteninespenko.si\/wp-content\/uploads\/2026\/03\/Pletenine-Spenko-zenske-pletenine-pulover-clarine-oranzna-150x150.jpg 150w, https:\/\/www.pleteninespenko.si\/wp-content\/uploads\/2026\/03\/Pletenine-Spenko-zenske-pletenine-pulover-clarine-oranzna-300x300.jpg 300w\" sizes=\"(max-width: 100px) 100vw, 100px\" \/>                                    <\/span>\n\n                \n            <\/span>\n                        <\/a>\n            <\/div>\n    <div class=\"module-feature-content tf_textc\">\n                    <h3 class=\"module-feature-title\">\n                            <a href=\"https:\/\/www.pleteninespenko.si\/de\/produktkategorie\/damenstrickwaren\/\">Damenmode<\/a>\n                        <\/h3>\n                    <div class=\"tb_text_wrap\">\n                    <\/div>\n    <\/div>\n<\/div>\n<!-- \/module feature -->\n        <\/div>\n                    <div  data-lazy=\"1\" class=\"module_column sub_column col4-1 tb_g0al303\">\n                    <!-- module feature -->\n<div  class=\"module module-feature tb_84k4303 with-chart layout-icon-top size-small \" data-layout-mobile=\"icon-left\" data-layout-desktop=\"icon-top\" data-lazy=\"1\">\n        <div class=\"module-feature-image tf_textc tf_rel\">\n                            <a href=\"https:\/\/www.pleteninespenko.si\/de\/produktkategorie\/strickwaren-als-modeaccessoires\/\">\n                        <span class=\"module-feature-chart-html5 tf_box tf_rel tf_inline_b\">\n                                    <svg class=\"tf_abs tf_w tf_h\">\n                    <circle class=\"tb_feature_fill\" r=\"calc(50% - 1.50px)\" cx=\"50%\" cy=\"50%\" stroke-width=\"3\"\/>\n                    <circle class=\"tb_feature_stroke\" r=\"calc(50% - 1.50px)\" cx=\"50%\" cy=\"50%\" stroke=\"#9655a2\" stroke-width=\"3\" data-progress=\"100\" stroke-dasharray=\"0,10000\"\/>\n                                        <\/svg>\n                                <span class=\"chart-html5-circle tf_w tf_h\">\n                    <img decoding=\"async\" src=\"https:\/\/www.pleteninespenko.si\/wp-content\/uploads\/2025\/10\/Pletenine-Spenko-zenske-pletenine-pulover-olivia-lila-928x1024-100x100.jpg\" width=\"100\" height=\"100\" class=\"wp-post-image wp-image-54885\" title=\"Pletenine-Spenko-damenstrickwaren-pullover-olivia-lila\" style=\"width:calc(100% - 6px);height:calc(100% - 6px)\" alt=\"Ein klassischer Damenpullover aus weicher Strickware, der W\u00e4rme und Komfort bietet. Das dezente Muster auf der Vorderseite verleiht ihm eine subtile dekorative Note, w\u00e4hrend der schlichte Schnitt ihn leicht kombinierbar macht. Ideal f\u00fcr den Alltag, aber auch elegant genug f\u00fcr besondere Anl\u00e4sse.\" srcset=\"https:\/\/www.pleteninespenko.si\/wp-content\/uploads\/2025\/10\/Pletenine-Spenko-zenske-pletenine-pulover-olivia-lila-928x1024-100x100.jpg 100w, https:\/\/www.pleteninespenko.si\/wp-content\/uploads\/2025\/10\/Pletenine-Spenko-zenske-pletenine-pulover-olivia-lila-150x150.jpg 150w, https:\/\/www.pleteninespenko.si\/wp-content\/uploads\/2025\/10\/Pletenine-Spenko-zenske-pletenine-pulover-olivia-lila-300x300.jpg 300w\" sizes=\"(max-width: 100px) 100vw, 100px\" \/>                                    <\/span>\n\n                \n            <\/span>\n                        <\/a>\n            <\/div>\n    <div class=\"module-feature-content tf_textc\">\n                    <h3 class=\"module-feature-title\">\n                            <a href=\"https:\/\/www.pleteninespenko.si\/de\/produktkategorie\/strickwaren-als-modeaccessoires\/\">Modeaccessoires<\/a>\n                        <\/h3>\n                    <div class=\"tb_text_wrap\">\n                    <\/div>\n    <\/div>\n<\/div>\n<!-- \/module feature -->\n        <\/div>\n                    <div  data-lazy=\"1\" class=\"module_column sub_column col4-1 tb_hq8f303 last\">\n                    <!-- module feature -->\n<div  class=\"module module-feature tb_34lx304 with-chart layout-icon-top size-small \" data-layout-mobile=\"icon-left\" data-layout-desktop=\"icon-top\" data-lazy=\"1\">\n        <div class=\"module-feature-image tf_textc tf_rel\">\n                            <a href=\"https:\/\/www.pleteninespenko.si\/de\/produktkategorie\/strickwaren-fur-die-freizeit\/\">\n                        <span class=\"module-feature-chart-html5 tf_box tf_rel tf_inline_b\">\n                                    <svg class=\"tf_abs tf_w tf_h\">\n                    <circle class=\"tb_feature_fill\" r=\"calc(50% - 1.50px)\" cx=\"50%\" cy=\"50%\" stroke-width=\"3\"\/>\n                    <circle class=\"tb_feature_stroke\" r=\"calc(50% - 1.50px)\" cx=\"50%\" cy=\"50%\" stroke=\"#9655a2\" stroke-width=\"3\" data-progress=\"100\" stroke-dasharray=\"0,10000\"\/>\n                                        <\/svg>\n                                <span class=\"chart-html5-circle tf_w tf_h\">\n                    <img decoding=\"async\" src=\"https:\/\/www.pleteninespenko.si\/wp-content\/uploads\/2024\/11\/Pletenine-Spenko-pletenine-za-prosti-cas-pletena-odeja-928x1024-100x100.jpg\" width=\"100\" height=\"100\" class=\"wp-post-image wp-image-43703\" title=\"Pletenine-Spenko-pletenine-za-prosti-cas-pletena-odeja\" style=\"width:calc(100% - 6px);height:calc(100% - 6px)\" alt=\"Topla volnena odeja za hladne jesenske in zimske dni. Volna nas poleg na\u0161ih najbli\u017ejih, greje najceneje!\" srcset=\"https:\/\/www.pleteninespenko.si\/wp-content\/uploads\/2024\/11\/Pletenine-Spenko-pletenine-za-prosti-cas-pletena-odeja-928x1024-100x100.jpg 100w, https:\/\/www.pleteninespenko.si\/wp-content\/uploads\/2024\/11\/Pletenine-Spenko-pletenine-za-prosti-cas-pletena-odeja-150x150.jpg 150w, https:\/\/www.pleteninespenko.si\/wp-content\/uploads\/2024\/11\/Pletenine-Spenko-pletenine-za-prosti-cas-pletena-odeja-300x300.jpg 300w\" sizes=\"(max-width: 100px) 100vw, 100px\" \/>                                    <\/span>\n\n                \n            <\/span>\n                        <\/a>\n            <\/div>\n    <div class=\"module-feature-content tf_textc\">\n                    <h3 class=\"module-feature-title\">\n                            <a href=\"https:\/\/www.pleteninespenko.si\/de\/produktkategorie\/strickwaren-fur-die-freizeit\/\">Strickwaren f\u00fcr die Freizeit<\/a>\n                        <\/h3>\n                    <div class=\"tb_text_wrap\">\n                    <\/div>\n    <\/div>\n<\/div>\n<!-- \/module feature -->\n        <\/div>\n                    <\/div>\n                <div  data-lazy=\"1\" class=\"module_subrow themify_builder_sub_row tf_w col_align_top tb_col_count_1 tb_4lkn304\">\n                <div  data-lazy=\"1\" class=\"module_column sub_column col-full tb_3fpk305 first\">\n                    <!-- module divider -->\n<div  class=\"module tf_mw module-divider tb_jq47305 dotted   \" style=\"border-width: 2px;border-color: #9655a2;margin-top: 40px;margin-bottom: 40px;\" data-lazy=\"1\">\n    <\/div>\n<!-- \/module divider -->\n<!-- module text -->\n<div  class=\"module module-text tb_er9i305   \" data-lazy=\"1\">\n        <div  class=\"tb_text_wrap\">\n        <h2 style=\"text-align: center\">Die neue Fr\u00fchling-Sommer-Kollektion ist jetzt auch in unseren Filialen in ganz Slowenien und Kroatien erh\u00e4ltlich!<\/h2>    <\/div>\n<\/div>\n<!-- \/module text --><!-- module plain text -->\n<div  class=\"module module-plain-text tb_00b1383 \" data-lazy=\"1\">\n        <div class=\"tb_text_wrap\">\n    <iframe src=\"https:\/\/www.google.com\/maps\/embed?pb=!1m18!1m12!1m3!1d2761.6713674976463!2d14.546880877001865!3d46.19709798424033!2m3!1f0!2f0!3f0!3m2!1i1024!2i768!4f13.1!3m3!1m2!1s0x47653552fb54af8b%3A0xcc1f3a35213ec76d!2sPletenine%20%C5%A0penko%20Jana%20%C5%A0penko%20Ko%C4%8Dar%20s.p.!5e0!3m2!1ssl!2ssi!4v1766575943686!5m2!1ssl!2ssi\" width=\"100%\" height=\"600\" style=\"border:0;\" allowfullscreen=\"\" loading=\"lazy\" referrerpolicy=\"no-referrer-when-downgrade\"><\/iframe>    <\/div>\n<\/div>\n<!-- \/module plain text --><!-- module button pro -->\n<div  id=\"tb_b0w6669\" class=\"module module-button tb_b0w6669 button-link-external  tb_default_color\" data-lazy=\"1\">\n\t\n    <a  class=\"ui builder_button tb_default_color\" href=\"https:\/\/www.pleteninespenko.si\/de\/wo-sind-wir\/\" target=\"_blank\">\n\t\t<span><svg  class=\"tf_fa tf-ti-angle-right\" xmlns:xlink=\"http:\/\/www.w3.org\/1999\/xlink\" aria-hidden=\"true\"><use href=\"#tf-ti-angle-right\" xlink:href=\"#tf-ti-angle-right\"><\/use><\/svg><\/span> \t\t<span>Zu den Filialen<\/span>\n    <\/a>\n\n\t\n\t<\/div>\n<!-- \/module button pro -->\n        <\/div>\n                    <\/div>\n                <\/div>\n                        <\/div>\n        <\/div>\n        <\/div>\n<!--\/themify_builder_content-->","protected":false},"excerpt":{"rendered":"<p>Wir pr\u00e4sentieren bei Pletenine \u0160penko eine neue Fr\u00fchjahrs-Sommer-Kollektion, die Eleganz, Komfort und eine feminine Note in jedem einzelnen St\u00fcck vereint.<\/p>\n","protected":false},"author":23,"featured_media":58230,"comment_status":"closed","ping_status":"open","sticky":false,"template":"","format":"standard","meta":{"inline_featured_image":false,"footnotes":""},"categories":[2538],"tags":[3334,3335,3337,3338,3400,3485],"class_list":["post-58266","post","type-post","status-publish","format-standard","has-post-thumbnail","hentry","category-neu","tag-pletenine-spenko-de","tag-spomladanska-kolekcija-de","tag-neu-de","tag-neue-modelle-de","tag-neue-kollektion","tag-fruhling-sommer","has-post-title","has-post-date","has-post-category","has-post-tag","has-post-comment","has-post-author",""],"yoast_head":"<!-- This site is optimized with the Yoast SEO plugin v27.5 - https:\/\/yoast.com\/product\/yoast-seo-wordpress\/ -->\n<title>Pletenine \u0160penko | Der Fr\u00fchling duftet nach Frische \u2013 und mit ihm kommt die neue Kollektion, die Ihren Stil belebt!<\/title>\n<meta name=\"description\" content=\"Wir pr\u00e4sentieren bei Pletenine \u0160penko eine neue Fr\u00fchjahrs-Sommer-Kollektion, die Eleganz, Komfort und eine feminine Note in jedem einzelnen St\u00fcck vereint.\" \/>\n<meta name=\"robots\" content=\"index, follow, max-snippet:-1, max-image-preview:large, max-video-preview:-1\" \/>\n<link rel=\"canonical\" href=\"https:\/\/www.pleteninespenko.si\/de\/der-fruhling-duftet-nach-frische-und-mit-ihm-kommt-die-neue-kollektion-die-ihren-stil-belebt\/\" \/>\n<meta property=\"og:locale\" content=\"de_DE\" \/>\n<meta property=\"og:type\" content=\"article\" \/>\n<meta property=\"og:title\" content=\"Pletenine \u0160penko | Der Fr\u00fchling duftet nach Frische \u2013 und mit ihm kommt die neue Kollektion, die Ihren Stil belebt!\" \/>\n<meta property=\"og:description\" content=\"Wir pr\u00e4sentieren bei Pletenine \u0160penko eine neue Fr\u00fchjahrs-Sommer-Kollektion, die Eleganz, Komfort und eine feminine Note in jedem einzelnen St\u00fcck vereint.\" \/>\n<meta property=\"og:url\" content=\"https:\/\/www.pleteninespenko.si\/de\/der-fruhling-duftet-nach-frische-und-mit-ihm-kommt-die-neue-kollektion-die-ihren-stil-belebt\/\" \/>\n<meta property=\"og:site_name\" content=\"Pletenine \u0160penko\" \/>\n<meta property=\"article:publisher\" content=\"https:\/\/www.facebook.com\/PletenineSpenko\/\" \/>\n<meta property=\"article:published_time\" content=\"2026-03-14T14:21:09+00:00\" \/>\n<meta property=\"article:modified_time\" content=\"2026-03-14T14:31:56+00:00\" \/>\n<meta property=\"og:image\" content=\"https:\/\/www.pleteninespenko.si\/wp-content\/uploads\/2026\/03\/Pletenine-Spenko-nova-spomladansko-poletna-kolekcija-2026-1400x935px.jpg\" \/>\n\t<meta property=\"og:image:width\" content=\"1400\" \/>\n\t<meta property=\"og:image:height\" content=\"935\" \/>\n\t<meta property=\"og:image:type\" content=\"image\/jpeg\" \/>\n<meta name=\"author\" content=\"Pletenine \u0160penko\" \/>\n<meta name=\"twitter:card\" content=\"summary_large_image\" \/>\n<meta name=\"twitter:label1\" content=\"Verfasst von\" \/>\n\t<meta name=\"twitter:data1\" content=\"Pletenine \u0160penko\" \/>\n\t<meta name=\"twitter:label2\" content=\"Gesch\u00e4tzte Lesezeit\" \/>\n\t<meta name=\"twitter:data2\" content=\"3\u00a0Minuten\" \/>\n<script type=\"application\/ld+json\" class=\"yoast-schema-graph\">{\"@context\":\"https:\\\/\\\/schema.org\",\"@graph\":[{\"@type\":\"Article\",\"@id\":\"https:\\\/\\\/www.pleteninespenko.si\\\/de\\\/der-fruhling-duftet-nach-frische-und-mit-ihm-kommt-die-neue-kollektion-die-ihren-stil-belebt\\\/#article\",\"isPartOf\":{\"@id\":\"https:\\\/\\\/www.pleteninespenko.si\\\/de\\\/der-fruhling-duftet-nach-frische-und-mit-ihm-kommt-die-neue-kollektion-die-ihren-stil-belebt\\\/\"},\"author\":{\"name\":\"Pletenine \u0160penko\",\"@id\":\"https:\\\/\\\/www.pleteninespenko.si\\\/de\\\/#\\\/schema\\\/person\\\/42057a36ac52999c23bf81fc85a7f23b\"},\"headline\":\"Der Fr\u00fchling duftet nach Frische \u2013 und mit ihm kommt die neue Kollektion, die Ihren Stil belebt!\",\"datePublished\":\"2026-03-14T14:21:09+00:00\",\"dateModified\":\"2026-03-14T14:31:56+00:00\",\"mainEntityOfPage\":{\"@id\":\"https:\\\/\\\/www.pleteninespenko.si\\\/de\\\/der-fruhling-duftet-nach-frische-und-mit-ihm-kommt-die-neue-kollektion-die-ihren-stil-belebt\\\/\"},\"wordCount\":262,\"publisher\":{\"@id\":\"https:\\\/\\\/www.pleteninespenko.si\\\/de\\\/#organization\"},\"image\":{\"@id\":\"https:\\\/\\\/www.pleteninespenko.si\\\/de\\\/der-fruhling-duftet-nach-frische-und-mit-ihm-kommt-die-neue-kollektion-die-ihren-stil-belebt\\\/#primaryimage\"},\"thumbnailUrl\":\"https:\\\/\\\/www.pleteninespenko.si\\\/wp-content\\\/uploads\\\/2026\\\/03\\\/Pletenine-Spenko-nova-spomladansko-poletna-kolekcija-2026-1400x935px.jpg\",\"keywords\":[\"pletenine \u0161penko\",\"spomladanska kolekcija\",\"neu\",\"neue Modelle\",\"neue Kollektion\",\"Fr\u00fchling\u2013Sommer\"],\"articleSection\":[\"Neu\"],\"inLanguage\":\"de\"},{\"@type\":\"WebPage\",\"@id\":\"https:\\\/\\\/www.pleteninespenko.si\\\/de\\\/der-fruhling-duftet-nach-frische-und-mit-ihm-kommt-die-neue-kollektion-die-ihren-stil-belebt\\\/\",\"url\":\"https:\\\/\\\/www.pleteninespenko.si\\\/de\\\/der-fruhling-duftet-nach-frische-und-mit-ihm-kommt-die-neue-kollektion-die-ihren-stil-belebt\\\/\",\"name\":\"Pletenine \u0160penko | Der Fr\u00fchling duftet nach Frische \u2013 und mit ihm kommt die neue Kollektion, die Ihren Stil belebt!\",\"isPartOf\":{\"@id\":\"https:\\\/\\\/www.pleteninespenko.si\\\/de\\\/#website\"},\"primaryImageOfPage\":{\"@id\":\"https:\\\/\\\/www.pleteninespenko.si\\\/de\\\/der-fruhling-duftet-nach-frische-und-mit-ihm-kommt-die-neue-kollektion-die-ihren-stil-belebt\\\/#primaryimage\"},\"image\":{\"@id\":\"https:\\\/\\\/www.pleteninespenko.si\\\/de\\\/der-fruhling-duftet-nach-frische-und-mit-ihm-kommt-die-neue-kollektion-die-ihren-stil-belebt\\\/#primaryimage\"},\"thumbnailUrl\":\"https:\\\/\\\/www.pleteninespenko.si\\\/wp-content\\\/uploads\\\/2026\\\/03\\\/Pletenine-Spenko-nova-spomladansko-poletna-kolekcija-2026-1400x935px.jpg\",\"datePublished\":\"2026-03-14T14:21:09+00:00\",\"dateModified\":\"2026-03-14T14:31:56+00:00\",\"description\":\"Wir pr\u00e4sentieren bei Pletenine \u0160penko eine neue Fr\u00fchjahrs-Sommer-Kollektion, die Eleganz, Komfort und eine feminine Note in jedem einzelnen St\u00fcck vereint.\",\"breadcrumb\":{\"@id\":\"https:\\\/\\\/www.pleteninespenko.si\\\/de\\\/der-fruhling-duftet-nach-frische-und-mit-ihm-kommt-die-neue-kollektion-die-ihren-stil-belebt\\\/#breadcrumb\"},\"inLanguage\":\"de\",\"potentialAction\":[{\"@type\":\"ReadAction\",\"target\":[\"https:\\\/\\\/www.pleteninespenko.si\\\/de\\\/der-fruhling-duftet-nach-frische-und-mit-ihm-kommt-die-neue-kollektion-die-ihren-stil-belebt\\\/\"]}]},{\"@type\":\"ImageObject\",\"inLanguage\":\"de\",\"@id\":\"https:\\\/\\\/www.pleteninespenko.si\\\/de\\\/der-fruhling-duftet-nach-frische-und-mit-ihm-kommt-die-neue-kollektion-die-ihren-stil-belebt\\\/#primaryimage\",\"url\":\"https:\\\/\\\/www.pleteninespenko.si\\\/wp-content\\\/uploads\\\/2026\\\/03\\\/Pletenine-Spenko-nova-spomladansko-poletna-kolekcija-2026-1400x935px.jpg\",\"contentUrl\":\"https:\\\/\\\/www.pleteninespenko.si\\\/wp-content\\\/uploads\\\/2026\\\/03\\\/Pletenine-Spenko-nova-spomladansko-poletna-kolekcija-2026-1400x935px.jpg\",\"width\":1400,\"height\":935,\"caption\":\"Neue Fr\u00fchling-Sommer-Strickkollektion 2026 bei Pletenine \u0160penko. Leichte Pullover, Strickjacken, Ponchos und andere Strickwaren f\u00fcr Fr\u00fchling und Sommer.\"},{\"@type\":\"BreadcrumbList\",\"@id\":\"https:\\\/\\\/www.pleteninespenko.si\\\/de\\\/der-fruhling-duftet-nach-frische-und-mit-ihm-kommt-die-neue-kollektion-die-ihren-stil-belebt\\\/#breadcrumb\",\"itemListElement\":[{\"@type\":\"ListItem\",\"position\":1,\"name\":\"Home\",\"item\":\"https:\\\/\\\/www.pleteninespenko.si\\\/de\\\/\"},{\"@type\":\"ListItem\",\"position\":2,\"name\":\"Der Fr\u00fchling duftet nach Frische \u2013 und mit ihm kommt die neue Kollektion, die Ihren Stil belebt!\"}]},{\"@type\":\"WebSite\",\"@id\":\"https:\\\/\\\/www.pleteninespenko.si\\\/de\\\/#website\",\"url\":\"https:\\\/\\\/www.pleteninespenko.si\\\/de\\\/\",\"name\":\"Pletenine \u0160penko\",\"description\":\"Damen- und Herrenstrickwaren nach der neuesten Mode\",\"publisher\":{\"@id\":\"https:\\\/\\\/www.pleteninespenko.si\\\/de\\\/#organization\"},\"potentialAction\":[{\"@type\":\"SearchAction\",\"target\":{\"@type\":\"EntryPoint\",\"urlTemplate\":\"https:\\\/\\\/www.pleteninespenko.si\\\/de\\\/?s={search_term_string}\"},\"query-input\":{\"@type\":\"PropertyValueSpecification\",\"valueRequired\":true,\"valueName\":\"search_term_string\"}}],\"inLanguage\":\"de\"},{\"@type\":\"Organization\",\"@id\":\"https:\\\/\\\/www.pleteninespenko.si\\\/de\\\/#organization\",\"name\":\"Pletenine \u0160penko\",\"url\":\"https:\\\/\\\/www.pleteninespenko.si\\\/de\\\/\",\"logo\":{\"@type\":\"ImageObject\",\"inLanguage\":\"de\",\"@id\":\"https:\\\/\\\/www.pleteninespenko.si\\\/de\\\/#\\\/schema\\\/logo\\\/image\\\/\",\"url\":\"https:\\\/\\\/www.pleteninespenko.si\\\/wp-content\\\/uploads\\\/2020\\\/06\\\/Pletenine_Spenko.png\",\"contentUrl\":\"https:\\\/\\\/www.pleteninespenko.si\\\/wp-content\\\/uploads\\\/2020\\\/06\\\/Pletenine_Spenko.png\",\"width\":717,\"height\":140,\"caption\":\"Pletenine \u0160penko\"},\"image\":{\"@id\":\"https:\\\/\\\/www.pleteninespenko.si\\\/de\\\/#\\\/schema\\\/logo\\\/image\\\/\"},\"sameAs\":[\"https:\\\/\\\/www.facebook.com\\\/PletenineSpenko\\\/\",\"https:\\\/\\\/www.instagram.com\\\/pleteninespenko\\\/\"]},{\"@type\":\"Person\",\"@id\":\"https:\\\/\\\/www.pleteninespenko.si\\\/de\\\/#\\\/schema\\\/person\\\/42057a36ac52999c23bf81fc85a7f23b\",\"name\":\"Pletenine \u0160penko\",\"image\":{\"@type\":\"ImageObject\",\"inLanguage\":\"de\",\"@id\":\"https:\\\/\\\/www.pleteninespenko.si\\\/wp-content\\\/litespeed\\\/avatar\\\/4059debda33b2bcf06945cee9649f404.jpg?ver=1777055459\",\"url\":\"https:\\\/\\\/www.pleteninespenko.si\\\/wp-content\\\/litespeed\\\/avatar\\\/4059debda33b2bcf06945cee9649f404.jpg?ver=1777055459\",\"contentUrl\":\"https:\\\/\\\/www.pleteninespenko.si\\\/wp-content\\\/litespeed\\\/avatar\\\/4059debda33b2bcf06945cee9649f404.jpg?ver=1777055459\",\"caption\":\"Pletenine \u0160penko\"}}]}<\/script>\n<!-- \/ Yoast SEO plugin. -->","yoast_head_json":{"title":"Pletenine \u0160penko | Der Fr\u00fchling duftet nach Frische \u2013 und mit ihm kommt die neue Kollektion, die Ihren Stil belebt!","description":"Wir pr\u00e4sentieren bei Pletenine \u0160penko eine neue Fr\u00fchjahrs-Sommer-Kollektion, die Eleganz, Komfort und eine feminine Note in jedem einzelnen St\u00fcck vereint.","robots":{"index":"index","follow":"follow","max-snippet":"max-snippet:-1","max-image-preview":"max-image-preview:large","max-video-preview":"max-video-preview:-1"},"canonical":"https:\/\/www.pleteninespenko.si\/de\/der-fruhling-duftet-nach-frische-und-mit-ihm-kommt-die-neue-kollektion-die-ihren-stil-belebt\/","og_locale":"de_DE","og_type":"article","og_title":"Pletenine \u0160penko | Der Fr\u00fchling duftet nach Frische \u2013 und mit ihm kommt die neue Kollektion, die Ihren Stil belebt!","og_description":"Wir pr\u00e4sentieren bei Pletenine \u0160penko eine neue Fr\u00fchjahrs-Sommer-Kollektion, die Eleganz, Komfort und eine feminine Note in jedem einzelnen St\u00fcck vereint.","og_url":"https:\/\/www.pleteninespenko.si\/de\/der-fruhling-duftet-nach-frische-und-mit-ihm-kommt-die-neue-kollektion-die-ihren-stil-belebt\/","og_site_name":"Pletenine \u0160penko","article_publisher":"https:\/\/www.facebook.com\/PletenineSpenko\/","article_published_time":"2026-03-14T14:21:09+00:00","article_modified_time":"2026-03-14T14:31:56+00:00","og_image":[{"width":1400,"height":935,"url":"https:\/\/www.pleteninespenko.si\/wp-content\/uploads\/2026\/03\/Pletenine-Spenko-nova-spomladansko-poletna-kolekcija-2026-1400x935px.jpg","type":"image\/jpeg"}],"author":"Pletenine \u0160penko","twitter_card":"summary_large_image","twitter_misc":{"Verfasst von":"Pletenine \u0160penko","Gesch\u00e4tzte Lesezeit":"3\u00a0Minuten"},"schema":{"@context":"https:\/\/schema.org","@graph":[{"@type":"Article","@id":"https:\/\/www.pleteninespenko.si\/de\/der-fruhling-duftet-nach-frische-und-mit-ihm-kommt-die-neue-kollektion-die-ihren-stil-belebt\/#article","isPartOf":{"@id":"https:\/\/www.pleteninespenko.si\/de\/der-fruhling-duftet-nach-frische-und-mit-ihm-kommt-die-neue-kollektion-die-ihren-stil-belebt\/"},"author":{"name":"Pletenine \u0160penko","@id":"https:\/\/www.pleteninespenko.si\/de\/#\/schema\/person\/42057a36ac52999c23bf81fc85a7f23b"},"headline":"Der Fr\u00fchling duftet nach Frische \u2013 und mit ihm kommt die neue Kollektion, die Ihren Stil belebt!","datePublished":"2026-03-14T14:21:09+00:00","dateModified":"2026-03-14T14:31:56+00:00","mainEntityOfPage":{"@id":"https:\/\/www.pleteninespenko.si\/de\/der-fruhling-duftet-nach-frische-und-mit-ihm-kommt-die-neue-kollektion-die-ihren-stil-belebt\/"},"wordCount":262,"publisher":{"@id":"https:\/\/www.pleteninespenko.si\/de\/#organization"},"image":{"@id":"https:\/\/www.pleteninespenko.si\/de\/der-fruhling-duftet-nach-frische-und-mit-ihm-kommt-die-neue-kollektion-die-ihren-stil-belebt\/#primaryimage"},"thumbnailUrl":"https:\/\/www.pleteninespenko.si\/wp-content\/uploads\/2026\/03\/Pletenine-Spenko-nova-spomladansko-poletna-kolekcija-2026-1400x935px.jpg","keywords":["pletenine \u0161penko","spomladanska kolekcija","neu","neue Modelle","neue Kollektion","Fr\u00fchling\u2013Sommer"],"articleSection":["Neu"],"inLanguage":"de"},{"@type":"WebPage","@id":"https:\/\/www.pleteninespenko.si\/de\/der-fruhling-duftet-nach-frische-und-mit-ihm-kommt-die-neue-kollektion-die-ihren-stil-belebt\/","url":"https:\/\/www.pleteninespenko.si\/de\/der-fruhling-duftet-nach-frische-und-mit-ihm-kommt-die-neue-kollektion-die-ihren-stil-belebt\/","name":"Pletenine \u0160penko | Der Fr\u00fchling duftet nach Frische \u2013 und mit ihm kommt die neue Kollektion, die Ihren Stil belebt!","isPartOf":{"@id":"https:\/\/www.pleteninespenko.si\/de\/#website"},"primaryImageOfPage":{"@id":"https:\/\/www.pleteninespenko.si\/de\/der-fruhling-duftet-nach-frische-und-mit-ihm-kommt-die-neue-kollektion-die-ihren-stil-belebt\/#primaryimage"},"image":{"@id":"https:\/\/www.pleteninespenko.si\/de\/der-fruhling-duftet-nach-frische-und-mit-ihm-kommt-die-neue-kollektion-die-ihren-stil-belebt\/#primaryimage"},"thumbnailUrl":"https:\/\/www.pleteninespenko.si\/wp-content\/uploads\/2026\/03\/Pletenine-Spenko-nova-spomladansko-poletna-kolekcija-2026-1400x935px.jpg","datePublished":"2026-03-14T14:21:09+00:00","dateModified":"2026-03-14T14:31:56+00:00","description":"Wir pr\u00e4sentieren bei Pletenine \u0160penko eine neue Fr\u00fchjahrs-Sommer-Kollektion, die Eleganz, Komfort und eine feminine Note in jedem einzelnen St\u00fcck vereint.","breadcrumb":{"@id":"https:\/\/www.pleteninespenko.si\/de\/der-fruhling-duftet-nach-frische-und-mit-ihm-kommt-die-neue-kollektion-die-ihren-stil-belebt\/#breadcrumb"},"inLanguage":"de","potentialAction":[{"@type":"ReadAction","target":["https:\/\/www.pleteninespenko.si\/de\/der-fruhling-duftet-nach-frische-und-mit-ihm-kommt-die-neue-kollektion-die-ihren-stil-belebt\/"]}]},{"@type":"ImageObject","inLanguage":"de","@id":"https:\/\/www.pleteninespenko.si\/de\/der-fruhling-duftet-nach-frische-und-mit-ihm-kommt-die-neue-kollektion-die-ihren-stil-belebt\/#primaryimage","url":"https:\/\/www.pleteninespenko.si\/wp-content\/uploads\/2026\/03\/Pletenine-Spenko-nova-spomladansko-poletna-kolekcija-2026-1400x935px.jpg","contentUrl":"https:\/\/www.pleteninespenko.si\/wp-content\/uploads\/2026\/03\/Pletenine-Spenko-nova-spomladansko-poletna-kolekcija-2026-1400x935px.jpg","width":1400,"height":935,"caption":"Neue Fr\u00fchling-Sommer-Strickkollektion 2026 bei Pletenine \u0160penko. Leichte Pullover, Strickjacken, Ponchos und andere Strickwaren f\u00fcr Fr\u00fchling und Sommer."},{"@type":"BreadcrumbList","@id":"https:\/\/www.pleteninespenko.si\/de\/der-fruhling-duftet-nach-frische-und-mit-ihm-kommt-die-neue-kollektion-die-ihren-stil-belebt\/#breadcrumb","itemListElement":[{"@type":"ListItem","position":1,"name":"Home","item":"https:\/\/www.pleteninespenko.si\/de\/"},{"@type":"ListItem","position":2,"name":"Der Fr\u00fchling duftet nach Frische \u2013 und mit ihm kommt die neue Kollektion, die Ihren Stil belebt!"}]},{"@type":"WebSite","@id":"https:\/\/www.pleteninespenko.si\/de\/#website","url":"https:\/\/www.pleteninespenko.si\/de\/","name":"Pletenine \u0160penko","description":"Damen- und Herrenstrickwaren nach der neuesten Mode","publisher":{"@id":"https:\/\/www.pleteninespenko.si\/de\/#organization"},"potentialAction":[{"@type":"SearchAction","target":{"@type":"EntryPoint","urlTemplate":"https:\/\/www.pleteninespenko.si\/de\/?s={search_term_string}"},"query-input":{"@type":"PropertyValueSpecification","valueRequired":true,"valueName":"search_term_string"}}],"inLanguage":"de"},{"@type":"Organization","@id":"https:\/\/www.pleteninespenko.si\/de\/#organization","name":"Pletenine \u0160penko","url":"https:\/\/www.pleteninespenko.si\/de\/","logo":{"@type":"ImageObject","inLanguage":"de","@id":"https:\/\/www.pleteninespenko.si\/de\/#\/schema\/logo\/image\/","url":"https:\/\/www.pleteninespenko.si\/wp-content\/uploads\/2020\/06\/Pletenine_Spenko.png","contentUrl":"https:\/\/www.pleteninespenko.si\/wp-content\/uploads\/2020\/06\/Pletenine_Spenko.png","width":717,"height":140,"caption":"Pletenine \u0160penko"},"image":{"@id":"https:\/\/www.pleteninespenko.si\/de\/#\/schema\/logo\/image\/"},"sameAs":["https:\/\/www.facebook.com\/PletenineSpenko\/","https:\/\/www.instagram.com\/pleteninespenko\/"]},{"@type":"Person","@id":"https:\/\/www.pleteninespenko.si\/de\/#\/schema\/person\/42057a36ac52999c23bf81fc85a7f23b","name":"Pletenine \u0160penko","image":{"@type":"ImageObject","inLanguage":"de","@id":"https:\/\/www.pleteninespenko.si\/wp-content\/litespeed\/avatar\/4059debda33b2bcf06945cee9649f404.jpg?ver=1777055459","url":"https:\/\/www.pleteninespenko.si\/wp-content\/litespeed\/avatar\/4059debda33b2bcf06945cee9649f404.jpg?ver=1777055459","contentUrl":"https:\/\/www.pleteninespenko.si\/wp-content\/litespeed\/avatar\/4059debda33b2bcf06945cee9649f404.jpg?ver=1777055459","caption":"Pletenine \u0160penko"}}]}},"_links":{"self":[{"href":"https:\/\/www.pleteninespenko.si\/de\/wp-json\/wp\/v2\/posts\/58266","targetHints":{"allow":["GET"]}}],"collection":[{"href":"https:\/\/www.pleteninespenko.si\/de\/wp-json\/wp\/v2\/posts"}],"about":[{"href":"https:\/\/www.pleteninespenko.si\/de\/wp-json\/wp\/v2\/types\/post"}],"author":[{"embeddable":true,"href":"https:\/\/www.pleteninespenko.si\/de\/wp-json\/wp\/v2\/users\/23"}],"replies":[{"embeddable":true,"href":"https:\/\/www.pleteninespenko.si\/de\/wp-json\/wp\/v2\/comments?post=58266"}],"version-history":[{"count":5,"href":"https:\/\/www.pleteninespenko.si\/de\/wp-json\/wp\/v2\/posts\/58266\/revisions"}],"predecessor-version":[{"id":58284,"href":"https:\/\/www.pleteninespenko.si\/de\/wp-json\/wp\/v2\/posts\/58266\/revisions\/58284"}],"wp:featuredmedia":[{"embeddable":true,"href":"https:\/\/www.pleteninespenko.si\/de\/wp-json\/wp\/v2\/media\/58230"}],"wp:attachment":[{"href":"https:\/\/www.pleteninespenko.si\/de\/wp-json\/wp\/v2\/media?parent=58266"}],"wp:term":[{"taxonomy":"category","embeddable":true,"href":"https:\/\/www.pleteninespenko.si\/de\/wp-json\/wp\/v2\/categories?post=58266"},{"taxonomy":"post_tag","embeddable":true,"href":"https:\/\/www.pleteninespenko.si\/de\/wp-json\/wp\/v2\/tags?post=58266"}],"curies":[{"name":"wp","href":"https:\/\/api.w.org\/{rel}","templated":true}]}}