{"id":19653,"date":"2022-08-28T20:15:04","date_gmt":"2022-08-28T18:15:04","guid":{"rendered":"https:\/\/www.pleteninespenko.si\/?p=19653"},"modified":"2022-08-28T20:19:57","modified_gmt":"2022-08-28T18:19:57","slug":"jutra-i-noci-su-svjeze-a-u-ormaru-nemate-nista-pametno-i-toplo-za-odjenuti","status":"publish","type":"post","link":"https:\/\/www.pleteninespenko.si\/hr\/jutra-i-noci-su-svjeze-a-u-ormaru-nemate-nista-pametno-i-toplo-za-odjenuti\/","title":{"rendered":"Jutra i no\u0107i su svje\u017ee, a u ormaru nemate ni\u0161ta pametno i toplo za odjenuti?"},"content":{"rendered":"<!--themify_builder_content-->\n<div id=\"themify_builder_content-19653\" data-postid=\"19653\" class=\"themify_builder_content themify_builder_content-19653 themify_builder tf_clear\">\n                    <div  data-lazy=\"1\" class=\"module_row themify_builder_row tb_vpfd714 tb_first tf_w\">\n                        <div class=\"row_inner col_align_top tb_col_count_1 tf_box tf_rel\">\n                        <div  data-lazy=\"1\" class=\"module_column tb-column col-full tb_33h3716 first\">\n                    <!-- module text -->\n<div  class=\"module module-text tb_2625716   \" data-lazy=\"1\">\n        <div  class=\"tb_text_wrap\">\n        <p style=\"text-align: center;\">Ne brinite Pletenine \u0160penko, mislimo na vas i obradujemo vas popustima na pro\u0161logodi\u0161nju zimsku kolekciju i do -40 %! Stoga brzo pogledajte na\u0161u <strong><a href=\"https:\/\/www.pleteninespenko.si\/hr\/trgovina\/\">web stranicu<\/a><\/strong>. Obradovati \u0107emo vas popustima sve do 15. rujna 2022!<\/p>    <\/div>\n<\/div>\n<!-- \/module text -->        <div  data-lazy=\"1\" class=\"module_subrow themify_builder_sub_row tf_w col_align_top tb_col_count_4 tb_uxmi717\">\n                <div  data-lazy=\"1\" class=\"module_column sub_column col4-1 tb_w8g2717 first\">\n                    <!-- module feature -->\n<div  class=\"module module-feature tb_7die718 with-chart layout-icon-top size-small \" data-layout-mobile=\"icon-left\" data-layout-desktop=\"icon-top\" data-lazy=\"1\">\n        <div class=\"module-feature-image tf_textc tf_rel\">\n                            <a href=\"https:\/\/www.pleteninespenko.si\/hr\/kategorija-proizvoda\/muska-moda\/\" aria-label=\"Mu\u0161ka moda\">\n                        <span class=\"module-feature-chart-html5 tf_box tf_rel tf_inline_b\">\n                                    <svg class=\"tf_abs tf_w tf_h\">\n                    <circle class=\"tb_feature_fill\" r=\"calc(50% - 1.50px)\" cx=\"50%\" cy=\"50%\" stroke-width=\"3\"\/>\n                    <circle class=\"tb_feature_stroke\" r=\"calc(50% - 1.50px)\" cx=\"50%\" cy=\"50%\" stroke=\"#9655a2\" stroke-width=\"3\" data-progress=\"100\" stroke-dasharray=\"0,10000\"\/>\n                                        <\/svg>\n                                <span class=\"chart-html5-circle tf_w tf_h\">\n                    <img decoding=\"async\" src=\"https:\/\/www.pleteninespenko.si\/wp-content\/uploads\/2021\/03\/Pletenine_Spenko_jopa_gaber-928x1024-100x100.jpg\" width=\"100\" height=\"100\" class=\"wp-post-image wp-image-13235\" style=\"width:calc(100% - 6px);height:calc(100% - 6px)\" alt=\"Mu\u0161ka moda\" srcset=\"https:\/\/www.pleteninespenko.si\/wp-content\/uploads\/2021\/03\/Pletenine_Spenko_jopa_gaber-928x1024-100x100.jpg 100w, https:\/\/www.pleteninespenko.si\/wp-content\/uploads\/2021\/03\/Pletenine_Spenko_jopa_gaber-300x300.jpg 300w, https:\/\/www.pleteninespenko.si\/wp-content\/uploads\/2021\/03\/Pletenine_Spenko_jopa_gaber-150x150.jpg 150w, https:\/\/www.pleteninespenko.si\/wp-content\/uploads\/2021\/03\/Pletenine_Spenko_jopa_gaber-928x1024-28x28.jpg 28w\" sizes=\"(max-width: 100px) 100vw, 100px\" \/>                                    <\/span>\n\n                \n            <\/span>\n                        <\/a>\n            <\/div>\n    <div class=\"module-feature-content tf_textc\">\n                    <h3 class=\"module-feature-title\">\n                            <a href=\"https:\/\/www.pleteninespenko.si\/hr\/kategorija-proizvoda\/muska-moda\/\" aria-label=\"Mu\u0161ka moda\">Mu\u0161ka moda<\/a>\n                        <\/h3>\n                    <div class=\"tb_text_wrap\">\n                    <\/div>\n    <\/div>\n<\/div>\n<!-- \/module feature -->\n        <\/div>\n                    <div  data-lazy=\"1\" class=\"module_column sub_column col4-1 tb_t96y718\">\n                    <!-- module feature -->\n<div  class=\"module module-feature tb_ex8m719 with-chart layout-icon-top size-small \" data-layout-mobile=\"icon-left\" data-layout-desktop=\"icon-top\" data-lazy=\"1\">\n        <div class=\"module-feature-image tf_textc tf_rel\">\n                            <a href=\"https:\/\/www.pleteninespenko.si\/hr\/kategorija-proizvoda\/zenska-moda-hr\/\" aria-label=\"\u017denska moda\">\n                        <span class=\"module-feature-chart-html5 tf_box tf_rel tf_inline_b\">\n                                    <svg class=\"tf_abs tf_w tf_h\">\n                    <circle class=\"tb_feature_fill\" r=\"calc(50% - 1.50px)\" cx=\"50%\" cy=\"50%\" stroke-width=\"3\"\/>\n                    <circle class=\"tb_feature_stroke\" r=\"calc(50% - 1.50px)\" cx=\"50%\" cy=\"50%\" stroke=\"#9655a2\" stroke-width=\"3\" data-progress=\"100\" stroke-dasharray=\"0,10000\"\/>\n                                        <\/svg>\n                                <span class=\"chart-html5-circle tf_w tf_h\">\n                    <img decoding=\"async\" src=\"https:\/\/www.pleteninespenko.si\/wp-content\/uploads\/2021\/09\/Pletenine_Spenko_jopa_adelle_puli_elsa-928x1024-100x100.jpg\" width=\"100\" height=\"100\" class=\"wp-post-image wp-image-8669\" title=\"Pletenine_Spenko_jopa_adelle_puli_elsa\" style=\"width:calc(100% - 6px);height:calc(100% - 6px)\" alt=\"pletena rjava jopa na fotomodelu\" srcset=\"https:\/\/www.pleteninespenko.si\/wp-content\/uploads\/2021\/09\/Pletenine_Spenko_jopa_adelle_puli_elsa-928x1024-100x100.jpg 100w, https:\/\/www.pleteninespenko.si\/wp-content\/uploads\/2021\/09\/Pletenine_Spenko_jopa_adelle_puli_elsa-150x150.jpg 150w, https:\/\/www.pleteninespenko.si\/wp-content\/uploads\/2021\/09\/Pletenine_Spenko_jopa_adelle_puli_elsa-300x300.jpg 300w, https:\/\/www.pleteninespenko.si\/wp-content\/uploads\/2021\/09\/Pletenine_Spenko_jopa_adelle_puli_elsa-928x1024-47x48.jpg 47w\" sizes=\"(max-width: 100px) 100vw, 100px\" \/>                                    <\/span>\n\n                \n            <\/span>\n                        <\/a>\n            <\/div>\n    <div class=\"module-feature-content tf_textc\">\n                    <h3 class=\"module-feature-title\">\n                            <a href=\"https:\/\/www.pleteninespenko.si\/hr\/kategorija-proizvoda\/zenska-moda-hr\/\" aria-label=\"\u017denska moda\">\u017denska moda<\/a>\n                        <\/h3>\n                    <div class=\"tb_text_wrap\">\n                    <\/div>\n    <\/div>\n<\/div>\n<!-- \/module feature -->\n        <\/div>\n                    <div  data-lazy=\"1\" class=\"module_column sub_column col4-1 tb_wjw4719\">\n                    <!-- module feature -->\n<div  class=\"module module-feature tb_uzw2719 with-chart layout-icon-top size-small \" data-layout-mobile=\"icon-left\" data-layout-desktop=\"icon-top\" data-lazy=\"1\">\n        <div class=\"module-feature-image tf_textc tf_rel\">\n                            <a href=\"https:\/\/www.pleteninespenko.si\/hr\/kategorija-proizvoda\/modni-dodaci\/\" aria-label=\"Modni dodaci\">\n                        <span class=\"module-feature-chart-html5 tf_box tf_rel tf_inline_b\">\n                                    <svg class=\"tf_abs tf_w tf_h\">\n                    <circle class=\"tb_feature_fill\" r=\"calc(50% - 1.50px)\" cx=\"50%\" cy=\"50%\" stroke-width=\"3\"\/>\n                    <circle class=\"tb_feature_stroke\" r=\"calc(50% - 1.50px)\" cx=\"50%\" cy=\"50%\" stroke=\"#9655a2\" stroke-width=\"3\" data-progress=\"100\" stroke-dasharray=\"0,10000\"\/>\n                                        <\/svg>\n                                <span class=\"chart-html5-circle tf_w tf_h\">\n                    <img decoding=\"async\" src=\"https:\/\/www.pleteninespenko.si\/wp-content\/uploads\/2021\/03\/Pletenine_Spenko_ruta_poldi-2-928x1024-100x100.jpg\" width=\"100\" height=\"100\" class=\"wp-post-image wp-image-4302\" title=\"Pletenine_Spenko_ruta_poldi-(2)\" style=\"width:calc(100% - 6px);height:calc(100% - 6px)\" alt=\"Izdelujemo modne lahke rute\" srcset=\"https:\/\/www.pleteninespenko.si\/wp-content\/uploads\/2021\/03\/Pletenine_Spenko_ruta_poldi-2-928x1024-100x100.jpg 100w, https:\/\/www.pleteninespenko.si\/wp-content\/uploads\/2021\/03\/Pletenine_Spenko_ruta_poldi-2-300x300.jpg 300w, https:\/\/www.pleteninespenko.si\/wp-content\/uploads\/2021\/03\/Pletenine_Spenko_ruta_poldi-2-150x150.jpg 150w, https:\/\/www.pleteninespenko.si\/wp-content\/uploads\/2021\/03\/Pletenine_Spenko_ruta_poldi-2-928x1024-580x580.jpg 580w, https:\/\/www.pleteninespenko.si\/wp-content\/uploads\/2021\/03\/Pletenine_Spenko_ruta_poldi-2-928x1024-47x48.jpg 47w, https:\/\/www.pleteninespenko.si\/wp-content\/uploads\/2021\/03\/Pletenine_Spenko_ruta_poldi-2-928x1024-28x28.jpg 28w, https:\/\/www.pleteninespenko.si\/wp-content\/uploads\/2021\/03\/Pletenine_Spenko_ruta_poldi-2-928x1024-600x600.jpg 600w\" sizes=\"(max-width: 100px) 100vw, 100px\" \/>                                    <\/span>\n\n                \n            <\/span>\n                        <\/a>\n            <\/div>\n    <div class=\"module-feature-content tf_textc\">\n                    <h3 class=\"module-feature-title\">\n                            <a href=\"https:\/\/www.pleteninespenko.si\/hr\/kategorija-proizvoda\/modni-dodaci\/\" aria-label=\"Modni dodaci\">Modni dodaci<\/a>\n                        <\/h3>\n                    <div class=\"tb_text_wrap\">\n                    <\/div>\n    <\/div>\n<\/div>\n<!-- \/module feature -->\n        <\/div>\n                    <div  data-lazy=\"1\" class=\"module_column sub_column col4-1 tb_pcco720 last\">\n                    <!-- module feature -->\n<div  class=\"module module-feature tb_ekoc720 with-chart layout-icon-top size-small \" data-layout-mobile=\"icon-left\" data-layout-desktop=\"icon-top\" data-lazy=\"1\">\n        <div class=\"module-feature-image tf_textc tf_rel\">\n                            <a href=\"https:\/\/www.pleteninespenko.si\/hr\/kategorija-proizvoda\/slobodno-vrijeme\/\" aria-label=\"Slobodno vrijeme\">\n                        <span class=\"module-feature-chart-html5 tf_box tf_rel tf_inline_b\">\n                                    <svg class=\"tf_abs tf_w tf_h\">\n                    <circle class=\"tb_feature_fill\" r=\"calc(50% - 1.50px)\" cx=\"50%\" cy=\"50%\" stroke-width=\"3\"\/>\n                    <circle class=\"tb_feature_stroke\" r=\"calc(50% - 1.50px)\" cx=\"50%\" cy=\"50%\" stroke=\"#9655a2\" stroke-width=\"3\" data-progress=\"100\" stroke-dasharray=\"0,10000\"\/>\n                                        <\/svg>\n                                <span class=\"chart-html5-circle tf_w tf_h\">\n                    <img decoding=\"async\" src=\"https:\/\/www.pleteninespenko.si\/wp-content\/uploads\/2020\/09\/Pletenine_Spenko_prosti_cas_Odeja_novo-928x1024-100x100.jpg\" width=\"100\" height=\"100\" class=\"wp-post-image wp-image-12306\" style=\"width:calc(100% - 6px);height:calc(100% - 6px)\" alt=\"Slobodno vrijeme\" srcset=\"https:\/\/www.pleteninespenko.si\/wp-content\/uploads\/2020\/09\/Pletenine_Spenko_prosti_cas_Odeja_novo-928x1024-100x100.jpg 100w, https:\/\/www.pleteninespenko.si\/wp-content\/uploads\/2020\/09\/Pletenine_Spenko_prosti_cas_Odeja_novo-300x300.jpg 300w, https:\/\/www.pleteninespenko.si\/wp-content\/uploads\/2020\/09\/Pletenine_Spenko_prosti_cas_Odeja_novo-150x150.jpg 150w, https:\/\/www.pleteninespenko.si\/wp-content\/uploads\/2020\/09\/Pletenine_Spenko_prosti_cas_Odeja_novo-928x1024-580x580.jpg 580w, https:\/\/www.pleteninespenko.si\/wp-content\/uploads\/2020\/09\/Pletenine_Spenko_prosti_cas_Odeja_novo-928x1024-47x48.jpg 47w, https:\/\/www.pleteninespenko.si\/wp-content\/uploads\/2020\/09\/Pletenine_Spenko_prosti_cas_Odeja_novo-928x1024-28x28.jpg 28w\" sizes=\"(max-width: 100px) 100vw, 100px\" \/>                                    <\/span>\n\n                \n            <\/span>\n                        <\/a>\n            <\/div>\n    <div class=\"module-feature-content tf_textc\">\n                    <h3 class=\"module-feature-title\">\n                            <a href=\"https:\/\/www.pleteninespenko.si\/hr\/kategorija-proizvoda\/slobodno-vrijeme\/\" aria-label=\"Slobodno vrijeme\">Slobodno vrijeme<\/a>\n                        <\/h3>\n                    <div class=\"tb_text_wrap\">\n                    <\/div>\n    <\/div>\n<\/div>\n<!-- \/module feature -->\n        <\/div>\n                    <\/div>\n                <\/div>\n                        <\/div>\n        <\/div>\n        <\/div>\n<!--\/themify_builder_content-->\n","protected":false},"excerpt":{"rendered":"<p>Ne brinite Pletenine \u0160penko, mislimo na vas i obradujemo vas popustima na pro\u0161logodi\u0161nju zimsku kolekciju i do -40 %! Stoga brzo pogledajte na\u0161u web stranicu. Obradovati \u0107emo vas popustima sve do 15. rujna 2022!<\/p>\n","protected":false},"author":23,"featured_media":19639,"comment_status":"closed","ping_status":"closed","sticky":false,"template":"","format":"standard","meta":{"inline_featured_image":false,"footnotes":""},"categories":[1817],"tags":[2184,2185,2186,2187,2188,2190,2192,2434],"class_list":["post-19653","post","type-post","status-publish","format-standard","has-post-thumbnail","hentry","category-pletenina-odjeca","tag-pletenine-spenko-2","tag-akcija-2","tag-snizenje","tag-pletenine-2","tag-kvaliteta-2","tag-popust-2","tag-dzemperi","tag-proslogodisnja-zimska-kolekcija","has-post-title","has-post-date","has-post-category","has-post-tag","has-post-comment","has-post-author",""],"yoast_head":"<!-- This site is optimized with the Yoast SEO plugin v27.5 - https:\/\/yoast.com\/product\/yoast-seo-wordpress\/ -->\n<title>Jutra i no\u0107i su svje\u017ee, a u ormaru nemate ni\u0161ta pametno i toplo za odjenuti? | Pletenine \u0160penko<\/title>\n<meta name=\"robots\" content=\"index, follow, max-snippet:-1, max-image-preview:large, max-video-preview:-1\" \/>\n<link rel=\"canonical\" href=\"https:\/\/www.pleteninespenko.si\/hr\/jutra-i-noci-su-svjeze-a-u-ormaru-nemate-nista-pametno-i-toplo-za-odjenuti\/\" \/>\n<meta property=\"og:locale\" content=\"hr_HR\" \/>\n<meta property=\"og:type\" content=\"article\" \/>\n<meta property=\"og:title\" content=\"Jutra i no\u0107i su svje\u017ee, a u ormaru nemate ni\u0161ta pametno i toplo za odjenuti? | Pletenine \u0160penko\" \/>\n<meta property=\"og:description\" content=\"Ne brinite Pletenine \u0160penko, mislimo na vas i obradujemo vas popustima na pro\u0161logodi\u0161nju zimsku kolekciju i do -40 %! Stoga brzo pogledajte na\u0161u web stranicu. Obradovati \u0107emo vas popustima sve do 15. rujna 2022!\" \/>\n<meta property=\"og:url\" content=\"https:\/\/www.pleteninespenko.si\/hr\/jutra-i-noci-su-svjeze-a-u-ormaru-nemate-nista-pametno-i-toplo-za-odjenuti\/\" \/>\n<meta property=\"og:site_name\" content=\"Pletenine \u0160penko\" \/>\n<meta property=\"article:publisher\" content=\"https:\/\/www.facebook.com\/PletenineSpenko\/\" \/>\n<meta property=\"article:published_time\" content=\"2022-08-28T18:15:04+00:00\" \/>\n<meta property=\"article:modified_time\" content=\"2022-08-28T18:19:57+00:00\" \/>\n<meta property=\"og:image\" content=\"https:\/\/www.pleteninespenko.si\/wp-content\/uploads\/2022\/08\/Pletenine-Spenko-cistimo-zaloge.jpg\" \/>\n\t<meta property=\"og:image:width\" content=\"2560\" \/>\n\t<meta property=\"og:image:height\" content=\"1376\" \/>\n\t<meta property=\"og:image:type\" content=\"image\/jpeg\" \/>\n<meta name=\"author\" content=\"Pletenine \u0160penko\" \/>\n<meta name=\"twitter:card\" content=\"summary_large_image\" \/>\n<meta name=\"twitter:label1\" content=\"Napisao\/la\" \/>\n\t<meta name=\"twitter:data1\" content=\"Pletenine \u0160penko\" \/>\n<script type=\"application\/ld+json\" class=\"yoast-schema-graph\">{\"@context\":\"https:\\\/\\\/schema.org\",\"@graph\":[{\"@type\":\"Article\",\"@id\":\"https:\\\/\\\/www.pleteninespenko.si\\\/hr\\\/jutra-i-noci-su-svjeze-a-u-ormaru-nemate-nista-pametno-i-toplo-za-odjenuti\\\/#article\",\"isPartOf\":{\"@id\":\"https:\\\/\\\/www.pleteninespenko.si\\\/hr\\\/jutra-i-noci-su-svjeze-a-u-ormaru-nemate-nista-pametno-i-toplo-za-odjenuti\\\/\"},\"author\":{\"name\":\"Pletenine \u0160penko\",\"@id\":\"https:\\\/\\\/www.pleteninespenko.si\\\/hr\\\/#\\\/schema\\\/person\\\/42057a36ac52999c23bf81fc85a7f23b\"},\"headline\":\"Jutra i no\u0107i su svje\u017ee, a u ormaru nemate ni\u0161ta pametno i toplo za odjenuti?\",\"datePublished\":\"2022-08-28T18:15:04+00:00\",\"dateModified\":\"2022-08-28T18:19:57+00:00\",\"mainEntityOfPage\":{\"@id\":\"https:\\\/\\\/www.pleteninespenko.si\\\/hr\\\/jutra-i-noci-su-svjeze-a-u-ormaru-nemate-nista-pametno-i-toplo-za-odjenuti\\\/\"},\"wordCount\":18,\"publisher\":{\"@id\":\"https:\\\/\\\/www.pleteninespenko.si\\\/hr\\\/#organization\"},\"image\":{\"@id\":\"https:\\\/\\\/www.pleteninespenko.si\\\/hr\\\/jutra-i-noci-su-svjeze-a-u-ormaru-nemate-nista-pametno-i-toplo-za-odjenuti\\\/#primaryimage\"},\"thumbnailUrl\":\"https:\\\/\\\/www.pleteninespenko.si\\\/wp-content\\\/uploads\\\/2022\\\/08\\\/Pletenine-Spenko-cistimo-zaloge.jpg\",\"keywords\":[\"pletenine \u0161penko\",\"akcija\",\"sni\u017eenje\",\"pletenine\",\"kvaliteta\",\"popust\",\"d\u017eemperi\",\"pro\u0161logodi\u0161nja zimska kolekcija\"],\"articleSection\":[\"Pletenina \\\/ odje\u0107a\"],\"inLanguage\":\"hr\"},{\"@type\":\"WebPage\",\"@id\":\"https:\\\/\\\/www.pleteninespenko.si\\\/hr\\\/jutra-i-noci-su-svjeze-a-u-ormaru-nemate-nista-pametno-i-toplo-za-odjenuti\\\/\",\"url\":\"https:\\\/\\\/www.pleteninespenko.si\\\/hr\\\/jutra-i-noci-su-svjeze-a-u-ormaru-nemate-nista-pametno-i-toplo-za-odjenuti\\\/\",\"name\":\"Jutra i no\u0107i su svje\u017ee, a u ormaru nemate ni\u0161ta pametno i toplo za odjenuti? | Pletenine \u0160penko\",\"isPartOf\":{\"@id\":\"https:\\\/\\\/www.pleteninespenko.si\\\/hr\\\/#website\"},\"primaryImageOfPage\":{\"@id\":\"https:\\\/\\\/www.pleteninespenko.si\\\/hr\\\/jutra-i-noci-su-svjeze-a-u-ormaru-nemate-nista-pametno-i-toplo-za-odjenuti\\\/#primaryimage\"},\"image\":{\"@id\":\"https:\\\/\\\/www.pleteninespenko.si\\\/hr\\\/jutra-i-noci-su-svjeze-a-u-ormaru-nemate-nista-pametno-i-toplo-za-odjenuti\\\/#primaryimage\"},\"thumbnailUrl\":\"https:\\\/\\\/www.pleteninespenko.si\\\/wp-content\\\/uploads\\\/2022\\\/08\\\/Pletenine-Spenko-cistimo-zaloge.jpg\",\"datePublished\":\"2022-08-28T18:15:04+00:00\",\"dateModified\":\"2022-08-28T18:19:57+00:00\",\"breadcrumb\":{\"@id\":\"https:\\\/\\\/www.pleteninespenko.si\\\/hr\\\/jutra-i-noci-su-svjeze-a-u-ormaru-nemate-nista-pametno-i-toplo-za-odjenuti\\\/#breadcrumb\"},\"inLanguage\":\"hr\",\"potentialAction\":[{\"@type\":\"ReadAction\",\"target\":[\"https:\\\/\\\/www.pleteninespenko.si\\\/hr\\\/jutra-i-noci-su-svjeze-a-u-ormaru-nemate-nista-pametno-i-toplo-za-odjenuti\\\/\"]}]},{\"@type\":\"ImageObject\",\"inLanguage\":\"hr\",\"@id\":\"https:\\\/\\\/www.pleteninespenko.si\\\/hr\\\/jutra-i-noci-su-svjeze-a-u-ormaru-nemate-nista-pametno-i-toplo-za-odjenuti\\\/#primaryimage\",\"url\":\"https:\\\/\\\/www.pleteninespenko.si\\\/wp-content\\\/uploads\\\/2022\\\/08\\\/Pletenine-Spenko-cistimo-zaloge.jpg\",\"contentUrl\":\"https:\\\/\\\/www.pleteninespenko.si\\\/wp-content\\\/uploads\\\/2022\\\/08\\\/Pletenine-Spenko-cistimo-zaloge.jpg\",\"width\":2560,\"height\":1376,\"caption\":\"\u010cistimo zaloge lanske zimske kolekcije\"},{\"@type\":\"BreadcrumbList\",\"@id\":\"https:\\\/\\\/www.pleteninespenko.si\\\/hr\\\/jutra-i-noci-su-svjeze-a-u-ormaru-nemate-nista-pametno-i-toplo-za-odjenuti\\\/#breadcrumb\",\"itemListElement\":[{\"@type\":\"ListItem\",\"position\":1,\"name\":\"Home\",\"item\":\"https:\\\/\\\/www.pleteninespenko.si\\\/hr\\\/\"},{\"@type\":\"ListItem\",\"position\":2,\"name\":\"Jutra i no\u0107i su svje\u017ee, a u ormaru nemate ni\u0161ta pametno i toplo za odjenuti?\"}]},{\"@type\":\"WebSite\",\"@id\":\"https:\\\/\\\/www.pleteninespenko.si\\\/hr\\\/#website\",\"url\":\"https:\\\/\\\/www.pleteninespenko.si\\\/hr\\\/\",\"name\":\"Pletenine \u0160penko\",\"description\":\"\u017denska i mu\u0161ka trikota\u017ea po posljednjoj modi\",\"publisher\":{\"@id\":\"https:\\\/\\\/www.pleteninespenko.si\\\/hr\\\/#organization\"},\"potentialAction\":[{\"@type\":\"SearchAction\",\"target\":{\"@type\":\"EntryPoint\",\"urlTemplate\":\"https:\\\/\\\/www.pleteninespenko.si\\\/hr\\\/?s={search_term_string}\"},\"query-input\":{\"@type\":\"PropertyValueSpecification\",\"valueRequired\":true,\"valueName\":\"search_term_string\"}}],\"inLanguage\":\"hr\"},{\"@type\":\"Organization\",\"@id\":\"https:\\\/\\\/www.pleteninespenko.si\\\/hr\\\/#organization\",\"name\":\"Pletenine \u0160penko\",\"url\":\"https:\\\/\\\/www.pleteninespenko.si\\\/hr\\\/\",\"logo\":{\"@type\":\"ImageObject\",\"inLanguage\":\"hr\",\"@id\":\"https:\\\/\\\/www.pleteninespenko.si\\\/hr\\\/#\\\/schema\\\/logo\\\/image\\\/\",\"url\":\"https:\\\/\\\/www.pleteninespenko.si\\\/wp-content\\\/uploads\\\/2020\\\/06\\\/Pletenine_Spenko.png\",\"contentUrl\":\"https:\\\/\\\/www.pleteninespenko.si\\\/wp-content\\\/uploads\\\/2020\\\/06\\\/Pletenine_Spenko.png\",\"width\":717,\"height\":140,\"caption\":\"Pletenine \u0160penko\"},\"image\":{\"@id\":\"https:\\\/\\\/www.pleteninespenko.si\\\/hr\\\/#\\\/schema\\\/logo\\\/image\\\/\"},\"sameAs\":[\"https:\\\/\\\/www.facebook.com\\\/PletenineSpenko\\\/\",\"https:\\\/\\\/www.instagram.com\\\/pleteninespenko\\\/\"]},{\"@type\":\"Person\",\"@id\":\"https:\\\/\\\/www.pleteninespenko.si\\\/hr\\\/#\\\/schema\\\/person\\\/42057a36ac52999c23bf81fc85a7f23b\",\"name\":\"Pletenine \u0160penko\",\"image\":{\"@type\":\"ImageObject\",\"inLanguage\":\"hr\",\"@id\":\"https:\\\/\\\/www.pleteninespenko.si\\\/wp-content\\\/litespeed\\\/avatar\\\/4059debda33b2bcf06945cee9649f404.jpg?ver=1777660280\",\"url\":\"https:\\\/\\\/www.pleteninespenko.si\\\/wp-content\\\/litespeed\\\/avatar\\\/4059debda33b2bcf06945cee9649f404.jpg?ver=1777660280\",\"contentUrl\":\"https:\\\/\\\/www.pleteninespenko.si\\\/wp-content\\\/litespeed\\\/avatar\\\/4059debda33b2bcf06945cee9649f404.jpg?ver=1777660280\",\"caption\":\"Pletenine \u0160penko\"}}]}<\/script>\n<!-- \/ Yoast SEO plugin. -->","yoast_head_json":{"title":"Jutra i no\u0107i su svje\u017ee, a u ormaru nemate ni\u0161ta pametno i toplo za odjenuti? | Pletenine \u0160penko","robots":{"index":"index","follow":"follow","max-snippet":"max-snippet:-1","max-image-preview":"max-image-preview:large","max-video-preview":"max-video-preview:-1"},"canonical":"https:\/\/www.pleteninespenko.si\/hr\/jutra-i-noci-su-svjeze-a-u-ormaru-nemate-nista-pametno-i-toplo-za-odjenuti\/","og_locale":"hr_HR","og_type":"article","og_title":"Jutra i no\u0107i su svje\u017ee, a u ormaru nemate ni\u0161ta pametno i toplo za odjenuti? | Pletenine \u0160penko","og_description":"Ne brinite Pletenine \u0160penko, mislimo na vas i obradujemo vas popustima na pro\u0161logodi\u0161nju zimsku kolekciju i do -40 %! Stoga brzo pogledajte na\u0161u web stranicu. Obradovati \u0107emo vas popustima sve do 15. rujna 2022!","og_url":"https:\/\/www.pleteninespenko.si\/hr\/jutra-i-noci-su-svjeze-a-u-ormaru-nemate-nista-pametno-i-toplo-za-odjenuti\/","og_site_name":"Pletenine \u0160penko","article_publisher":"https:\/\/www.facebook.com\/PletenineSpenko\/","article_published_time":"2022-08-28T18:15:04+00:00","article_modified_time":"2022-08-28T18:19:57+00:00","og_image":[{"width":2560,"height":1376,"url":"https:\/\/www.pleteninespenko.si\/wp-content\/uploads\/2022\/08\/Pletenine-Spenko-cistimo-zaloge.jpg","type":"image\/jpeg"}],"author":"Pletenine \u0160penko","twitter_card":"summary_large_image","twitter_misc":{"Napisao\/la":"Pletenine \u0160penko"},"schema":{"@context":"https:\/\/schema.org","@graph":[{"@type":"Article","@id":"https:\/\/www.pleteninespenko.si\/hr\/jutra-i-noci-su-svjeze-a-u-ormaru-nemate-nista-pametno-i-toplo-za-odjenuti\/#article","isPartOf":{"@id":"https:\/\/www.pleteninespenko.si\/hr\/jutra-i-noci-su-svjeze-a-u-ormaru-nemate-nista-pametno-i-toplo-za-odjenuti\/"},"author":{"name":"Pletenine \u0160penko","@id":"https:\/\/www.pleteninespenko.si\/hr\/#\/schema\/person\/42057a36ac52999c23bf81fc85a7f23b"},"headline":"Jutra i no\u0107i su svje\u017ee, a u ormaru nemate ni\u0161ta pametno i toplo za odjenuti?","datePublished":"2022-08-28T18:15:04+00:00","dateModified":"2022-08-28T18:19:57+00:00","mainEntityOfPage":{"@id":"https:\/\/www.pleteninespenko.si\/hr\/jutra-i-noci-su-svjeze-a-u-ormaru-nemate-nista-pametno-i-toplo-za-odjenuti\/"},"wordCount":18,"publisher":{"@id":"https:\/\/www.pleteninespenko.si\/hr\/#organization"},"image":{"@id":"https:\/\/www.pleteninespenko.si\/hr\/jutra-i-noci-su-svjeze-a-u-ormaru-nemate-nista-pametno-i-toplo-za-odjenuti\/#primaryimage"},"thumbnailUrl":"https:\/\/www.pleteninespenko.si\/wp-content\/uploads\/2022\/08\/Pletenine-Spenko-cistimo-zaloge.jpg","keywords":["pletenine \u0161penko","akcija","sni\u017eenje","pletenine","kvaliteta","popust","d\u017eemperi","pro\u0161logodi\u0161nja zimska kolekcija"],"articleSection":["Pletenina \/ odje\u0107a"],"inLanguage":"hr"},{"@type":"WebPage","@id":"https:\/\/www.pleteninespenko.si\/hr\/jutra-i-noci-su-svjeze-a-u-ormaru-nemate-nista-pametno-i-toplo-za-odjenuti\/","url":"https:\/\/www.pleteninespenko.si\/hr\/jutra-i-noci-su-svjeze-a-u-ormaru-nemate-nista-pametno-i-toplo-za-odjenuti\/","name":"Jutra i no\u0107i su svje\u017ee, a u ormaru nemate ni\u0161ta pametno i toplo za odjenuti? | Pletenine \u0160penko","isPartOf":{"@id":"https:\/\/www.pleteninespenko.si\/hr\/#website"},"primaryImageOfPage":{"@id":"https:\/\/www.pleteninespenko.si\/hr\/jutra-i-noci-su-svjeze-a-u-ormaru-nemate-nista-pametno-i-toplo-za-odjenuti\/#primaryimage"},"image":{"@id":"https:\/\/www.pleteninespenko.si\/hr\/jutra-i-noci-su-svjeze-a-u-ormaru-nemate-nista-pametno-i-toplo-za-odjenuti\/#primaryimage"},"thumbnailUrl":"https:\/\/www.pleteninespenko.si\/wp-content\/uploads\/2022\/08\/Pletenine-Spenko-cistimo-zaloge.jpg","datePublished":"2022-08-28T18:15:04+00:00","dateModified":"2022-08-28T18:19:57+00:00","breadcrumb":{"@id":"https:\/\/www.pleteninespenko.si\/hr\/jutra-i-noci-su-svjeze-a-u-ormaru-nemate-nista-pametno-i-toplo-za-odjenuti\/#breadcrumb"},"inLanguage":"hr","potentialAction":[{"@type":"ReadAction","target":["https:\/\/www.pleteninespenko.si\/hr\/jutra-i-noci-su-svjeze-a-u-ormaru-nemate-nista-pametno-i-toplo-za-odjenuti\/"]}]},{"@type":"ImageObject","inLanguage":"hr","@id":"https:\/\/www.pleteninespenko.si\/hr\/jutra-i-noci-su-svjeze-a-u-ormaru-nemate-nista-pametno-i-toplo-za-odjenuti\/#primaryimage","url":"https:\/\/www.pleteninespenko.si\/wp-content\/uploads\/2022\/08\/Pletenine-Spenko-cistimo-zaloge.jpg","contentUrl":"https:\/\/www.pleteninespenko.si\/wp-content\/uploads\/2022\/08\/Pletenine-Spenko-cistimo-zaloge.jpg","width":2560,"height":1376,"caption":"\u010cistimo zaloge lanske zimske kolekcije"},{"@type":"BreadcrumbList","@id":"https:\/\/www.pleteninespenko.si\/hr\/jutra-i-noci-su-svjeze-a-u-ormaru-nemate-nista-pametno-i-toplo-za-odjenuti\/#breadcrumb","itemListElement":[{"@type":"ListItem","position":1,"name":"Home","item":"https:\/\/www.pleteninespenko.si\/hr\/"},{"@type":"ListItem","position":2,"name":"Jutra i no\u0107i su svje\u017ee, a u ormaru nemate ni\u0161ta pametno i toplo za odjenuti?"}]},{"@type":"WebSite","@id":"https:\/\/www.pleteninespenko.si\/hr\/#website","url":"https:\/\/www.pleteninespenko.si\/hr\/","name":"Pletenine \u0160penko","description":"\u017denska i mu\u0161ka trikota\u017ea po posljednjoj modi","publisher":{"@id":"https:\/\/www.pleteninespenko.si\/hr\/#organization"},"potentialAction":[{"@type":"SearchAction","target":{"@type":"EntryPoint","urlTemplate":"https:\/\/www.pleteninespenko.si\/hr\/?s={search_term_string}"},"query-input":{"@type":"PropertyValueSpecification","valueRequired":true,"valueName":"search_term_string"}}],"inLanguage":"hr"},{"@type":"Organization","@id":"https:\/\/www.pleteninespenko.si\/hr\/#organization","name":"Pletenine \u0160penko","url":"https:\/\/www.pleteninespenko.si\/hr\/","logo":{"@type":"ImageObject","inLanguage":"hr","@id":"https:\/\/www.pleteninespenko.si\/hr\/#\/schema\/logo\/image\/","url":"https:\/\/www.pleteninespenko.si\/wp-content\/uploads\/2020\/06\/Pletenine_Spenko.png","contentUrl":"https:\/\/www.pleteninespenko.si\/wp-content\/uploads\/2020\/06\/Pletenine_Spenko.png","width":717,"height":140,"caption":"Pletenine \u0160penko"},"image":{"@id":"https:\/\/www.pleteninespenko.si\/hr\/#\/schema\/logo\/image\/"},"sameAs":["https:\/\/www.facebook.com\/PletenineSpenko\/","https:\/\/www.instagram.com\/pleteninespenko\/"]},{"@type":"Person","@id":"https:\/\/www.pleteninespenko.si\/hr\/#\/schema\/person\/42057a36ac52999c23bf81fc85a7f23b","name":"Pletenine \u0160penko","image":{"@type":"ImageObject","inLanguage":"hr","@id":"https:\/\/www.pleteninespenko.si\/wp-content\/litespeed\/avatar\/4059debda33b2bcf06945cee9649f404.jpg?ver=1777660280","url":"https:\/\/www.pleteninespenko.si\/wp-content\/litespeed\/avatar\/4059debda33b2bcf06945cee9649f404.jpg?ver=1777660280","contentUrl":"https:\/\/www.pleteninespenko.si\/wp-content\/litespeed\/avatar\/4059debda33b2bcf06945cee9649f404.jpg?ver=1777660280","caption":"Pletenine \u0160penko"}}]}},"_links":{"self":[{"href":"https:\/\/www.pleteninespenko.si\/hr\/wp-json\/wp\/v2\/posts\/19653","targetHints":{"allow":["GET"]}}],"collection":[{"href":"https:\/\/www.pleteninespenko.si\/hr\/wp-json\/wp\/v2\/posts"}],"about":[{"href":"https:\/\/www.pleteninespenko.si\/hr\/wp-json\/wp\/v2\/types\/post"}],"author":[{"embeddable":true,"href":"https:\/\/www.pleteninespenko.si\/hr\/wp-json\/wp\/v2\/users\/23"}],"replies":[{"embeddable":true,"href":"https:\/\/www.pleteninespenko.si\/hr\/wp-json\/wp\/v2\/comments?post=19653"}],"version-history":[{"count":0,"href":"https:\/\/www.pleteninespenko.si\/hr\/wp-json\/wp\/v2\/posts\/19653\/revisions"}],"wp:featuredmedia":[{"embeddable":true,"href":"https:\/\/www.pleteninespenko.si\/hr\/wp-json\/wp\/v2\/media\/19639"}],"wp:attachment":[{"href":"https:\/\/www.pleteninespenko.si\/hr\/wp-json\/wp\/v2\/media?parent=19653"}],"wp:term":[{"taxonomy":"category","embeddable":true,"href":"https:\/\/www.pleteninespenko.si\/hr\/wp-json\/wp\/v2\/categories?post=19653"},{"taxonomy":"post_tag","embeddable":true,"href":"https:\/\/www.pleteninespenko.si\/hr\/wp-json\/wp\/v2\/tags?post=19653"}],"curies":[{"name":"wp","href":"https:\/\/api.w.org\/{rel}","templated":true}]}}