{"id":21330,"date":"2022-09-25T12:22:52","date_gmt":"2022-09-25T10:22:52","guid":{"rendered":"https:\/\/www.pleteninespenko.si\/?p=21330"},"modified":"2022-09-25T20:04:35","modified_gmt":"2022-09-25T18:04:35","slug":"stigle-su-jesen-i-zima-a-s-njima-i-nova-kolekcija","status":"publish","type":"post","link":"https:\/\/www.pleteninespenko.si\/hr\/stigle-su-jesen-i-zima-a-s-njima-i-nova-kolekcija\/","title":{"rendered":"Stigle su jesen i zima, a s njima i NOVA kolekcija."},"content":{"rendered":"<!--themify_builder_content-->\n<div id=\"themify_builder_content-21330\" data-postid=\"21330\" class=\"themify_builder_content themify_builder_content-21330 themify_builder tf_clear\">\n                    <div  data-lazy=\"1\" class=\"module_row themify_builder_row tb_cczk581 tb_first tf_w\">\n                        <div class=\"row_inner col_align_top tb_col_count_1 tf_box tf_rel\">\n                        <div  data-lazy=\"1\" class=\"module_column tb-column col-full tb_dbzg582 first\">\n                    <!-- module text -->\n<div  class=\"module module-text tb_zkoh584   \" data-lazy=\"1\">\n        <div  class=\"tb_text_wrap\">\n        <p style=\"text-align: center;\">Do\u0161lo je vrijeme kada nam je ve\u0107 hladno ujutro i nave\u010der. Jesen je pokucala na vrata, a uskoro \u0107e i zima. Zato napravite mjesta u svom ormaru, jer za vas imamo NOVU ZIMSKU KOLEKCIJU vrhunske kvalitete. U na\u0161oj trgovini mo\u017eete prona\u0107i vrhunske pletene d\u017eempere. Ako dodatno zahladi, dodajte i veste u svoj ormar, a za jo\u0161 hladnije dane nosite na\u0161e tople pletene kapute. Kako biste uljep\u0161ali svoj look, mo\u017eete odabrati i pleteni \u0161al, kapu i gama\u0161e.<br><br>Posjetite nas u na\u0161im trgovinama ili na <strong><a href=\"https:\/\/www.pleteninespenko.si\/hr\/trgovina\/\">web stranici<\/a><\/strong>, te do <strong>15. listopada<\/strong> pri kupnji nove kolekcije ostvarite <strong>10 % popusta<\/strong> uz kupon kod: <b>50let<\/b><\/p>\n<p style=\"text-align: center;\"><br><b>Slovenski proizvod, napravljen sa srcem.<\/b><\/p>    <\/div>\n<\/div>\n<!-- \/module text -->        <div  data-lazy=\"1\" class=\"module_subrow themify_builder_sub_row tf_w col_align_top tb_col_count_4 tb_q6hp585\">\n                <div  data-lazy=\"1\" class=\"module_column sub_column col4-1 tb_127u585 first\">\n                    <!-- module feature -->\n<div  class=\"module module-feature tb_09m8587 with-chart layout-icon-top size-small \" data-layout-mobile=\"icon-left\" data-layout-desktop=\"icon-top\" data-lazy=\"1\">\n        <div class=\"module-feature-image tf_textc tf_rel\">\n                            <a href=\"https:\/\/www.pleteninespenko.si\/hr\/kategorija-proizvoda\/muska-moda\/\" aria-label=\"Mu\u0161ka moda\">\n                        <span class=\"module-feature-chart-html5 tf_box tf_rel tf_inline_b\">\n                                    <svg class=\"tf_abs tf_w tf_h\">\n                    <circle class=\"tb_feature_fill\" r=\"calc(50% - 1.50px)\" cx=\"50%\" cy=\"50%\" stroke-width=\"3\"\/>\n                    <circle class=\"tb_feature_stroke\" r=\"calc(50% - 1.50px)\" cx=\"50%\" cy=\"50%\" stroke=\"#9655a2\" stroke-width=\"3\" data-progress=\"100\" stroke-dasharray=\"0,10000\"\/>\n                                        <\/svg>\n                                <span class=\"chart-html5-circle tf_w tf_h\">\n                    <img decoding=\"async\" src=\"https:\/\/www.pleteninespenko.si\/wp-content\/uploads\/2022\/09\/Pletenine_Spenko_moske_pletenine_jopa_emilio_bordo-928x1024-100x100.jpg\" width=\"100\" height=\"100\" class=\"wp-post-image wp-image-20711\" title=\"Pletenine_Spenko_moske_pletenine_jopa_emilio_bordo\" style=\"width:calc(100% - 6px);height:calc(100% - 6px)\" alt=\"Mu\u0161ka moda\" srcset=\"https:\/\/www.pleteninespenko.si\/wp-content\/uploads\/2022\/09\/Pletenine_Spenko_moske_pletenine_jopa_emilio_bordo-928x1024-100x100.jpg 100w, https:\/\/www.pleteninespenko.si\/wp-content\/uploads\/2022\/09\/Pletenine_Spenko_moske_pletenine_jopa_emilio_bordo-150x150.jpg 150w, https:\/\/www.pleteninespenko.si\/wp-content\/uploads\/2022\/09\/Pletenine_Spenko_moske_pletenine_jopa_emilio_bordo-300x300.jpg 300w\" sizes=\"(max-width: 100px) 100vw, 100px\" \/>                                    <\/span>\n\n                \n            <\/span>\n                        <\/a>\n            <\/div>\n    <div class=\"module-feature-content tf_textc\">\n                    <h3 class=\"module-feature-title\">\n                            <a href=\"https:\/\/www.pleteninespenko.si\/hr\/kategorija-proizvoda\/muska-moda\/\" aria-label=\"Mu\u0161ka moda\">Mu\u0161ka moda<\/a>\n                        <\/h3>\n                    <div class=\"tb_text_wrap\">\n                    <\/div>\n    <\/div>\n<\/div>\n<!-- \/module feature -->\n        <\/div>\n                    <div  data-lazy=\"1\" class=\"module_column sub_column col4-1 tb_34u7587\">\n                    <!-- module feature -->\n<div  class=\"module module-feature tb_0xr7588 with-chart layout-icon-top size-small \" data-layout-mobile=\"icon-left\" data-layout-desktop=\"icon-top\" data-lazy=\"1\">\n        <div class=\"module-feature-image tf_textc tf_rel\">\n                            <a href=\"https:\/\/www.pleteninespenko.si\/hr\/kategorija-proizvoda\/zenska-moda-hr\/\" aria-label=\"\u017denska moda\">\n                        <span class=\"module-feature-chart-html5 tf_box tf_rel tf_inline_b\">\n                                    <svg class=\"tf_abs tf_w tf_h\">\n                    <circle class=\"tb_feature_fill\" r=\"calc(50% - 1.50px)\" cx=\"50%\" cy=\"50%\" stroke-width=\"3\"\/>\n                    <circle class=\"tb_feature_stroke\" r=\"calc(50% - 1.50px)\" cx=\"50%\" cy=\"50%\" stroke=\"#9655a2\" stroke-width=\"3\" data-progress=\"100\" stroke-dasharray=\"0,10000\"\/>\n                                        <\/svg>\n                                <span class=\"chart-html5-circle tf_w tf_h\">\n                    <img decoding=\"async\" src=\"https:\/\/www.pleteninespenko.si\/wp-content\/uploads\/2022\/09\/Pletenine_Spenko_zenske_pletenine_pulover_anouk_roza_moder-928x1024-100x100.jpg\" width=\"100\" height=\"100\" class=\"wp-post-image wp-image-19951\" title=\"Pletenine_Spenko_zenske_pletenine_pulover_anouk_roza_moder\" style=\"width:calc(100% - 6px);height:calc(100% - 6px)\" alt=\"Eleganten volnen pulover roza barve\" srcset=\"https:\/\/www.pleteninespenko.si\/wp-content\/uploads\/2022\/09\/Pletenine_Spenko_zenske_pletenine_pulover_anouk_roza_moder-928x1024-100x100.jpg 100w, https:\/\/www.pleteninespenko.si\/wp-content\/uploads\/2022\/09\/Pletenine_Spenko_zenske_pletenine_pulover_anouk_roza_moder-150x150.jpg 150w, https:\/\/www.pleteninespenko.si\/wp-content\/uploads\/2022\/09\/Pletenine_Spenko_zenske_pletenine_pulover_anouk_roza_moder-300x300.jpg 300w\" sizes=\"(max-width: 100px) 100vw, 100px\" \/>                                    <\/span>\n\n                \n            <\/span>\n                        <\/a>\n            <\/div>\n    <div class=\"module-feature-content tf_textc\">\n                    <h3 class=\"module-feature-title\">\n                            <a href=\"https:\/\/www.pleteninespenko.si\/hr\/kategorija-proizvoda\/zenska-moda-hr\/\" aria-label=\"\u017denska moda\">\u017denska moda<\/a>\n                        <\/h3>\n                    <div class=\"tb_text_wrap\">\n                    <\/div>\n    <\/div>\n<\/div>\n<!-- \/module feature -->\n        <\/div>\n                    <div  data-lazy=\"1\" class=\"module_column sub_column col4-1 tb_yxj2589\">\n                    <!-- module feature -->\n<div  class=\"module module-feature tb_vabk589 with-chart layout-icon-top size-small \" data-layout-mobile=\"icon-left\" data-layout-desktop=\"icon-top\" data-lazy=\"1\">\n        <div class=\"module-feature-image tf_textc tf_rel\">\n                            <a href=\"https:\/\/www.pleteninespenko.si\/hr\/kategorija-proizvoda\/modni-dodaci\/\" aria-label=\"Modni dodaci\">\n                        <span class=\"module-feature-chart-html5 tf_box tf_rel tf_inline_b\">\n                                    <svg class=\"tf_abs tf_w tf_h\">\n                    <circle class=\"tb_feature_fill\" r=\"calc(50% - 1.50px)\" cx=\"50%\" cy=\"50%\" stroke-width=\"3\"\/>\n                    <circle class=\"tb_feature_stroke\" r=\"calc(50% - 1.50px)\" cx=\"50%\" cy=\"50%\" stroke=\"#9655a2\" stroke-width=\"3\" data-progress=\"100\" stroke-dasharray=\"0,10000\"\/>\n                                        <\/svg>\n                                <span class=\"chart-html5-circle tf_w tf_h\">\n                    <img decoding=\"async\" src=\"https:\/\/www.pleteninespenko.si\/wp-content\/uploads\/2022\/09\/Pletenine_Spenko_zenske_pletenine_pulover_anouk_crn-928x1024-100x100.jpg\" width=\"100\" height=\"100\" class=\"wp-post-image wp-image-19943\" title=\"Pletenine_Spenko_zenske_pletenine_pulover_anouk_crn\" style=\"width:calc(100% - 6px);height:calc(100% - 6px)\" alt=\"Eleganten volnen pulover \u010drne barve\" srcset=\"https:\/\/www.pleteninespenko.si\/wp-content\/uploads\/2022\/09\/Pletenine_Spenko_zenske_pletenine_pulover_anouk_crn-928x1024-100x100.jpg 100w, https:\/\/www.pleteninespenko.si\/wp-content\/uploads\/2022\/09\/Pletenine_Spenko_zenske_pletenine_pulover_anouk_crn-150x150.jpg 150w, https:\/\/www.pleteninespenko.si\/wp-content\/uploads\/2022\/09\/Pletenine_Spenko_zenske_pletenine_pulover_anouk_crn-300x300.jpg 300w\" sizes=\"(max-width: 100px) 100vw, 100px\" \/>                                    <\/span>\n\n                \n            <\/span>\n                        <\/a>\n            <\/div>\n    <div class=\"module-feature-content tf_textc\">\n                    <h3 class=\"module-feature-title\">\n                            <a href=\"https:\/\/www.pleteninespenko.si\/hr\/kategorija-proizvoda\/modni-dodaci\/\" aria-label=\"Modni dodaci\">Modni dodaci<\/a>\n                        <\/h3>\n                    <div class=\"tb_text_wrap\">\n                    <\/div>\n    <\/div>\n<\/div>\n<!-- \/module feature -->\n        <\/div>\n                    <div  data-lazy=\"1\" class=\"module_column sub_column col4-1 tb_bbwn590 last\">\n                    <!-- module feature -->\n<div  class=\"module module-feature tb_r9md590 with-chart layout-icon-top size-small \" data-layout-mobile=\"icon-left\" data-layout-desktop=\"icon-top\" data-lazy=\"1\">\n        <div class=\"module-feature-image tf_textc tf_rel\">\n                            <a href=\"https:\/\/www.pleteninespenko.si\/hr\/kategorija-proizvoda\/slobodno-vrijeme\/\" aria-label=\"Slobodno vrijeme\">\n                        <span class=\"module-feature-chart-html5 tf_box tf_rel tf_inline_b\">\n                                    <svg class=\"tf_abs tf_w tf_h\">\n                    <circle class=\"tb_feature_fill\" r=\"calc(50% - 1.50px)\" cx=\"50%\" cy=\"50%\" stroke-width=\"3\"\/>\n                    <circle class=\"tb_feature_stroke\" r=\"calc(50% - 1.50px)\" cx=\"50%\" cy=\"50%\" stroke=\"#9655a2\" stroke-width=\"3\" data-progress=\"100\" stroke-dasharray=\"0,10000\"\/>\n                                        <\/svg>\n                                <span class=\"chart-html5-circle tf_w tf_h\">\n                    <img decoding=\"async\" src=\"https:\/\/www.pleteninespenko.si\/wp-content\/uploads\/2020\/09\/Pletenine_Spenko_prosti_cas_Odeja_novo-928x1024-100x100.jpg\" width=\"100\" height=\"100\" class=\"wp-post-image wp-image-12306\" style=\"width:calc(100% - 6px);height:calc(100% - 6px)\" alt=\"Slobodno vrijeme\" srcset=\"https:\/\/www.pleteninespenko.si\/wp-content\/uploads\/2020\/09\/Pletenine_Spenko_prosti_cas_Odeja_novo-928x1024-100x100.jpg 100w, https:\/\/www.pleteninespenko.si\/wp-content\/uploads\/2020\/09\/Pletenine_Spenko_prosti_cas_Odeja_novo-300x300.jpg 300w, https:\/\/www.pleteninespenko.si\/wp-content\/uploads\/2020\/09\/Pletenine_Spenko_prosti_cas_Odeja_novo-150x150.jpg 150w, https:\/\/www.pleteninespenko.si\/wp-content\/uploads\/2020\/09\/Pletenine_Spenko_prosti_cas_Odeja_novo-928x1024-580x580.jpg 580w, https:\/\/www.pleteninespenko.si\/wp-content\/uploads\/2020\/09\/Pletenine_Spenko_prosti_cas_Odeja_novo-928x1024-47x48.jpg 47w, https:\/\/www.pleteninespenko.si\/wp-content\/uploads\/2020\/09\/Pletenine_Spenko_prosti_cas_Odeja_novo-928x1024-28x28.jpg 28w\" sizes=\"(max-width: 100px) 100vw, 100px\" \/>                                    <\/span>\n\n                \n            <\/span>\n                        <\/a>\n            <\/div>\n    <div class=\"module-feature-content tf_textc\">\n                    <h3 class=\"module-feature-title\">\n                            <a href=\"https:\/\/www.pleteninespenko.si\/hr\/kategorija-proizvoda\/slobodno-vrijeme\/\" aria-label=\"Slobodno vrijeme\">Slobodno vrijeme<\/a>\n                        <\/h3>\n                    <div class=\"tb_text_wrap\">\n                    <\/div>\n    <\/div>\n<\/div>\n<!-- \/module feature -->\n        <\/div>\n                    <\/div>\n                <div  data-lazy=\"1\" class=\"module_subrow themify_builder_sub_row tf_w col_align_top tb_col_count_1 tb_liut591\">\n                <div  data-lazy=\"1\" class=\"module_column sub_column col-full tb_zdao591 first\">\n                    <!-- module divider -->\n<div  class=\"module tf_mw module-divider tb_adsk591 dotted   \" style=\"border-width: 2px;border-color: #9655a2;margin-top: 40px;margin-bottom: 40px;\" data-lazy=\"1\">\n    <\/div>\n<!-- \/module divider -->\n<!-- module text -->\n<div  class=\"module module-text tb_4ko9592   \" data-lazy=\"1\">\n        <div  class=\"tb_text_wrap\">\n        <h2 style=\"text-align: center;\">Nova zimska kolekcija iu na\u0161im poslovnicama u Sloveniji i Hrvatskoj!<\/h2>    <\/div>\n<\/div>\n<!-- \/module text --><!-- module maps pro -->\n<div  id=\"tb_ffqp592\" class=\"module module-maps-pro tb_ffqp592  tf_lazy\" data-zoom=\"9\" data-type=\"ROADMAP\" data-address=\"Moste 95a, 1218 Komenda, Slovenija\" data-scrollwheel=\"1\" data-draggable=\"enable\" data-disable_map_ui=\"\" data-polyline=\"\" data-geodesic=\"\" data-polylineStroke=\"2\" data-polylineColor=\"#ff0000_1\" data-trigger=\"\" data-mapid=\"\" data-legacymarkers=\"\" data-lazy=\"1\">\n\t\n\t\t\t<div class=\"maps-pro-canvas-container\">\n\t\t\t<div class=\"maps-pro-canvas\" style=\"width:100%;height:600px\"><\/div>\n\t\t<\/div>\n\t\t\t\t\t<template>\n\t\t\t\t\t\t\t\t\t<div data-address=\"46.1970063,14.5492738\" data-image=\"https:\/\/www.pleteninespenko.si\/wp-content\/uploads\/2020\/07\/Pletenine_Spenko_mapa_ikona_glavna_2.png\">\n\t\t\t\t\t\tTrgovina Pletenine \u0160penko - Veleprodaja in maloprodaja\t\t\t\t\t<\/div>\n\t\t\t\t\t\t\t\t\t<div data-address=\"45.8874388,13.9053592\" data-image=\"https:\/\/www.pleteninespenko.si\/wp-content\/uploads\/2020\/07\/Pletenine_Spenko_mapa_ikona.png\">\n\t\t\t\t\t\tAjdov\u0161\u010dina - Trgovina Pletenine \u0160penko\t\t\t\t\t<\/div>\n\t\t\t\t\t\t\t\t\t<div data-address=\"46.3670519,14.1098373\" data-image=\"https:\/\/www.pleteninespenko.si\/wp-content\/uploads\/2020\/07\/Pletenine_Spenko_mapa_ikona_ostale_poslovalnice.png\">\n\t\t\t\t\t\tBled - Trgovina Bled\t\t\t\t\t<\/div>\n\t\t\t\t\t\t\t\t\t<div data-address=\"46.2722008,13.9528375\" data-image=\"https:\/\/www.pleteninespenko.si\/wp-content\/uploads\/2020\/07\/Pletenine_Spenko_mapa_ikona_ostale_poslovalnice.png\">\n\t\t\t\t\t\tBohinjska Bistrica - Trgovina Vema\t\t\t\t\t<\/div>\n\t\t\t\t\t\t\t\t\t<div data-address=\"45.9058415,15.5917142\" data-image=\"https:\/\/www.pleteninespenko.si\/wp-content\/uploads\/2020\/07\/Pletenine_Spenko_mapa_ikona_ostale_poslovalnice.png\">\n\t\t\t\t\t\tBre\u017eice - Top Textil\t\t\t\t\t<\/div>\n\t\t\t\t\t\t\t\t\t<div data-address=\"46.22981679999999,15.2654091\" data-image=\"https:\/\/www.pleteninespenko.si\/wp-content\/uploads\/2020\/07\/Pletenine_Spenko_mapa_ikona_ostale_poslovalnice.png\">\n\t\t\t\t\t\tCelje - Trgovina Lea\t\t\t\t\t<\/div>\n\t\t\t\t\t\t\t\t\t<div data-address=\"46.253319,14.4873141\" data-image=\"https:\/\/www.pleteninespenko.si\/wp-content\/uploads\/2020\/07\/Pletenine_Spenko_mapa_ikona_ostale_poslovalnice.png\">\n\t\t\t\t\t\tCerklje na Gorenjskem - Trgovina Julija\t\t\t\t\t<\/div>\n\t\t\t\t\t\t\t\t\t<div data-address=\"45.5699745,15.1921424\" data-image=\"https:\/\/www.pleteninespenko.si\/wp-content\/uploads\/2020\/07\/Pletenine_Spenko_mapa_ikona_ostale_poslovalnice.png\">\n\t\t\t\t\t\t\u010crnomelj - Trgovina Kva\u010dka\t\t\t\t\t<\/div>\n\t\t\t\t\t\t\t\t\t<div data-address=\"45.6042131,15.2763011\" data-image=\"https:\/\/www.pleteninespenko.si\/wp-content\/uploads\/2020\/07\/Pletenine_Spenko_mapa_ikona_ostale_poslovalnice.png\">\n\t\t\t\t\t\tGradac v Beli Krajini - Trgovina Irena\t\t\t\t\t<\/div>\n\t\t\t\t\t\t\t\t\t<div data-address=\"45.5665188,14.2423297\" data-image=\"https:\/\/www.pleteninespenko.si\/wp-content\/uploads\/2020\/07\/Pletenine_Spenko_mapa_ikona_ostale_poslovalnice.png\">\n\t\t\t\t\t\tIlirska Bistrica - Silver Mode\t\t\t\t\t<\/div>\n\t\t\t\t\t\t\t\t\t<div data-address=\"45.5391566,13.6573916\" data-image=\"https:\/\/www.pleteninespenko.si\/wp-content\/uploads\/2020\/07\/Pletenine_Spenko_mapa_ikona_ostale_poslovalnice.png\">\n\t\t\t\t\t\tIzola - Trgovina Lara\t\t\t\t\t<\/div>\n\t\t\t\t\t\t\t\t\t<div data-address=\"46.43937709999999,14.0435847\" data-image=\"https:\/\/www.pleteninespenko.si\/wp-content\/uploads\/2020\/07\/Pletenine_Spenko_mapa_ikona_ostale_poslovalnice.png\">\n\t\t\t\t\t\tJesenice - Ona On\t\t\t\t\t<\/div>\n\t\t\t\t\t\t\t\t\t<div data-address=\"46.2253723,14.6131797\" data-image=\"https:\/\/www.pleteninespenko.si\/wp-content\/uploads\/2020\/07\/Pletenine_Spenko_mapa_ikona.png\">\n\t\t\t\t\t\tKamnik - Trgovina Pletenine \u0160penko\t\t\t\t\t<\/div>\n\t\t\t\t\t\t\t\t\t<div data-address=\"45.6374498,14.8600298\" data-image=\"https:\/\/www.pleteninespenko.si\/wp-content\/uploads\/2020\/07\/Pletenine_Spenko_mapa_ikona_ostale_poslovalnice.png\">\n\t\t\t\t\t\tKo\u010devje - Ona on\t\t\t\t\t<\/div>\n\t\t\t\t\t\t\t\t\t<div data-address=\"46.26930670000001,14.3505948\" data-image=\"https:\/\/www.pleteninespenko.si\/wp-content\/uploads\/2020\/07\/Pletenine_Spenko_mapa_ikona_ostale_poslovalnice.png\">\n\t\t\t\t\t\tKranj - Zora tekstil\t\t\t\t\t<\/div>\n\t\t\t\t\t\t\t\t\t<div data-address=\"46.240006,14.3560356\" data-image=\"https:\/\/www.pleteninespenko.si\/wp-content\/uploads\/2020\/07\/Pletenine_Spenko_mapa_ikona_ostale_poslovalnice.png\">\n\t\t\t\t\t\tKranj - Trgovina Maja\t\t\t\t\t<\/div>\n\t\t\t\t\t\t\t\t\t<div data-address=\"46.036137,14.4895265\" data-image=\"https:\/\/www.pleteninespenko.si\/wp-content\/uploads\/2020\/07\/Pletenine_Spenko_mapa_ikona.png\">\n\t\t\t\t\t\tLjubljana - TC Murgle - Trgovina Pletenine \u0160penko\t\t\t\t\t<\/div>\n\t\t\t\t\t\t\t\t\t<div data-address=\"46.0640071,14.5092494\" data-image=\"https:\/\/www.pleteninespenko.si\/wp-content\/uploads\/2020\/07\/Pletenine_Spenko_mapa_ikona_ostale_poslovalnice.png\">\n\t\t\t\t\t\tLjubljana - Plava Laguna - Ona On\t\t\t\t\t<\/div>\n\t\t\t\t\t\t\t\t\t<div data-address=\"46.0523928,14.5158349\" data-image=\"https:\/\/www.pleteninespenko.si\/wp-content\/uploads\/2020\/07\/Pletenine_Spenko_mapa_ikona_ostale_poslovalnice.png\">\n\t\t\t\t\t\tLjubljana - Outlet - Ona On\t\t\t\t\t<\/div>\n\t\t\t\t\t\t\t\t\t<div data-address=\"46.0681081,14.5420462\" data-image=\"https:\/\/www.pleteninespenko.si\/wp-content\/uploads\/2020\/07\/Pletenine_Spenko_mapa_ikona_ostale_poslovalnice.png\">\n\t\t\t\t\t\tLjubljana - BTC Hala A - Ona On\t\t\t\t\t<\/div>\n\t\t\t\t\t\t\t\t\t<div data-address=\"46.0483482,14.5014747\" data-image=\"https:\/\/www.pleteninespenko.si\/wp-content\/uploads\/2020\/07\/Pletenine_Spenko_mapa_ikona_ostale_poslovalnice.png\">\n\t\t\t\t\t\tLjubljana - Trgovina V club\t\t\t\t\t<\/div>\n\t\t\t\t\t\t\t\t\t<div data-address=\"46.05677559999999,14.5083706\" data-image=\"https:\/\/www.pleteninespenko.si\/wp-content\/uploads\/2020\/07\/Pletenine_Spenko_mapa_ikona_ostale_poslovalnice.png\">\n\t\t\t\t\t\tLjubljana - Trgovina Jelka\t\t\t\t\t<\/div>\n\t\t\t\t\t\t\t\t\t<div data-address=\"46.04763699999999,14.506302\" data-image=\"https:\/\/www.pleteninespenko.si\/wp-content\/uploads\/2020\/07\/Pletenine_Spenko_mapa_ikona_ostale_poslovalnice.png\">\n\t\t\t\t\t\tLjubljana - Trgovina Brokat\t\t\t\t\t<\/div>\n\t\t\t\t\t\t\t\t\t<div data-address=\"46.05719759999999,14.8305948\" data-image=\"https:\/\/www.pleteninespenko.si\/wp-content\/uploads\/2020\/07\/Pletenine_Spenko_mapa_ikona_ostale_poslovalnice.png\">\n\t\t\t\t\t\tLitija - Trgovina Slivna\t\t\t\t\t<\/div>\n\t\t\t\t\t\t\t\t\t<div data-address=\"46.5179998,16.1958976\" data-image=\"https:\/\/www.pleteninespenko.si\/wp-content\/uploads\/2020\/07\/Pletenine_Spenko_mapa_ikona_ostale_poslovalnice.png\">\n\t\t\t\t\t\tLjutomer - Simtis\t\t\t\t\t<\/div>\n\t\t\t\t\t\t\t\t\t<div data-address=\"46.5587501,15.6505413\" data-image=\"https:\/\/www.pleteninespenko.si\/wp-content\/uploads\/2020\/07\/Pletenine_Spenko_mapa_ikona_ostale_poslovalnice.png\">\n\t\t\t\t\t\tMaribor - City Center - Top Textil\t\t\t\t\t<\/div>\n\t\t\t\t\t\t\t\t\t<div data-address=\"46.5338894,15.6652223\" data-image=\"https:\/\/www.pleteninespenko.si\/wp-content\/uploads\/2020\/07\/Pletenine_Spenko_mapa_ikona_ostale_poslovalnice.png\">\n\t\t\t\t\t\tMaribor - Lolita\t\t\t\t\t<\/div>\n\t\t\t\t\t\t\t\t\t<div data-address=\"46.5606114,15.6536549\" data-image=\"https:\/\/www.pleteninespenko.si\/wp-content\/uploads\/2020\/07\/Pletenine_Spenko_mapa_ikona_ostale_poslovalnice.png\">\n\t\t\t\t\t\tMaribor - Trgovina Dekor\t\t\t\t\t<\/div>\n\t\t\t\t\t\t\t\t\t<div data-address=\"46.5584232,15.646585\" data-image=\"https:\/\/www.pleteninespenko.si\/wp-content\/uploads\/2020\/07\/Pletenine_Spenko_mapa_ikona_ostale_poslovalnice.png\">\n\t\t\t\t\t\tMaribor - Salon mode\t\t\t\t\t<\/div>\n\t\t\t\t\t\t\t\t\t<div data-address=\"46.66152899999999,16.1666354\" data-image=\"https:\/\/www.pleteninespenko.si\/wp-content\/uploads\/2020\/07\/Pletenine_Spenko_mapa_ikona_ostale_poslovalnice.png\">\n\t\t\t\t\t\tMurska Sobota - Trgovina Lan\t\t\t\t\t<\/div>\n\t\t\t\t\t\t\t\t\t<div data-address=\"45.827573,15.1837349\" data-image=\"https:\/\/www.pleteninespenko.si\/wp-content\/uploads\/2020\/07\/Pletenine_Spenko_mapa_ikona_ostale_poslovalnice.png\">\n\t\t\t\t\t\tNovo mesto - Ona On\t\t\t\t\t<\/div>\n\t\t\t\t\t\t\t\t\t<div data-address=\"45.80413069999999,15.1700667\" data-image=\"https:\/\/www.pleteninespenko.si\/wp-content\/uploads\/2020\/07\/Pletenine_Spenko_mapa_ikona_ostale_poslovalnice.png\">\n\t\t\t\t\t\tNovo mesto - Ona On\t\t\t\t\t<\/div>\n\t\t\t\t\t\t\t\t\t<div data-address=\"45.6448292,14.1919627\" data-image=\"https:\/\/www.pleteninespenko.si\/wp-content\/uploads\/2020\/07\/Pletenine_Spenko_mapa_ikona_ostale_poslovalnice.png\">\n\t\t\t\t\t\tPivka - Tekstil Suzi\t\t\t\t\t<\/div>\n\t\t\t\t\t\t\t\t\t<div data-address=\"45.77145,14.1967454\" data-image=\"https:\/\/www.pleteninespenko.si\/wp-content\/uploads\/2020\/07\/Pletenine_Spenko_mapa_ikona_ostale_poslovalnice.png\">\n\t\t\t\t\t\tPostojna - \u010cistilnica Gr\u017ee\t\t\t\t\t<\/div>\n\t\t\t\t\t\t\t\t\t<div data-address=\"46.5461848,14.913286\" data-image=\"https:\/\/www.pleteninespenko.si\/wp-content\/uploads\/2020\/07\/Pletenine_Spenko_mapa_ikona_ostale_poslovalnice.png\">\n\t\t\t\t\t\tPrevalje - Trgovina Lipi\t\t\t\t\t<\/div>\n\t\t\t\t\t\t\t\t\t<div data-address=\"46.4195666,15.8723871\" data-image=\"https:\/\/www.pleteninespenko.si\/wp-content\/uploads\/2020\/07\/Pletenine_Spenko_mapa_ikona_ostale_poslovalnice.png\">\n\t\t\t\t\t\tPtuj - Prodajalna Sabina\t\t\t\t\t<\/div>\n\t\t\t\t\t\t\t\t\t<div data-address=\"46.4214705,15.8723341\" data-image=\"https:\/\/www.pleteninespenko.si\/wp-content\/uploads\/2020\/07\/Pletenine_Spenko_mapa_ikona_ostale_poslovalnice.png\">\n\t\t\t\t\t\tPtuj - Trgovina Zvezda\t\t\t\t\t<\/div>\n\t\t\t\t\t\t\t\t\t<div data-address=\"46.6426262,16.0465962\" data-image=\"https:\/\/www.pleteninespenko.si\/wp-content\/uploads\/2020\/07\/Pletenine_Spenko_mapa_ikona.png\">\n\t\t\t\t\t\tRadenci - Pletenine \u0160penko\t\t\t\t\t<\/div>\n\t\t\t\t\t\t\t\t\t<div data-address=\"46.509733,15.0792767\" data-image=\"https:\/\/www.pleteninespenko.si\/wp-content\/uploads\/2020\/07\/Pletenine_Spenko_mapa_ikona_ostale_poslovalnice.png\">\n\t\t\t\t\t\tSlovenj Gradec - Prodajalna Tajda\t\t\t\t\t<\/div>\n\t\t\t\t\t\t\t\t\t<div data-address=\"46.5082752,15.0775204\" data-image=\"https:\/\/www.pleteninespenko.si\/wp-content\/uploads\/2020\/07\/Pletenine_Spenko_mapa_ikona_ostale_poslovalnice.png\">\n\t\t\t\t\t\tSlovenj Gradec - Trgovina Veur\t\t\t\t\t<\/div>\n\t\t\t\t\t\t\t\t\t<div data-address=\"46.3631644,14.308744\" data-image=\"https:\/\/www.pleteninespenko.si\/wp-content\/uploads\/2020\/07\/Pletenine_Spenko_mapa_ikona_ostale_poslovalnice.png\">\n\t\t\t\t\t\tTr\u017ei\u010d - Lady & Man\t\t\t\t\t<\/div>\n\t\t\t\t\t\t\t\t\t<div data-address=\"46.3650005,15.1081351\" data-image=\"https:\/\/www.pleteninespenko.si\/wp-content\/uploads\/2020\/07\/Pletenine_Spenko_mapa_ikona_ostale_poslovalnice.png\">\n\t\t\t\t\t\tVelenje - Ona On\t\t\t\t\t<\/div>\n\t\t\t\t\t\t\t\t\t<div data-address=\"45.9675012,14.2972172\" data-image=\"https:\/\/www.pleteninespenko.si\/wp-content\/uploads\/2020\/07\/Pletenine_Spenko_mapa_ikona_ostale_poslovalnice.png\">\n\t\t\t\t\t\tVrhnika - Tekstilni koti\u010dek\t\t\t\t\t<\/div>\n\t\t\t\t\t\t\t\t\t<div data-address=\"46.1343836,14.996186\" data-image=\"https:\/\/www.pleteninespenko.si\/wp-content\/uploads\/2020\/07\/Pletenine_Spenko_mapa_ikona_ostale_poslovalnice.png\">\n\t\t\t\t\t\tZagorje ob Savi - Trgovina Kum\t\t\t\t\t<\/div>\n\t\t\t\t\t\t\t\t\t<div data-address=\"46.2520728,15.1653223\" data-image=\"https:\/\/www.pleteninespenko.si\/wp-content\/uploads\/2020\/07\/Pletenine_Spenko_mapa_ikona_ostale_poslovalnice.png\">\n\t\t\t\t\t\t\u017dalec - Top Textil\t\t\t\t\t<\/div>\n\t\t\t\t\t\t\t\t\t<div data-address=\"46.2519219,15.1620271\" data-image=\"https:\/\/www.pleteninespenko.si\/wp-content\/uploads\/2020\/07\/Pletenine_Spenko_mapa_ikona_ostale_poslovalnice.png\">\n\t\t\t\t\t\t\u017dalec - Ona On\t\t\t\t\t<\/div>\n\t\t\t\t\t\t\t\t\t<div data-address=\"45.8131216,15.9750395\" data-image=\"https:\/\/www.pleteninespenko.si\/wp-content\/uploads\/2020\/07\/Pletenine_Spenko_mapa_ikona_ostale_poslovalnice.png\">\n\t\t\t\t\t\tHrva\u0161ka - Zagreb - Robna ku\u0107a Nama\t\t\t\t\t<\/div>\n\t\t\t\t\t\t\t\t\t<div data-address=\"45.814657,15.9978871\" data-image=\"https:\/\/www.pleteninespenko.si\/wp-content\/uploads\/2020\/07\/Pletenine_Spenko_mapa_ikona_ostale_poslovalnice.png\">\n\t\t\t\t\t\tHrva\u0161ka - Zagreb - Robna ku\u0107a Nama\t\t\t\t\t<\/div>\n\t\t\t\t\t\t\t\t\t<div data-address=\"45.9557645,14.658899\" data-image=\"https:\/\/www.pleteninespenko.si\/wp-content\/uploads\/2020\/07\/Pletenine_Spenko_mapa_ikona_ostale_poslovalnice.png\">\n\t\t\t\t\t\tGrosuplje - Kva\u010dka Grosuplje\t\t\t\t\t<\/div>\n\t\t\t\t\t\t\t<\/template>\n\t\t\t\t\n\t<\/div>\n<!-- \/module maps pro --><!-- module button pro -->\n<div  id=\"tb_e88c592\" class=\"module module-button tb_e88c592 button-link-external  tb_default_color\" data-lazy=\"1\">\n\t\n    <a  class=\"ui builder_button tb_default_color\" href=\"https:\/\/www.pleteninespenko.si\/hr\/gdje-se-nalazimo\/\" target=\"_blank\">\n\t\t<span><svg  class=\"tf_fa tf-ti-angle-right\" xmlns:xlink=\"http:\/\/www.w3.org\/1999\/xlink\" aria-hidden=\"true\"><use href=\"#tf-ti-angle-right\" xlink:href=\"#tf-ti-angle-right\"><\/use><\/svg><\/span> \t\t<span>Na podru\u017enice<\/span>\n    <\/a>\n\n\t\n\t<\/div>\n<!-- \/module button pro -->\n        <\/div>\n                    <\/div>\n                <\/div>\n                        <\/div>\n        <\/div>\n        <\/div>\n<!--\/themify_builder_content-->\n","protected":false},"excerpt":{"rendered":"<p>Do\u0161lo je vrijeme kada nam je ve\u0107 hladno ujutro i nave\u010der. Jesen je pokucala na vrata, a uskoro \u0107e i zima. Zato napravite mjesta u svom ormaru, jer za vas imamo NOVU ZIMSKU KOLEKCIJU vrhunske kvalitete. U na\u0161oj trgovini mo\u017eete prona\u0107i vrhunske pletene d\u017eempere. Ako dodatno zahladi, dodajte i veste u svoj ormar, a za [&hellip;]<\/p>\n","protected":false},"author":23,"featured_media":21327,"comment_status":"closed","ping_status":"closed","sticky":false,"template":"","format":"standard","meta":{"inline_featured_image":false,"footnotes":""},"categories":[1816],"tags":[2187,2188,2192,2193,2281,2534,2535,2184],"class_list":["post-21330","post","type-post","status-publish","format-standard","has-post-thumbnail","hentry","category-novo-kod-nas","tag-pletenine-2","tag-kvaliteta-2","tag-dzemperi","tag-veste","tag-trikotaza","tag-zima-2","tag-jesen-2","tag-pletenine-spenko-2","has-post-title","has-post-date","has-post-category","has-post-tag","has-post-comment","has-post-author",""],"yoast_head":"<!-- This site is optimized with the Yoast SEO plugin v27.5 - https:\/\/yoast.com\/product\/yoast-seo-wordpress\/ -->\n<title>Pletenine \u0160penko | Stigle su jesen i zima<\/title>\n<meta name=\"description\" content=\"U na\u0161oj trgovini mo\u017eete prona\u0107i vrhunske pletene d\u017eempere. Ako dodatno zahladi, dodajte i veste u svoj ormar, a za jo\u0161 hladnije dane nosite na\u0161e tople pletene kapute.\" \/>\n<meta name=\"robots\" content=\"index, follow, max-snippet:-1, max-image-preview:large, max-video-preview:-1\" \/>\n<link rel=\"canonical\" href=\"https:\/\/www.pleteninespenko.si\/hr\/stigle-su-jesen-i-zima-a-s-njima-i-nova-kolekcija\/\" \/>\n<meta property=\"og:locale\" content=\"hr_HR\" \/>\n<meta property=\"og:type\" content=\"article\" \/>\n<meta property=\"og:title\" content=\"Pletenine \u0160penko | Stigle su jesen i zima\" \/>\n<meta property=\"og:description\" content=\"U na\u0161oj trgovini mo\u017eete prona\u0107i vrhunske pletene d\u017eempere. Ako dodatno zahladi, dodajte i veste u svoj ormar, a za jo\u0161 hladnije dane nosite na\u0161e tople pletene kapute.\" \/>\n<meta property=\"og:url\" content=\"https:\/\/www.pleteninespenko.si\/hr\/stigle-su-jesen-i-zima-a-s-njima-i-nova-kolekcija\/\" \/>\n<meta property=\"og:site_name\" content=\"Pletenine \u0160penko\" \/>\n<meta property=\"article:publisher\" content=\"https:\/\/www.facebook.com\/PletenineSpenko\/\" \/>\n<meta property=\"article:published_time\" content=\"2022-09-25T10:22:52+00:00\" \/>\n<meta property=\"article:modified_time\" content=\"2022-09-25T18:04:35+00:00\" \/>\n<meta property=\"og:image\" content=\"https:\/\/www.pleteninespenko.si\/wp-content\/uploads\/2022\/09\/Pletenine_Spenko_moske_pletenine_jopa_odisej_siva-3.jpg\" \/>\n\t<meta property=\"og:image:width\" content=\"1400\" \/>\n\t<meta property=\"og:image:height\" content=\"935\" \/>\n\t<meta property=\"og:image:type\" content=\"image\/jpeg\" \/>\n<meta name=\"author\" content=\"Pletenine \u0160penko\" \/>\n<meta name=\"twitter:card\" content=\"summary_large_image\" \/>\n<meta name=\"twitter:label1\" content=\"Napisao\/la\" \/>\n\t<meta name=\"twitter:data1\" content=\"Pletenine \u0160penko\" \/>\n<script type=\"application\/ld+json\" class=\"yoast-schema-graph\">{\"@context\":\"https:\\\/\\\/schema.org\",\"@graph\":[{\"@type\":\"Article\",\"@id\":\"https:\\\/\\\/www.pleteninespenko.si\\\/hr\\\/stigle-su-jesen-i-zima-a-s-njima-i-nova-kolekcija\\\/#article\",\"isPartOf\":{\"@id\":\"https:\\\/\\\/www.pleteninespenko.si\\\/hr\\\/stigle-su-jesen-i-zima-a-s-njima-i-nova-kolekcija\\\/\"},\"author\":{\"name\":\"Pletenine \u0160penko\",\"@id\":\"https:\\\/\\\/www.pleteninespenko.si\\\/hr\\\/#\\\/schema\\\/person\\\/42057a36ac52999c23bf81fc85a7f23b\"},\"headline\":\"Stigle su jesen i zima, a s njima i NOVA kolekcija.\",\"datePublished\":\"2022-09-25T10:22:52+00:00\",\"dateModified\":\"2022-09-25T18:04:35+00:00\",\"mainEntityOfPage\":{\"@id\":\"https:\\\/\\\/www.pleteninespenko.si\\\/hr\\\/stigle-su-jesen-i-zima-a-s-njima-i-nova-kolekcija\\\/\"},\"wordCount\":11,\"publisher\":{\"@id\":\"https:\\\/\\\/www.pleteninespenko.si\\\/hr\\\/#organization\"},\"image\":{\"@id\":\"https:\\\/\\\/www.pleteninespenko.si\\\/hr\\\/stigle-su-jesen-i-zima-a-s-njima-i-nova-kolekcija\\\/#primaryimage\"},\"thumbnailUrl\":\"https:\\\/\\\/www.pleteninespenko.si\\\/wp-content\\\/uploads\\\/2022\\\/09\\\/Pletenine_Spenko_moske_pletenine_jopa_odisej_siva-3.jpg\",\"keywords\":[\"pletenine\",\"kvaliteta\",\"d\u017eemperi\",\"veste\",\"trikota\u017ea\",\"zima\",\"jesen\",\"pletenine \u0161penko\"],\"articleSection\":[\"Novo kod nas\"],\"inLanguage\":\"hr\"},{\"@type\":\"WebPage\",\"@id\":\"https:\\\/\\\/www.pleteninespenko.si\\\/hr\\\/stigle-su-jesen-i-zima-a-s-njima-i-nova-kolekcija\\\/\",\"url\":\"https:\\\/\\\/www.pleteninespenko.si\\\/hr\\\/stigle-su-jesen-i-zima-a-s-njima-i-nova-kolekcija\\\/\",\"name\":\"Pletenine \u0160penko | Stigle su jesen i zima\",\"isPartOf\":{\"@id\":\"https:\\\/\\\/www.pleteninespenko.si\\\/hr\\\/#website\"},\"primaryImageOfPage\":{\"@id\":\"https:\\\/\\\/www.pleteninespenko.si\\\/hr\\\/stigle-su-jesen-i-zima-a-s-njima-i-nova-kolekcija\\\/#primaryimage\"},\"image\":{\"@id\":\"https:\\\/\\\/www.pleteninespenko.si\\\/hr\\\/stigle-su-jesen-i-zima-a-s-njima-i-nova-kolekcija\\\/#primaryimage\"},\"thumbnailUrl\":\"https:\\\/\\\/www.pleteninespenko.si\\\/wp-content\\\/uploads\\\/2022\\\/09\\\/Pletenine_Spenko_moske_pletenine_jopa_odisej_siva-3.jpg\",\"datePublished\":\"2022-09-25T10:22:52+00:00\",\"dateModified\":\"2022-09-25T18:04:35+00:00\",\"description\":\"U na\u0161oj trgovini mo\u017eete prona\u0107i vrhunske pletene d\u017eempere. Ako dodatno zahladi, dodajte i veste u svoj ormar, a za jo\u0161 hladnije dane nosite na\u0161e tople pletene kapute.\",\"breadcrumb\":{\"@id\":\"https:\\\/\\\/www.pleteninespenko.si\\\/hr\\\/stigle-su-jesen-i-zima-a-s-njima-i-nova-kolekcija\\\/#breadcrumb\"},\"inLanguage\":\"hr\",\"potentialAction\":[{\"@type\":\"ReadAction\",\"target\":[\"https:\\\/\\\/www.pleteninespenko.si\\\/hr\\\/stigle-su-jesen-i-zima-a-s-njima-i-nova-kolekcija\\\/\"]}]},{\"@type\":\"ImageObject\",\"inLanguage\":\"hr\",\"@id\":\"https:\\\/\\\/www.pleteninespenko.si\\\/hr\\\/stigle-su-jesen-i-zima-a-s-njima-i-nova-kolekcija\\\/#primaryimage\",\"url\":\"https:\\\/\\\/www.pleteninespenko.si\\\/wp-content\\\/uploads\\\/2022\\\/09\\\/Pletenine_Spenko_moske_pletenine_jopa_odisej_siva-3.jpg\",\"contentUrl\":\"https:\\\/\\\/www.pleteninespenko.si\\\/wp-content\\\/uploads\\\/2022\\\/09\\\/Pletenine_Spenko_moske_pletenine_jopa_odisej_siva-3.jpg\",\"width\":1400,\"height\":935,\"caption\":\"modna siva pletena jopa\"},{\"@type\":\"BreadcrumbList\",\"@id\":\"https:\\\/\\\/www.pleteninespenko.si\\\/hr\\\/stigle-su-jesen-i-zima-a-s-njima-i-nova-kolekcija\\\/#breadcrumb\",\"itemListElement\":[{\"@type\":\"ListItem\",\"position\":1,\"name\":\"Home\",\"item\":\"https:\\\/\\\/www.pleteninespenko.si\\\/hr\\\/\"},{\"@type\":\"ListItem\",\"position\":2,\"name\":\"Stigle su jesen i zima, a s njima i NOVA kolekcija.\"}]},{\"@type\":\"WebSite\",\"@id\":\"https:\\\/\\\/www.pleteninespenko.si\\\/hr\\\/#website\",\"url\":\"https:\\\/\\\/www.pleteninespenko.si\\\/hr\\\/\",\"name\":\"Pletenine \u0160penko\",\"description\":\"\u017denska i mu\u0161ka trikota\u017ea po posljednjoj modi\",\"publisher\":{\"@id\":\"https:\\\/\\\/www.pleteninespenko.si\\\/hr\\\/#organization\"},\"potentialAction\":[{\"@type\":\"SearchAction\",\"target\":{\"@type\":\"EntryPoint\",\"urlTemplate\":\"https:\\\/\\\/www.pleteninespenko.si\\\/hr\\\/?s={search_term_string}\"},\"query-input\":{\"@type\":\"PropertyValueSpecification\",\"valueRequired\":true,\"valueName\":\"search_term_string\"}}],\"inLanguage\":\"hr\"},{\"@type\":\"Organization\",\"@id\":\"https:\\\/\\\/www.pleteninespenko.si\\\/hr\\\/#organization\",\"name\":\"Pletenine \u0160penko\",\"url\":\"https:\\\/\\\/www.pleteninespenko.si\\\/hr\\\/\",\"logo\":{\"@type\":\"ImageObject\",\"inLanguage\":\"hr\",\"@id\":\"https:\\\/\\\/www.pleteninespenko.si\\\/hr\\\/#\\\/schema\\\/logo\\\/image\\\/\",\"url\":\"https:\\\/\\\/www.pleteninespenko.si\\\/wp-content\\\/uploads\\\/2020\\\/06\\\/Pletenine_Spenko.png\",\"contentUrl\":\"https:\\\/\\\/www.pleteninespenko.si\\\/wp-content\\\/uploads\\\/2020\\\/06\\\/Pletenine_Spenko.png\",\"width\":717,\"height\":140,\"caption\":\"Pletenine \u0160penko\"},\"image\":{\"@id\":\"https:\\\/\\\/www.pleteninespenko.si\\\/hr\\\/#\\\/schema\\\/logo\\\/image\\\/\"},\"sameAs\":[\"https:\\\/\\\/www.facebook.com\\\/PletenineSpenko\\\/\",\"https:\\\/\\\/www.instagram.com\\\/pleteninespenko\\\/\"]},{\"@type\":\"Person\",\"@id\":\"https:\\\/\\\/www.pleteninespenko.si\\\/hr\\\/#\\\/schema\\\/person\\\/42057a36ac52999c23bf81fc85a7f23b\",\"name\":\"Pletenine \u0160penko\",\"image\":{\"@type\":\"ImageObject\",\"inLanguage\":\"hr\",\"@id\":\"https:\\\/\\\/www.pleteninespenko.si\\\/wp-content\\\/litespeed\\\/avatar\\\/4059debda33b2bcf06945cee9649f404.jpg?ver=1777660280\",\"url\":\"https:\\\/\\\/www.pleteninespenko.si\\\/wp-content\\\/litespeed\\\/avatar\\\/4059debda33b2bcf06945cee9649f404.jpg?ver=1777660280\",\"contentUrl\":\"https:\\\/\\\/www.pleteninespenko.si\\\/wp-content\\\/litespeed\\\/avatar\\\/4059debda33b2bcf06945cee9649f404.jpg?ver=1777660280\",\"caption\":\"Pletenine \u0160penko\"}}]}<\/script>\n<!-- \/ Yoast SEO plugin. -->","yoast_head_json":{"title":"Pletenine \u0160penko | Stigle su jesen i zima","description":"U na\u0161oj trgovini mo\u017eete prona\u0107i vrhunske pletene d\u017eempere. Ako dodatno zahladi, dodajte i veste u svoj ormar, a za jo\u0161 hladnije dane nosite na\u0161e tople pletene kapute.","robots":{"index":"index","follow":"follow","max-snippet":"max-snippet:-1","max-image-preview":"max-image-preview:large","max-video-preview":"max-video-preview:-1"},"canonical":"https:\/\/www.pleteninespenko.si\/hr\/stigle-su-jesen-i-zima-a-s-njima-i-nova-kolekcija\/","og_locale":"hr_HR","og_type":"article","og_title":"Pletenine \u0160penko | Stigle su jesen i zima","og_description":"U na\u0161oj trgovini mo\u017eete prona\u0107i vrhunske pletene d\u017eempere. Ako dodatno zahladi, dodajte i veste u svoj ormar, a za jo\u0161 hladnije dane nosite na\u0161e tople pletene kapute.","og_url":"https:\/\/www.pleteninespenko.si\/hr\/stigle-su-jesen-i-zima-a-s-njima-i-nova-kolekcija\/","og_site_name":"Pletenine \u0160penko","article_publisher":"https:\/\/www.facebook.com\/PletenineSpenko\/","article_published_time":"2022-09-25T10:22:52+00:00","article_modified_time":"2022-09-25T18:04:35+00:00","og_image":[{"width":1400,"height":935,"url":"https:\/\/www.pleteninespenko.si\/wp-content\/uploads\/2022\/09\/Pletenine_Spenko_moske_pletenine_jopa_odisej_siva-3.jpg","type":"image\/jpeg"}],"author":"Pletenine \u0160penko","twitter_card":"summary_large_image","twitter_misc":{"Napisao\/la":"Pletenine \u0160penko"},"schema":{"@context":"https:\/\/schema.org","@graph":[{"@type":"Article","@id":"https:\/\/www.pleteninespenko.si\/hr\/stigle-su-jesen-i-zima-a-s-njima-i-nova-kolekcija\/#article","isPartOf":{"@id":"https:\/\/www.pleteninespenko.si\/hr\/stigle-su-jesen-i-zima-a-s-njima-i-nova-kolekcija\/"},"author":{"name":"Pletenine \u0160penko","@id":"https:\/\/www.pleteninespenko.si\/hr\/#\/schema\/person\/42057a36ac52999c23bf81fc85a7f23b"},"headline":"Stigle su jesen i zima, a s njima i NOVA kolekcija.","datePublished":"2022-09-25T10:22:52+00:00","dateModified":"2022-09-25T18:04:35+00:00","mainEntityOfPage":{"@id":"https:\/\/www.pleteninespenko.si\/hr\/stigle-su-jesen-i-zima-a-s-njima-i-nova-kolekcija\/"},"wordCount":11,"publisher":{"@id":"https:\/\/www.pleteninespenko.si\/hr\/#organization"},"image":{"@id":"https:\/\/www.pleteninespenko.si\/hr\/stigle-su-jesen-i-zima-a-s-njima-i-nova-kolekcija\/#primaryimage"},"thumbnailUrl":"https:\/\/www.pleteninespenko.si\/wp-content\/uploads\/2022\/09\/Pletenine_Spenko_moske_pletenine_jopa_odisej_siva-3.jpg","keywords":["pletenine","kvaliteta","d\u017eemperi","veste","trikota\u017ea","zima","jesen","pletenine \u0161penko"],"articleSection":["Novo kod nas"],"inLanguage":"hr"},{"@type":"WebPage","@id":"https:\/\/www.pleteninespenko.si\/hr\/stigle-su-jesen-i-zima-a-s-njima-i-nova-kolekcija\/","url":"https:\/\/www.pleteninespenko.si\/hr\/stigle-su-jesen-i-zima-a-s-njima-i-nova-kolekcija\/","name":"Pletenine \u0160penko | Stigle su jesen i zima","isPartOf":{"@id":"https:\/\/www.pleteninespenko.si\/hr\/#website"},"primaryImageOfPage":{"@id":"https:\/\/www.pleteninespenko.si\/hr\/stigle-su-jesen-i-zima-a-s-njima-i-nova-kolekcija\/#primaryimage"},"image":{"@id":"https:\/\/www.pleteninespenko.si\/hr\/stigle-su-jesen-i-zima-a-s-njima-i-nova-kolekcija\/#primaryimage"},"thumbnailUrl":"https:\/\/www.pleteninespenko.si\/wp-content\/uploads\/2022\/09\/Pletenine_Spenko_moske_pletenine_jopa_odisej_siva-3.jpg","datePublished":"2022-09-25T10:22:52+00:00","dateModified":"2022-09-25T18:04:35+00:00","description":"U na\u0161oj trgovini mo\u017eete prona\u0107i vrhunske pletene d\u017eempere. Ako dodatno zahladi, dodajte i veste u svoj ormar, a za jo\u0161 hladnije dane nosite na\u0161e tople pletene kapute.","breadcrumb":{"@id":"https:\/\/www.pleteninespenko.si\/hr\/stigle-su-jesen-i-zima-a-s-njima-i-nova-kolekcija\/#breadcrumb"},"inLanguage":"hr","potentialAction":[{"@type":"ReadAction","target":["https:\/\/www.pleteninespenko.si\/hr\/stigle-su-jesen-i-zima-a-s-njima-i-nova-kolekcija\/"]}]},{"@type":"ImageObject","inLanguage":"hr","@id":"https:\/\/www.pleteninespenko.si\/hr\/stigle-su-jesen-i-zima-a-s-njima-i-nova-kolekcija\/#primaryimage","url":"https:\/\/www.pleteninespenko.si\/wp-content\/uploads\/2022\/09\/Pletenine_Spenko_moske_pletenine_jopa_odisej_siva-3.jpg","contentUrl":"https:\/\/www.pleteninespenko.si\/wp-content\/uploads\/2022\/09\/Pletenine_Spenko_moske_pletenine_jopa_odisej_siva-3.jpg","width":1400,"height":935,"caption":"modna siva pletena jopa"},{"@type":"BreadcrumbList","@id":"https:\/\/www.pleteninespenko.si\/hr\/stigle-su-jesen-i-zima-a-s-njima-i-nova-kolekcija\/#breadcrumb","itemListElement":[{"@type":"ListItem","position":1,"name":"Home","item":"https:\/\/www.pleteninespenko.si\/hr\/"},{"@type":"ListItem","position":2,"name":"Stigle su jesen i zima, a s njima i NOVA kolekcija."}]},{"@type":"WebSite","@id":"https:\/\/www.pleteninespenko.si\/hr\/#website","url":"https:\/\/www.pleteninespenko.si\/hr\/","name":"Pletenine \u0160penko","description":"\u017denska i mu\u0161ka trikota\u017ea po posljednjoj modi","publisher":{"@id":"https:\/\/www.pleteninespenko.si\/hr\/#organization"},"potentialAction":[{"@type":"SearchAction","target":{"@type":"EntryPoint","urlTemplate":"https:\/\/www.pleteninespenko.si\/hr\/?s={search_term_string}"},"query-input":{"@type":"PropertyValueSpecification","valueRequired":true,"valueName":"search_term_string"}}],"inLanguage":"hr"},{"@type":"Organization","@id":"https:\/\/www.pleteninespenko.si\/hr\/#organization","name":"Pletenine \u0160penko","url":"https:\/\/www.pleteninespenko.si\/hr\/","logo":{"@type":"ImageObject","inLanguage":"hr","@id":"https:\/\/www.pleteninespenko.si\/hr\/#\/schema\/logo\/image\/","url":"https:\/\/www.pleteninespenko.si\/wp-content\/uploads\/2020\/06\/Pletenine_Spenko.png","contentUrl":"https:\/\/www.pleteninespenko.si\/wp-content\/uploads\/2020\/06\/Pletenine_Spenko.png","width":717,"height":140,"caption":"Pletenine \u0160penko"},"image":{"@id":"https:\/\/www.pleteninespenko.si\/hr\/#\/schema\/logo\/image\/"},"sameAs":["https:\/\/www.facebook.com\/PletenineSpenko\/","https:\/\/www.instagram.com\/pleteninespenko\/"]},{"@type":"Person","@id":"https:\/\/www.pleteninespenko.si\/hr\/#\/schema\/person\/42057a36ac52999c23bf81fc85a7f23b","name":"Pletenine \u0160penko","image":{"@type":"ImageObject","inLanguage":"hr","@id":"https:\/\/www.pleteninespenko.si\/wp-content\/litespeed\/avatar\/4059debda33b2bcf06945cee9649f404.jpg?ver=1777660280","url":"https:\/\/www.pleteninespenko.si\/wp-content\/litespeed\/avatar\/4059debda33b2bcf06945cee9649f404.jpg?ver=1777660280","contentUrl":"https:\/\/www.pleteninespenko.si\/wp-content\/litespeed\/avatar\/4059debda33b2bcf06945cee9649f404.jpg?ver=1777660280","caption":"Pletenine \u0160penko"}}]}},"_links":{"self":[{"href":"https:\/\/www.pleteninespenko.si\/hr\/wp-json\/wp\/v2\/posts\/21330","targetHints":{"allow":["GET"]}}],"collection":[{"href":"https:\/\/www.pleteninespenko.si\/hr\/wp-json\/wp\/v2\/posts"}],"about":[{"href":"https:\/\/www.pleteninespenko.si\/hr\/wp-json\/wp\/v2\/types\/post"}],"author":[{"embeddable":true,"href":"https:\/\/www.pleteninespenko.si\/hr\/wp-json\/wp\/v2\/users\/23"}],"replies":[{"embeddable":true,"href":"https:\/\/www.pleteninespenko.si\/hr\/wp-json\/wp\/v2\/comments?post=21330"}],"version-history":[{"count":0,"href":"https:\/\/www.pleteninespenko.si\/hr\/wp-json\/wp\/v2\/posts\/21330\/revisions"}],"wp:featuredmedia":[{"embeddable":true,"href":"https:\/\/www.pleteninespenko.si\/hr\/wp-json\/wp\/v2\/media\/21327"}],"wp:attachment":[{"href":"https:\/\/www.pleteninespenko.si\/hr\/wp-json\/wp\/v2\/media?parent=21330"}],"wp:term":[{"taxonomy":"category","embeddable":true,"href":"https:\/\/www.pleteninespenko.si\/hr\/wp-json\/wp\/v2\/categories?post=21330"},{"taxonomy":"post_tag","embeddable":true,"href":"https:\/\/www.pleteninespenko.si\/hr\/wp-json\/wp\/v2\/tags?post=21330"}],"curies":[{"name":"wp","href":"https:\/\/api.w.org\/{rel}","templated":true}]}}