{"id":55562,"date":"2025-11-27T18:36:44","date_gmt":"2025-11-27T17:36:44","guid":{"rendered":"https:\/\/www.pleteninespenko.si\/to-je-crni-petak-kakvog-ste-zasluzili-pozurite%e2%9c%a8\/"},"modified":"2025-11-27T18:42:23","modified_gmt":"2025-11-27T17:42:23","slug":"to-je-crni-petak-kakvog-ste-zasluzili-pozurite%e2%9c%a8","status":"publish","type":"post","link":"https:\/\/www.pleteninespenko.si\/hr\/to-je-crni-petak-kakvog-ste-zasluzili-pozurite%e2%9c%a8\/","title":{"rendered":"To je Crni petak kakvog ste zaslu\u017eili! Po\u017eurite!\u2728"},"content":{"rendered":"<!--themify_builder_content-->\n<div id=\"themify_builder_content-55562\" data-postid=\"55562\" class=\"themify_builder_content themify_builder_content-55562 themify_builder tf_clear\">\n                    <div  data-lazy=\"1\" class=\"module_row themify_builder_row tb_nqw9295 tb_first tf_w\">\n                        <div class=\"row_inner col_align_top tb_col_count_1 tf_box tf_rel\">\n                        <div  data-lazy=\"1\" class=\"module_column tb-column col-full tb_p9n8297 first\">\n                    <!-- module text -->\n<div  class=\"module module-text tb_rywz298   \" data-lazy=\"1\">\n        <div  class=\"tb_text_wrap\">\n        <p><strong>Od 27. studenog do 3. prosinca <\/strong> (ili do rasprodaje zaliha) nudimo vam <strong>20% popusta na svu nesni\u017eenu pleteninu<\/strong>! Ovo je trenutak koji ne \u017eelite propustiti \u2013 najbolja prilika da osvje\u017eite svoju garderobu toplim, modernim komadima koji \u0107e vas grijati kroz zimu.<\/p>\n<p><strong>Pogledajte \u0161to vas sve \u010deka:<\/strong><\/p>\n<ul>\n<li><a href=\"https:\/\/www.pleteninespenko.si\/hr\/kategorija-proizvoda\/zenska-pletenina\/zenske-veste\/\" target=\"_blank\" rel=\"noopener\"><strong>Veste<\/strong><\/a> koje su idealne za prijelazne dane \u2013 lagane, ali dovoljno tople da vas za\u0161tite od hladnog zraka i u\u010dine svaki va\u0161 korak elegantnijim.<\/li>\n<li><strong><a href=\"https:\/\/www.pleteninespenko.si\/hr\/kategorija-proizvoda\/zenska-pletenina\/zenski-dzemperi\/\" target=\"_blank\" rel=\"noopener\">D\u017eemperi <\/a><\/strong>koji spajaju jednostavnost s modernim detaljima \u2013 idealni za udobne dane na poslu ili opu\u0161tene vikende.<\/li>\n<li><strong><a href=\"https:\/\/www.pleteninespenko.si\/hr\/kategorija-proizvoda\/zenska-pletenina\/haljine\/\" target=\"_blank\" rel=\"noopener\">Haljine<\/a><\/strong> koje \u0107e vas odu\u0161eviti svojom elegancijom i udobno\u0161\u0107u. Savr\u0161en komad za isticanje kada vani postane hladno.<\/li>\n<li><strong><a href=\"https:\/\/www.pleteninespenko.si\/hr\/kategorija-proizvoda\/zenska-pletenina\/ponci-hr\/\" target=\"_blank\" rel=\"noopener\">Pon\u010di<\/a><\/strong> koji su vi\u0161e od odje\u0107e \u2013 to je va\u0161a osobna izjava o stilu i udobnosti u isto vrijeme.<\/li>\n<\/ul>\n<p><strong>Tako jednostavno, a tako u\u010dinkovito!<\/strong> Akcija traje <strong>od 27. studenog do 3. prosinca <\/strong>, ili dok ne ponestane zaliha, pa <strong>ne odga\u0111ajte<\/strong>! Ovo je prilika koju ne \u017eelite propustiti.<\/p>\n<p>Po\u017eurite, zalihe su ograni\u010dene! Posjetite nas u <strong><a href=\"https:\/\/www.pleteninespenko.si\/hr\/gdje-se-nalazimo\/\" target=\"_blank\" rel=\"noopener\">na\u0161im trgovinama<\/a><\/strong> ili kupujte na <strong><a href=\"https:\/\/www.pleteninespenko.si\/hr\/trgovina\/\" target=\"_blank\" rel=\"noopener\">pleteninespenko.si\/hr<\/a><\/strong>, gdje vas \u010dekaju pletenine koje \u0107e vas ugrijati i obogatiti va\u0161u zimu.<\/p>\n<p><strong>Topli zagrljaj, va\u0161e Pletenine \u0160penko!<\/strong><\/p>\n<h3 class=\"gmail_default\" style=\"text-align: left;\">\u0160penko pletenina. Pletivo koje grije srce, du\u0161u i tijelo.<\/h3>    <\/div>\n<\/div>\n<!-- \/module text -->        <div  data-lazy=\"1\" class=\"module_subrow themify_builder_sub_row tf_w col_align_top tb_col_count_4 tb_pqam298\">\n                <div  data-lazy=\"1\" class=\"module_column sub_column col4-1 tb_wke9300 first\">\n                    <!-- module feature -->\n<div  class=\"module module-feature tb_yidt301 with-chart layout-icon-top size-small \" data-layout-mobile=\"icon-left\" data-layout-desktop=\"icon-top\" data-lazy=\"1\">\n        <div class=\"module-feature-image tf_textc tf_rel\">\n                            <a href=\"https:\/\/www.pleteninespenko.si\/hr\/kategorija-proizvoda\/muska-pletenina\/\">\n                        <span class=\"module-feature-chart-html5 tf_box tf_rel tf_inline_b\">\n                                    <svg class=\"tf_abs tf_w tf_h\">\n                    <circle class=\"tb_feature_fill\" r=\"calc(50% - 1.50px)\" cx=\"50%\" cy=\"50%\" stroke-width=\"3\"\/>\n                    <circle class=\"tb_feature_stroke\" r=\"calc(50% - 1.50px)\" cx=\"50%\" cy=\"50%\" stroke=\"#9655a2\" stroke-width=\"3\" data-progress=\"100\" stroke-dasharray=\"0,10000\"\/>\n                                        <\/svg>\n                                <span class=\"chart-html5-circle tf_w tf_h\">\n                    <img decoding=\"async\" src=\"https:\/\/www.pleteninespenko.si\/wp-content\/uploads\/2023\/12\/Pletenine-Spenko-moske-pletenine-jopica-stanko-modra-928x1024-100x100.jpg\" width=\"100\" height=\"100\" class=\"wp-post-image wp-image-49895\" title=\"Pletenine-Spenko-moske-pletenine-jopica-stanko-modra\" style=\"width:calc(100% - 6px);height:calc(100% - 6px)\" alt=\"Volnena jopica Stanko ima V izrez. Jopica je pletena v vzorcu \u010drt in reliefne pletenine. Jopica Stanko se zapenja z gumbi.\" srcset=\"https:\/\/www.pleteninespenko.si\/wp-content\/uploads\/2023\/12\/Pletenine-Spenko-moske-pletenine-jopica-stanko-modra-928x1024-100x100.jpg 100w, https:\/\/www.pleteninespenko.si\/wp-content\/uploads\/2023\/12\/Pletenine-Spenko-moske-pletenine-jopica-stanko-modra-150x150.jpg 150w, https:\/\/www.pleteninespenko.si\/wp-content\/uploads\/2023\/12\/Pletenine-Spenko-moske-pletenine-jopica-stanko-modra-300x300.jpg 300w, https:\/\/www.pleteninespenko.si\/wp-content\/uploads\/2023\/12\/Pletenine-Spenko-moske-pletenine-jopica-stanko-modra-928x1024-47x48.jpg 47w\" sizes=\"(max-width: 100px) 100vw, 100px\" \/>                                    <\/span>\n\n                \n            <\/span>\n                        <\/a>\n            <\/div>\n    <div class=\"module-feature-content tf_textc\">\n                    <h3 class=\"module-feature-title\">\n                            <a href=\"https:\/\/www.pleteninespenko.si\/hr\/kategorija-proizvoda\/muska-pletenina\/\">Mu\u0161ka moda<\/a>\n                        <\/h3>\n                    <div class=\"tb_text_wrap\">\n                    <\/div>\n    <\/div>\n<\/div>\n<!-- \/module feature -->\n        <\/div>\n                    <div  data-lazy=\"1\" class=\"module_column sub_column col4-1 tb_97ij301\">\n                    <!-- module feature -->\n<div  class=\"module module-feature tb_3nrd302 with-chart layout-icon-top size-small \" data-layout-mobile=\"icon-left\" data-layout-desktop=\"icon-top\" data-lazy=\"1\">\n        <div class=\"module-feature-image tf_textc tf_rel\">\n                            <a href=\"https:\/\/www.pleteninespenko.si\/hr\/kategorija-proizvoda\/zenska-pletenina\/\">\n                        <span class=\"module-feature-chart-html5 tf_box tf_rel tf_inline_b\">\n                                    <svg class=\"tf_abs tf_w tf_h\">\n                    <circle class=\"tb_feature_fill\" r=\"calc(50% - 1.50px)\" cx=\"50%\" cy=\"50%\" stroke-width=\"3\"\/>\n                    <circle class=\"tb_feature_stroke\" r=\"calc(50% - 1.50px)\" cx=\"50%\" cy=\"50%\" stroke=\"#9655a2\" stroke-width=\"3\" data-progress=\"100\" stroke-dasharray=\"0,10000\"\/>\n                                        <\/svg>\n                                <span class=\"chart-html5-circle tf_w tf_h\">\n                    <img decoding=\"async\" src=\"https:\/\/www.pleteninespenko.si\/wp-content\/uploads\/2023\/06\/Pletenine-Spenko-zenske-pletenine-obleka-sara-roza-vijolicne-rozice-928x1024-100x100.jpg\" width=\"100\" height=\"100\" class=\"wp-post-image wp-image-50826\" title=\"Pletenine-Spenko-zenske-pletenine-haljina-sara-roza-vijolicne-rozice\" style=\"width:calc(100% - 6px);height:calc(100% - 6px)\" alt=\"Ljetna haljina od elasti\u010dnog pletiva jerseya i viskoze, prikladna je za vru\u0107e ljetne dane jer nas sam viskozni materijal ugodno hladi. Haljina je princes kroja i kratkih rukava.\" srcset=\"https:\/\/www.pleteninespenko.si\/wp-content\/uploads\/2023\/06\/Pletenine-Spenko-zenske-pletenine-obleka-sara-roza-vijolicne-rozice-928x1024-100x100.jpg 100w, https:\/\/www.pleteninespenko.si\/wp-content\/uploads\/2023\/06\/Pletenine-Spenko-zenske-pletenine-obleka-sara-roza-vijolicne-rozice-150x150.jpg 150w, https:\/\/www.pleteninespenko.si\/wp-content\/uploads\/2023\/06\/Pletenine-Spenko-zenske-pletenine-obleka-sara-roza-vijolicne-rozice-300x300.jpg 300w, https:\/\/www.pleteninespenko.si\/wp-content\/uploads\/2023\/06\/Pletenine-Spenko-zenske-pletenine-obleka-sara-roza-vijolicne-rozice-928x1024-47x48.jpg 47w\" sizes=\"(max-width: 100px) 100vw, 100px\" \/>                                    <\/span>\n\n                \n            <\/span>\n                        <\/a>\n            <\/div>\n    <div class=\"module-feature-content tf_textc\">\n                    <h3 class=\"module-feature-title\">\n                            <a href=\"https:\/\/www.pleteninespenko.si\/hr\/kategorija-proizvoda\/zenska-pletenina\/\">\u017denska moda<\/a>\n                        <\/h3>\n                    <div class=\"tb_text_wrap\">\n                    <\/div>\n    <\/div>\n<\/div>\n<!-- \/module feature -->\n        <\/div>\n                    <div  data-lazy=\"1\" class=\"module_column sub_column col4-1 tb_g0al303\">\n                    <!-- module feature -->\n<div  class=\"module module-feature tb_84k4303 with-chart layout-icon-top size-small \" data-layout-mobile=\"icon-left\" data-layout-desktop=\"icon-top\" data-lazy=\"1\">\n        <div class=\"module-feature-image tf_textc tf_rel\">\n                            <a href=\"https:\/\/www.pleteninespenko.si\/hr\/kategorija-proizvoda\/pletenina-kao-modni-dodaci\/\">\n                        <span class=\"module-feature-chart-html5 tf_box tf_rel tf_inline_b\">\n                                    <svg class=\"tf_abs tf_w tf_h\">\n                    <circle class=\"tb_feature_fill\" r=\"calc(50% - 1.50px)\" cx=\"50%\" cy=\"50%\" stroke-width=\"3\"\/>\n                    <circle class=\"tb_feature_stroke\" r=\"calc(50% - 1.50px)\" cx=\"50%\" cy=\"50%\" stroke=\"#9655a2\" stroke-width=\"3\" data-progress=\"100\" stroke-dasharray=\"0,10000\"\/>\n                                        <\/svg>\n                                <span class=\"chart-html5-circle tf_w tf_h\">\n                    <img decoding=\"async\" src=\"https:\/\/www.pleteninespenko.si\/wp-content\/uploads\/2025\/03\/Pletenine-Spenko-zenske-pletenine-sal-zala-leopardji-vzorec-2-928x1024-100x100.jpg\" width=\"100\" height=\"100\" class=\"wp-post-image wp-image-49863\" title=\"Pletenine-Spenko-zenske-pletenine-sal-zala-leopardji-vzorec-2\" style=\"width:calc(100% - 6px);height:calc(100% - 6px)\" alt=\"Tanki \u0161al s razli\u010ditim uzorcima, koji je savr\u0161en dodatak jednobojnim puloverima. Njegov jedinstven dizajn dodaje to\u010dku na i svakom stilu, jer spaja eleganciju i modernost. Na fotografiji je prikazan u kombinaciji s puloverom Earlen, stvaraju\u0107i bezbri\u017enu i sofisticiranu kombinaciju za svakodnevni izgled.\" srcset=\"https:\/\/www.pleteninespenko.si\/wp-content\/uploads\/2025\/03\/Pletenine-Spenko-zenske-pletenine-sal-zala-leopardji-vzorec-2-928x1024-100x100.jpg 100w, https:\/\/www.pleteninespenko.si\/wp-content\/uploads\/2025\/03\/Pletenine-Spenko-zenske-pletenine-sal-zala-leopardji-vzorec-2-150x150.jpg 150w, https:\/\/www.pleteninespenko.si\/wp-content\/uploads\/2025\/03\/Pletenine-Spenko-zenske-pletenine-sal-zala-leopardji-vzorec-2-300x300.jpg 300w\" sizes=\"(max-width: 100px) 100vw, 100px\" \/>                                    <\/span>\n\n                \n            <\/span>\n                        <\/a>\n            <\/div>\n    <div class=\"module-feature-content tf_textc\">\n                    <h3 class=\"module-feature-title\">\n                            <a href=\"https:\/\/www.pleteninespenko.si\/hr\/kategorija-proizvoda\/pletenina-kao-modni-dodaci\/\">Modni dodaci<\/a>\n                        <\/h3>\n                    <div class=\"tb_text_wrap\">\n                    <\/div>\n    <\/div>\n<\/div>\n<!-- \/module feature -->\n        <\/div>\n                    <div  data-lazy=\"1\" class=\"module_column sub_column col4-1 tb_hq8f303 last\">\n                    <!-- module feature -->\n<div  class=\"module module-feature tb_34lx304 with-chart layout-icon-top size-small \" data-layout-mobile=\"icon-left\" data-layout-desktop=\"icon-top\" data-lazy=\"1\">\n        <div class=\"module-feature-image tf_textc tf_rel\">\n                            <a href=\"https:\/\/www.pleteninespenko.si\/hr\/kategorija-proizvoda\/pletenina-za-slobodno-vrijeme\/\">\n                        <span class=\"module-feature-chart-html5 tf_box tf_rel tf_inline_b\">\n                                    <svg class=\"tf_abs tf_w tf_h\">\n                    <circle class=\"tb_feature_fill\" r=\"calc(50% - 1.50px)\" cx=\"50%\" cy=\"50%\" stroke-width=\"3\"\/>\n                    <circle class=\"tb_feature_stroke\" r=\"calc(50% - 1.50px)\" cx=\"50%\" cy=\"50%\" stroke=\"#9655a2\" stroke-width=\"3\" data-progress=\"100\" stroke-dasharray=\"0,10000\"\/>\n                                        <\/svg>\n                                <span class=\"chart-html5-circle tf_w tf_h\">\n                    <img decoding=\"async\" src=\"https:\/\/www.pleteninespenko.si\/wp-content\/uploads\/2024\/11\/Pletenine-Spenko-pletenine-za-prosti-cas-pletena-odeja-928x1024-100x100.jpg\" width=\"100\" height=\"100\" class=\"wp-post-image wp-image-43701\" title=\"Pletenine-Spenko-pletenine-za-prosti-cas-pletena-odeja\" style=\"width:calc(100% - 6px);height:calc(100% - 6px)\" alt=\"Topla volnena odeja za hladne jesenske in zimske dni. Volna nas poleg na\u0161ih najbli\u017ejih, greje najceneje!\" srcset=\"https:\/\/www.pleteninespenko.si\/wp-content\/uploads\/2024\/11\/Pletenine-Spenko-pletenine-za-prosti-cas-pletena-odeja-928x1024-100x100.jpg 100w, https:\/\/www.pleteninespenko.si\/wp-content\/uploads\/2024\/11\/Pletenine-Spenko-pletenine-za-prosti-cas-pletena-odeja-150x150.jpg 150w, https:\/\/www.pleteninespenko.si\/wp-content\/uploads\/2024\/11\/Pletenine-Spenko-pletenine-za-prosti-cas-pletena-odeja-300x300.jpg 300w, https:\/\/www.pleteninespenko.si\/wp-content\/uploads\/2024\/11\/Pletenine-Spenko-pletenine-za-prosti-cas-pletena-odeja-928x1024-47x48.jpg 47w\" sizes=\"(max-width: 100px) 100vw, 100px\" \/>                                    <\/span>\n\n                \n            <\/span>\n                        <\/a>\n            <\/div>\n    <div class=\"module-feature-content tf_textc\">\n                    <h3 class=\"module-feature-title\">\n                            <a href=\"https:\/\/www.pleteninespenko.si\/hr\/kategorija-proizvoda\/pletenina-za-slobodno-vrijeme\/\">Slobodno vrijeme<\/a>\n                        <\/h3>\n                    <div class=\"tb_text_wrap\">\n                    <\/div>\n    <\/div>\n<\/div>\n<!-- \/module feature -->\n        <\/div>\n                    <\/div>\n                <div  data-lazy=\"1\" class=\"module_subrow themify_builder_sub_row tf_w col_align_top tb_col_count_1 tb_4lkn304\">\n                <div  data-lazy=\"1\" class=\"module_column sub_column col-full tb_3fpk305 first\">\n                    <!-- module divider -->\n<div  class=\"module tf_mw module-divider tb_jq47305 dotted   \" style=\"border-width: 2px;border-color: #9655a2;margin-top: 40px;margin-bottom: 40px;\" data-lazy=\"1\">\n    <\/div>\n<!-- \/module divider -->\n<!-- module text -->\n<div  class=\"module module-text tb_er9i305   \" data-lazy=\"1\">\n        <div  class=\"tb_text_wrap\">\n        <h2 style=\"text-align: center\">Nova kolekcija jesen-zima 2025.\/26., tako\u0111er u na\u0161im trgovinama u Sloveniji i Hrvatskoj!<\/h2>    <\/div>\n<\/div>\n<!-- \/module text --><!-- module maps pro -->\n<div  id=\"tb_qq4x306\" class=\"module module-maps-pro tb_qq4x306  tf_lazy\" data-zoom=\"9\" data-type=\"ROADMAP\" data-address=\"Moste 95a, 1218 Komenda, Slovenija\" data-scrollwheel=\"1\" data-draggable=\"enable\" data-disable_map_ui=\"\" data-polyline=\"\" data-geodesic=\"\" data-polylineStroke=\"2\" data-polylineColor=\"\" data-trigger=\"\" data-mapid=\"\" data-legacymarkers=\"\" data-lazy=\"1\">\n\t\n\t\t\t<div class=\"maps-pro-canvas-container\">\n\t\t\t<div class=\"maps-pro-canvas\" style=\"width:100%;height:600px\"><\/div>\n\t\t<\/div>\n\t\t\t\t\t<template>\n\t\t\t\t\t\t\t\t\t<div data-address=\"46.1970063,14.5492738\" data-image=\"https:\/\/www.pleteninespenko.si\/wp-content\/uploads\/2020\/07\/Pletenine_Spenko_mapa_ikona_glavna_2.png\">\n\t\t\t\t\t\tTrgovina Pletenine \u0160penko - Trgovina na veliko i malo\t\t\t\t\t<\/div>\n\t\t\t\t\t\t\t\t\t<div data-address=\"45.8874388,13.9053592\" data-image=\"https:\/\/www.pleteninespenko.si\/wp-content\/uploads\/2020\/07\/Pletenine_Spenko_mapa_ikona.png\">\n\t\t\t\t\t\tAjdov\u0161\u010dina - Trgovina trikota\u017ee \u0160penko\t\t\t\t\t<\/div>\n\t\t\t\t\t\t\t\t\t<div data-address=\"46.3670519,14.1098373\" data-image=\"https:\/\/www.pleteninespenko.si\/wp-content\/uploads\/2020\/07\/Pletenine_Spenko_mapa_ikona_ostale_poslovalnice.png\">\n\t\t\t\t\t\tBled - Trgovina Bled\t\t\t\t\t<\/div>\n\t\t\t\t\t\t\t\t\t<div data-address=\"46.2722008,13.9528375\" data-image=\"https:\/\/www.pleteninespenko.si\/wp-content\/uploads\/2020\/07\/Pletenine_Spenko_mapa_ikona_ostale_poslovalnice.png\">\n\t\t\t\t\t\tBohinjska Bistrica - Vema Store\t\t\t\t\t<\/div>\n\t\t\t\t\t\t\t\t\t<div data-address=\"45.9058415,15.5917142\" data-image=\"https:\/\/www.pleteninespenko.si\/wp-content\/uploads\/2020\/07\/Pletenine_Spenko_mapa_ikona_ostale_poslovalnice.png\">\n\t\t\t\t\t\tBre\u017eice - Vrhunski tekstil\t\t\t\t\t<\/div>\n\t\t\t\t\t\t\t\t\t<div data-address=\"46.22981679999999,15.2654091\" data-image=\"https:\/\/www.pleteninespenko.si\/wp-content\/uploads\/2020\/07\/Pletenine_Spenko_mapa_ikona_ostale_poslovalnice.png\">\n\t\t\t\t\t\tCelje - Leina trgovina\t\t\t\t\t<\/div>\n\t\t\t\t\t\t\t\t\t<div data-address=\"46.253319,14.4873141\" data-image=\"https:\/\/www.pleteninespenko.si\/wp-content\/uploads\/2020\/07\/Pletenine_Spenko_mapa_ikona_ostale_poslovalnice.png\">\n\t\t\t\t\t\tCerklje na Gorenjskem - Trgovina Julija\t\t\t\t\t<\/div>\n\t\t\t\t\t\t\t\t\t<div data-address=\"45.5699745,15.1921424\" data-image=\"https:\/\/www.pleteninespenko.si\/wp-content\/uploads\/2020\/07\/Pletenine_Spenko_mapa_ikona_ostale_poslovalnice.png\">\n\t\t\t\t\t\t\u010crnomelj - Trgovina Kva\u010dka\t\t\t\t\t<\/div>\n\t\t\t\t\t\t\t\t\t<div data-address=\"45.6042131,15.2763011\" data-image=\"https:\/\/www.pleteninespenko.si\/wp-content\/uploads\/2020\/07\/Pletenine_Spenko_mapa_ikona_ostale_poslovalnice.png\">\n\t\t\t\t\t\tGradac u Beloj Krajini - Irenin du\u0107an\t\t\t\t\t<\/div>\n\t\t\t\t\t\t\t\t\t<div data-address=\"45.5665188,14.2423297\" data-image=\"https:\/\/www.pleteninespenko.si\/wp-content\/uploads\/2020\/07\/Pletenine_Spenko_mapa_ikona_ostale_poslovalnice.png\">\n\t\t\t\t\t\tIlirska Bistrica - Silver Mode\t\t\t\t\t<\/div>\n\t\t\t\t\t\t\t\t\t<div data-address=\"45.5391566,13.6573916\" data-image=\"https:\/\/www.pleteninespenko.si\/wp-content\/uploads\/2020\/07\/Pletenine_Spenko_mapa_ikona_ostale_poslovalnice.png\">\n\t\t\t\t\t\tIzola - Trgovina Lara\t\t\t\t\t<\/div>\n\t\t\t\t\t\t\t\t\t<div data-address=\"46.43937709999999,14.0435847\" data-image=\"https:\/\/www.pleteninespenko.si\/wp-content\/uploads\/2020\/07\/Pletenine_Spenko_mapa_ikona_ostale_poslovalnice.png\">\n\t\t\t\t\t\tJesenice - Ona On\t\t\t\t\t<\/div>\n\t\t\t\t\t\t\t\t\t<div data-address=\"46.2253723,14.6131797\" data-image=\"https:\/\/www.pleteninespenko.si\/wp-content\/uploads\/2020\/07\/Pletenine_Spenko_mapa_ikona.png\">\n\t\t\t\t\t\tKamnik - Trgovina trikota\u017ee \u0160penko\t\t\t\t\t<\/div>\n\t\t\t\t\t\t\t\t\t<div data-address=\"45.6374498,14.8600298\" data-image=\"https:\/\/www.pleteninespenko.si\/wp-content\/uploads\/2020\/07\/Pletenine_Spenko_mapa_ikona_ostale_poslovalnice.png\">\n\t\t\t\t\t\tKo\u010devje - Ona i on\t\t\t\t\t<\/div>\n\t\t\t\t\t\t\t\t\t<div data-address=\"46.26930670000001,14.3505948\" data-image=\"https:\/\/www.pleteninespenko.si\/wp-content\/uploads\/2020\/07\/Pletenine_Spenko_mapa_ikona_ostale_poslovalnice.png\">\n\t\t\t\t\t\tKranj - Zora Tekstil\t\t\t\t\t<\/div>\n\t\t\t\t\t\t\t\t\t<div data-address=\"46.240006,14.3560356\" data-image=\"https:\/\/www.pleteninespenko.si\/wp-content\/uploads\/2020\/07\/Pletenine_Spenko_mapa_ikona_ostale_poslovalnice.png\">\n\t\t\t\t\t\tKranj - Trgovina Maja\t\t\t\t\t<\/div>\n\t\t\t\t\t\t\t\t\t<div data-address=\"46.036137,14.4895265\" data-image=\"https:\/\/www.pleteninespenko.si\/wp-content\/uploads\/2020\/07\/Pletenine_Spenko_mapa_ikona.png\">\n\t\t\t\t\t\tLjubljana - TC Murgle - Trgovina trikota\u017ee \u0160penko\t\t\t\t\t<\/div>\n\t\t\t\t\t\t\t\t\t<div data-address=\"46.0640071,14.5092494\" data-image=\"https:\/\/www.pleteninespenko.si\/wp-content\/uploads\/2020\/07\/Pletenine_Spenko_mapa_ikona_ostale_poslovalnice.png\">\n\t\t\t\t\t\tLjubljana - Plava Laguna - Ona He\t\t\t\t\t<\/div>\n\t\t\t\t\t\t\t\t\t<div data-address=\"46.0523928,14.5158349\" data-image=\"https:\/\/www.pleteninespenko.si\/wp-content\/uploads\/2020\/07\/Pletenine_Spenko_mapa_ikona_ostale_poslovalnice.png\">\n\t\t\t\t\t\tLjubljana - Outlet - Ona On\t\t\t\t\t<\/div>\n\t\t\t\t\t\t\t\t\t<div data-address=\"46.0681081,14.5420462\" data-image=\"https:\/\/www.pleteninespenko.si\/wp-content\/uploads\/2020\/07\/Pletenine_Spenko_mapa_ikona_ostale_poslovalnice.png\">\n\t\t\t\t\t\tLjubljana - BTC Hall A - Ona je uklju\u010dena\t\t\t\t\t<\/div>\n\t\t\t\t\t\t\t\t\t<div data-address=\"46.0483482,14.5014747\" data-image=\"https:\/\/www.pleteninespenko.si\/wp-content\/uploads\/2020\/07\/Pletenine_Spenko_mapa_ikona_ostale_poslovalnice.png\">\n\t\t\t\t\t\tLjubljana - V klub trgovina\t\t\t\t\t<\/div>\n\t\t\t\t\t\t\t\t\t<div data-address=\"46.05677559999999,14.5083706\" data-image=\"https:\/\/www.pleteninespenko.si\/wp-content\/uploads\/2020\/07\/Pletenine_Spenko_mapa_ikona_ostale_poslovalnice.png\">\n\t\t\t\t\t\tLjubljana - Trgovina Jelka\t\t\t\t\t<\/div>\n\t\t\t\t\t\t\t\t\t<div data-address=\"46.04763699999999,14.506302\" data-image=\"https:\/\/www.pleteninespenko.si\/wp-content\/uploads\/2020\/07\/Pletenine_Spenko_mapa_ikona_ostale_poslovalnice.png\">\n\t\t\t\t\t\tLjubljana - Brokat Store\t\t\t\t\t<\/div>\n\t\t\t\t\t\t\t\t\t<div data-address=\"46.05719759999999,14.8305948\" data-image=\"https:\/\/www.pleteninespenko.si\/wp-content\/uploads\/2020\/07\/Pletenine_Spenko_mapa_ikona_ostale_poslovalnice.png\">\n\t\t\t\t\t\tLitij - Trgovina Slivna\t\t\t\t\t<\/div>\n\t\t\t\t\t\t\t\t\t<div data-address=\"46.5179998,16.1958976\" data-image=\"https:\/\/www.pleteninespenko.si\/wp-content\/uploads\/2020\/07\/Pletenine_Spenko_mapa_ikona_ostale_poslovalnice.png\">\n\t\t\t\t\t\tLjutomer - Simtis\t\t\t\t\t<\/div>\n\t\t\t\t\t\t\t\t\t<div data-address=\"46.5587501,15.6505413\" data-image=\"https:\/\/www.pleteninespenko.si\/wp-content\/uploads\/2020\/07\/Pletenine_Spenko_mapa_ikona_ostale_poslovalnice.png\">\n\t\t\t\t\t\tMaribor - Centar grada - Top Textil\t\t\t\t\t<\/div>\n\t\t\t\t\t\t\t\t\t<div data-address=\"46.5338894,15.6652223\" data-image=\"https:\/\/www.pleteninespenko.si\/wp-content\/uploads\/2020\/07\/Pletenine_Spenko_mapa_ikona_ostale_poslovalnice.png\">\n\t\t\t\t\t\tMaribor - Lolita\t\t\t\t\t<\/div>\n\t\t\t\t\t\t\t\t\t<div data-address=\"46.5606114,15.6536549\" data-image=\"https:\/\/www.pleteninespenko.si\/wp-content\/uploads\/2020\/07\/Pletenine_Spenko_mapa_ikona_ostale_poslovalnice.png\">\n\t\t\t\t\t\tMaribor - Trgovina dekora\t\t\t\t\t<\/div>\n\t\t\t\t\t\t\t\t\t<div data-address=\"46.5584232,15.646585\" data-image=\"https:\/\/www.pleteninespenko.si\/wp-content\/uploads\/2020\/07\/Pletenine_Spenko_mapa_ikona_ostale_poslovalnice.png\">\n\t\t\t\t\t\tMaribor - Modni salon\t\t\t\t\t<\/div>\n\t\t\t\t\t\t\t\t\t<div data-address=\"46.66152899999999,16.1666354\" data-image=\"https:\/\/www.pleteninespenko.si\/wp-content\/uploads\/2020\/07\/Pletenine_Spenko_mapa_ikona_ostale_poslovalnice.png\">\n\t\t\t\t\t\tMurska Sobota - Trgovina posteljinom\t\t\t\t\t<\/div>\n\t\t\t\t\t\t\t\t\t<div data-address=\"45.827573,15.1837349\" data-image=\"https:\/\/www.pleteninespenko.si\/wp-content\/uploads\/2020\/07\/Pletenine_Spenko_mapa_ikona_ostale_poslovalnice.png\">\n\t\t\t\t\t\tNovo mesto - Ona On\t\t\t\t\t<\/div>\n\t\t\t\t\t\t\t\t\t<div data-address=\"45.80413069999999,15.1700667\" data-image=\"https:\/\/www.pleteninespenko.si\/wp-content\/uploads\/2020\/07\/Pletenine_Spenko_mapa_ikona_ostale_poslovalnice.png\">\n\t\t\t\t\t\tNovo mesto - Ona On\t\t\t\t\t<\/div>\n\t\t\t\t\t\t\t\t\t<div data-address=\"45.6448292,14.1919627\" data-image=\"https:\/\/www.pleteninespenko.si\/wp-content\/uploads\/2020\/07\/Pletenine_Spenko_mapa_ikona_ostale_poslovalnice.png\">\n\t\t\t\t\t\tPivka - Suzi Tekstil\t\t\t\t\t<\/div>\n\t\t\t\t\t\t\t\t\t<div data-address=\"45.77145,14.1967454\" data-image=\"https:\/\/www.pleteninespenko.si\/wp-content\/uploads\/2020\/07\/Pletenine_Spenko_mapa_ikona_ostale_poslovalnice.png\">\n\t\t\t\t\t\tPostojna - Ure\u0111aj za pro\u010di\u0161\u0107avanje otpadnih voda Gr\u017ee\t\t\t\t\t<\/div>\n\t\t\t\t\t\t\t\t\t<div data-address=\"46.5461848,14.913286\" data-image=\"https:\/\/www.pleteninespenko.si\/wp-content\/uploads\/2020\/07\/Pletenine_Spenko_mapa_ikona_ostale_poslovalnice.png\">\n\t\t\t\t\t\tPrevalje - Lipi Shop\t\t\t\t\t<\/div>\n\t\t\t\t\t\t\t\t\t<div data-address=\"46.4195666,15.8723871\" data-image=\"https:\/\/www.pleteninespenko.si\/wp-content\/uploads\/2020\/07\/Pletenine_Spenko_mapa_ikona_ostale_poslovalnice.png\">\n\t\t\t\t\t\tPtuj - Trgovina Sabina\t\t\t\t\t<\/div>\n\t\t\t\t\t\t\t\t\t<div data-address=\"46.4214705,15.8723341\" data-image=\"https:\/\/www.pleteninespenko.si\/wp-content\/uploads\/2020\/07\/Pletenine_Spenko_mapa_ikona_ostale_poslovalnice.png\">\n\t\t\t\t\t\tPtuj - Zvjezdana trgovina\t\t\t\t\t<\/div>\n\t\t\t\t\t\t\t\t\t<div data-address=\"46.6426262,16.0465962\" data-image=\"https:\/\/www.pleteninespenko.si\/wp-content\/uploads\/2020\/07\/Pletenine_Spenko_mapa_ikona.png\">\n\t\t\t\t\t\tRadenci - Pletenina \u0160penko\t\t\t\t\t<\/div>\n\t\t\t\t\t\t\t\t\t<div data-address=\"46.509733,15.0792767\" data-image=\"https:\/\/www.pleteninespenko.si\/wp-content\/uploads\/2020\/07\/Pletenine_Spenko_mapa_ikona_ostale_poslovalnice.png\">\n\t\t\t\t\t\tSlovenj Gradec - Trgovina Tajda\t\t\t\t\t<\/div>\n\t\t\t\t\t\t\t\t\t<div data-address=\"46.5082752,15.0775204\" data-image=\"https:\/\/www.pleteninespenko.si\/wp-content\/uploads\/2020\/07\/Pletenine_Spenko_mapa_ikona_ostale_poslovalnice.png\">\n\t\t\t\t\t\tSlovenj Gradec - Veur Store\t\t\t\t\t<\/div>\n\t\t\t\t\t\t\t\t\t<div data-address=\"46.3631644,14.308744\" data-image=\"https:\/\/www.pleteninespenko.si\/wp-content\/uploads\/2020\/07\/Pletenine_Spenko_mapa_ikona_ostale_poslovalnice.png\">\n\t\t\t\t\t\tTr\u017ei\u010d - Dama i mu\u0161karac\t\t\t\t\t<\/div>\n\t\t\t\t\t\t\t\t\t<div data-address=\"46.3650005,15.1081351\" data-image=\"https:\/\/www.pleteninespenko.si\/wp-content\/uploads\/2020\/07\/Pletenine_Spenko_mapa_ikona_ostale_poslovalnice.png\">\n\t\t\t\t\t\tVelenje - Ona On\t\t\t\t\t<\/div>\n\t\t\t\t\t\t\t\t\t<div data-address=\"45.9675012,14.2972172\" data-image=\"https:\/\/www.pleteninespenko.si\/wp-content\/uploads\/2020\/07\/Pletenine_Spenko_mapa_ikona_ostale_poslovalnice.png\">\n\t\t\t\t\t\tVrhnika - Tekstilni kutak\t\t\t\t\t<\/div>\n\t\t\t\t\t\t\t\t\t<div data-address=\"46.1343836,14.996186\" data-image=\"https:\/\/www.pleteninespenko.si\/wp-content\/uploads\/2020\/07\/Pletenine_Spenko_mapa_ikona_ostale_poslovalnice.png\">\n\t\t\t\t\t\tZagorje ob Savi - Kum Shop\t\t\t\t\t<\/div>\n\t\t\t\t\t\t\t\t\t<div data-address=\"46.2520728,15.1653223\" data-image=\"https:\/\/www.pleteninespenko.si\/wp-content\/uploads\/2020\/07\/Pletenine_Spenko_mapa_ikona_ostale_poslovalnice.png\">\n\t\t\t\t\t\t\u017dalec - Vrhunski tekstil\t\t\t\t\t<\/div>\n\t\t\t\t\t\t\t\t\t<div data-address=\"46.2519219,15.1620271\" data-image=\"https:\/\/www.pleteninespenko.si\/wp-content\/uploads\/2020\/07\/Pletenine_Spenko_mapa_ikona_ostale_poslovalnice.png\">\n\t\t\t\t\t\t\u017dalec - Ona On\t\t\t\t\t<\/div>\n\t\t\t\t\t\t\t\t\t<div data-address=\"45.8131216,15.9750395\" data-image=\"https:\/\/www.pleteninespenko.si\/wp-content\/uploads\/2020\/07\/Pletenine_Spenko_mapa_ikona_ostale_poslovalnice.png\">\n\t\t\t\t\t\tHrvatska - Zagreb - robna ku\u0107a Nama\t\t\t\t\t<\/div>\n\t\t\t\t\t\t\t\t\t<div data-address=\"45.814657,15.9978871\" data-image=\"https:\/\/www.pleteninespenko.si\/wp-content\/uploads\/2020\/07\/Pletenine_Spenko_mapa_ikona_ostale_poslovalnice.png\">\n\t\t\t\t\t\tHrvatska - Zagreb - robna ku\u0107a Nama\t\t\t\t\t<\/div>\n\t\t\t\t\t\t\t\t\t<div data-address=\"45.9557645,14.658899\" data-image=\"https:\/\/www.pleteninespenko.si\/wp-content\/uploads\/2020\/07\/Pletenine_Spenko_mapa_ikona_ostale_poslovalnice.png\">\n\t\t\t\t\t\tGrosuplje - Kva\u010dka Grosuplje\t\t\t\t\t<\/div>\n\t\t\t\t\t\t\t<\/template>\n\t\t\t\t\n\t<\/div>\n<!-- \/module maps pro --><!-- module button pro -->\n<div  id=\"tb_8d8o306\" class=\"module module-button tb_8d8o306 button-link-external  tb_default_color\" data-lazy=\"1\">\n\t\n    <a  class=\"ui builder_button tb_default_color\" href=\"https:\/\/www.pleteninespenko.si\/hr\/gdje-se-nalazimo\/\" target=\"_blank\">\n\t\t<span><svg  class=\"tf_fa tf-ti-angle-right\" xmlns:xlink=\"http:\/\/www.w3.org\/1999\/xlink\" aria-hidden=\"true\"><use href=\"#tf-ti-angle-right\" xlink:href=\"#tf-ti-angle-right\"><\/use><\/svg><\/span> \t\t<span>Na poslovnice<\/span>\n    <\/a>\n\n\t\n\t<\/div>\n<!-- \/module button pro -->\n        <\/div>\n                    <\/div>\n                <\/div>\n                        <\/div>\n        <\/div>\n        <\/div>\n<!--\/themify_builder_content-->","protected":false},"excerpt":{"rendered":"<p>Jeste li propustili akciju Prestignimo crni petak? Nema problema \u2013 sada do popusta mo\u017eete do\u0107i i bez kupona!<\/p>\n","protected":false},"author":23,"featured_media":55510,"comment_status":"closed","ping_status":"open","sticky":false,"template":"","format":"standard","meta":{"inline_featured_image":false,"footnotes":""},"categories":[1817],"tags":[3211,3325,3399,3443,2184,2587,2926,3167],"class_list":["post-55562","post","type-post","status-publish","format-standard","has-post-thumbnail","hentry","category-pletenina-odjeca","tag-novi-modeli-hr","tag-pletenine-spenko-hr","tag-nova-kolekcija-hr","tag-crni-petak-2","tag-pletenine-spenko-2","tag-20-2","tag-novo-hr","tag-kolekcija-jesen-zima-hr","has-post-title","has-post-date","has-post-category","has-post-tag","has-post-comment","has-post-author",""],"yoast_head":"<!-- This site is optimized with the Yoast SEO plugin v27.5 - https:\/\/yoast.com\/product\/yoast-seo-wordpress\/ -->\n<title>Pletenine \u0160penko To je Crni petak kakvog ste zaslu\u017eili! Po\u017eurite!\u2728 |<\/title>\n<meta name=\"description\" content=\"Jeste li propustili akciju Prestignimo crni petak? Nema problema \u2013 sada do popusta mo\u017eete do\u0107i i bez kupona!\" \/>\n<meta name=\"robots\" content=\"index, follow, max-snippet:-1, max-image-preview:large, max-video-preview:-1\" \/>\n<link rel=\"canonical\" href=\"https:\/\/www.pleteninespenko.si\/hr\/to-je-crni-petak-kakvog-ste-zasluzili-pozurite%e2%9c%a8\/\" \/>\n<meta property=\"og:locale\" content=\"hr_HR\" \/>\n<meta property=\"og:type\" content=\"article\" \/>\n<meta property=\"og:title\" content=\"Pletenine \u0160penko To je Crni petak kakvog ste zaslu\u017eili! Po\u017eurite!\u2728 |\" \/>\n<meta property=\"og:description\" content=\"Jeste li propustili akciju Prestignimo crni petak? Nema problema \u2013 sada do popusta mo\u017eete do\u0107i i bez kupona!\" \/>\n<meta property=\"og:url\" content=\"https:\/\/www.pleteninespenko.si\/hr\/to-je-crni-petak-kakvog-ste-zasluzili-pozurite%e2%9c%a8\/\" \/>\n<meta property=\"og:site_name\" content=\"Pletenine \u0160penko\" \/>\n<meta property=\"article:publisher\" content=\"https:\/\/www.facebook.com\/PletenineSpenko\/\" \/>\n<meta property=\"article:published_time\" content=\"2025-11-27T17:36:44+00:00\" \/>\n<meta property=\"article:modified_time\" content=\"2025-11-27T17:42:23+00:00\" \/>\n<meta property=\"og:image\" content=\"https:\/\/www.pleteninespenko.si\/wp-content\/uploads\/2025\/11\/Pletenine-Spenko-crni-petak-2025-1400x935px.jpg\" \/>\n\t<meta property=\"og:image:width\" content=\"1400\" \/>\n\t<meta property=\"og:image:height\" content=\"935\" \/>\n\t<meta property=\"og:image:type\" content=\"image\/jpeg\" \/>\n<meta name=\"author\" content=\"Pletenine \u0160penko\" \/>\n<meta name=\"twitter:card\" content=\"summary_large_image\" \/>\n<meta name=\"twitter:label1\" content=\"Napisao\/la\" \/>\n\t<meta name=\"twitter:data1\" content=\"Pletenine \u0160penko\" \/>\n\t<meta name=\"twitter:label2\" content=\"Procijenjeno vrijeme \u010ditanja\" \/>\n\t<meta name=\"twitter:data2\" content=\"4 minute\" \/>\n<script type=\"application\/ld+json\" class=\"yoast-schema-graph\">{\"@context\":\"https:\\\/\\\/schema.org\",\"@graph\":[{\"@type\":\"Article\",\"@id\":\"https:\\\/\\\/www.pleteninespenko.si\\\/hr\\\/to-je-crni-petak-kakvog-ste-zasluzili-pozurite%e2%9c%a8\\\/#article\",\"isPartOf\":{\"@id\":\"https:\\\/\\\/www.pleteninespenko.si\\\/hr\\\/to-je-crni-petak-kakvog-ste-zasluzili-pozurite%e2%9c%a8\\\/\"},\"author\":{\"name\":\"Pletenine \u0160penko\",\"@id\":\"https:\\\/\\\/www.pleteninespenko.si\\\/hr\\\/#\\\/schema\\\/person\\\/42057a36ac52999c23bf81fc85a7f23b\"},\"headline\":\"To je Crni petak kakvog ste zaslu\u017eili! Po\u017eurite!\u2728\",\"datePublished\":\"2025-11-27T17:36:44+00:00\",\"dateModified\":\"2025-11-27T17:42:23+00:00\",\"mainEntityOfPage\":{\"@id\":\"https:\\\/\\\/www.pleteninespenko.si\\\/hr\\\/to-je-crni-petak-kakvog-ste-zasluzili-pozurite%e2%9c%a8\\\/\"},\"wordCount\":501,\"publisher\":{\"@id\":\"https:\\\/\\\/www.pleteninespenko.si\\\/hr\\\/#organization\"},\"image\":{\"@id\":\"https:\\\/\\\/www.pleteninespenko.si\\\/hr\\\/to-je-crni-petak-kakvog-ste-zasluzili-pozurite%e2%9c%a8\\\/#primaryimage\"},\"thumbnailUrl\":\"https:\\\/\\\/www.pleteninespenko.si\\\/wp-content\\\/uploads\\\/2025\\\/11\\\/Pletenine-Spenko-crni-petak-2025-1400x935px.jpg\",\"keywords\":[\"novi modeli\",\"pletenine \u0161penko\",\"nova kolekcija\",\"crni petak\",\"pletenine \u0161penko\",\"-20%\",\"novo\",\"kolekcija jesen-zima\"],\"articleSection\":[\"Pletenina \\\/ odje\u0107a\"],\"inLanguage\":\"hr\"},{\"@type\":\"WebPage\",\"@id\":\"https:\\\/\\\/www.pleteninespenko.si\\\/hr\\\/to-je-crni-petak-kakvog-ste-zasluzili-pozurite%e2%9c%a8\\\/\",\"url\":\"https:\\\/\\\/www.pleteninespenko.si\\\/hr\\\/to-je-crni-petak-kakvog-ste-zasluzili-pozurite%e2%9c%a8\\\/\",\"name\":\"Pletenine \u0160penko To je Crni petak kakvog ste zaslu\u017eili! Po\u017eurite!\u2728 |\",\"isPartOf\":{\"@id\":\"https:\\\/\\\/www.pleteninespenko.si\\\/hr\\\/#website\"},\"primaryImageOfPage\":{\"@id\":\"https:\\\/\\\/www.pleteninespenko.si\\\/hr\\\/to-je-crni-petak-kakvog-ste-zasluzili-pozurite%e2%9c%a8\\\/#primaryimage\"},\"image\":{\"@id\":\"https:\\\/\\\/www.pleteninespenko.si\\\/hr\\\/to-je-crni-petak-kakvog-ste-zasluzili-pozurite%e2%9c%a8\\\/#primaryimage\"},\"thumbnailUrl\":\"https:\\\/\\\/www.pleteninespenko.si\\\/wp-content\\\/uploads\\\/2025\\\/11\\\/Pletenine-Spenko-crni-petak-2025-1400x935px.jpg\",\"datePublished\":\"2025-11-27T17:36:44+00:00\",\"dateModified\":\"2025-11-27T17:42:23+00:00\",\"description\":\"Jeste li propustili akciju Prestignimo crni petak? Nema problema \u2013 sada do popusta mo\u017eete do\u0107i i bez kupona!\",\"breadcrumb\":{\"@id\":\"https:\\\/\\\/www.pleteninespenko.si\\\/hr\\\/to-je-crni-petak-kakvog-ste-zasluzili-pozurite%e2%9c%a8\\\/#breadcrumb\"},\"inLanguage\":\"hr\",\"potentialAction\":[{\"@type\":\"ReadAction\",\"target\":[\"https:\\\/\\\/www.pleteninespenko.si\\\/hr\\\/to-je-crni-petak-kakvog-ste-zasluzili-pozurite%e2%9c%a8\\\/\"]}]},{\"@type\":\"ImageObject\",\"inLanguage\":\"hr\",\"@id\":\"https:\\\/\\\/www.pleteninespenko.si\\\/hr\\\/to-je-crni-petak-kakvog-ste-zasluzili-pozurite%e2%9c%a8\\\/#primaryimage\",\"url\":\"https:\\\/\\\/www.pleteninespenko.si\\\/wp-content\\\/uploads\\\/2025\\\/11\\\/Pletenine-Spenko-crni-petak-2025-1400x935px.jpg\",\"contentUrl\":\"https:\\\/\\\/www.pleteninespenko.si\\\/wp-content\\\/uploads\\\/2025\\\/11\\\/Pletenine-Spenko-crni-petak-2025-1400x935px.jpg\",\"width\":1400,\"height\":935,\"caption\":\"Jeste li propustili akciju \\\"Prestignimo Crni petak\\\"? Nema problema \u2013 sada dolazi prava akcija koju ne smijete propustiti! Od 27. studenog do 3. prosinca (ili do rasprodaje zaliha) nudimo vam 20 % popusta na sve nesni\u017eene pletenine!\"},{\"@type\":\"BreadcrumbList\",\"@id\":\"https:\\\/\\\/www.pleteninespenko.si\\\/hr\\\/to-je-crni-petak-kakvog-ste-zasluzili-pozurite%e2%9c%a8\\\/#breadcrumb\",\"itemListElement\":[{\"@type\":\"ListItem\",\"position\":1,\"name\":\"Home\",\"item\":\"https:\\\/\\\/www.pleteninespenko.si\\\/hr\\\/\"},{\"@type\":\"ListItem\",\"position\":2,\"name\":\"To je Crni petak kakvog ste zaslu\u017eili! Po\u017eurite!\u2728\"}]},{\"@type\":\"WebSite\",\"@id\":\"https:\\\/\\\/www.pleteninespenko.si\\\/hr\\\/#website\",\"url\":\"https:\\\/\\\/www.pleteninespenko.si\\\/hr\\\/\",\"name\":\"Pletenine \u0160penko\",\"description\":\"\u017denska i mu\u0161ka trikota\u017ea po posljednjoj modi\",\"publisher\":{\"@id\":\"https:\\\/\\\/www.pleteninespenko.si\\\/hr\\\/#organization\"},\"potentialAction\":[{\"@type\":\"SearchAction\",\"target\":{\"@type\":\"EntryPoint\",\"urlTemplate\":\"https:\\\/\\\/www.pleteninespenko.si\\\/hr\\\/?s={search_term_string}\"},\"query-input\":{\"@type\":\"PropertyValueSpecification\",\"valueRequired\":true,\"valueName\":\"search_term_string\"}}],\"inLanguage\":\"hr\"},{\"@type\":\"Organization\",\"@id\":\"https:\\\/\\\/www.pleteninespenko.si\\\/hr\\\/#organization\",\"name\":\"Pletenine \u0160penko\",\"url\":\"https:\\\/\\\/www.pleteninespenko.si\\\/hr\\\/\",\"logo\":{\"@type\":\"ImageObject\",\"inLanguage\":\"hr\",\"@id\":\"https:\\\/\\\/www.pleteninespenko.si\\\/hr\\\/#\\\/schema\\\/logo\\\/image\\\/\",\"url\":\"https:\\\/\\\/www.pleteninespenko.si\\\/wp-content\\\/uploads\\\/2020\\\/06\\\/Pletenine_Spenko.png\",\"contentUrl\":\"https:\\\/\\\/www.pleteninespenko.si\\\/wp-content\\\/uploads\\\/2020\\\/06\\\/Pletenine_Spenko.png\",\"width\":717,\"height\":140,\"caption\":\"Pletenine \u0160penko\"},\"image\":{\"@id\":\"https:\\\/\\\/www.pleteninespenko.si\\\/hr\\\/#\\\/schema\\\/logo\\\/image\\\/\"},\"sameAs\":[\"https:\\\/\\\/www.facebook.com\\\/PletenineSpenko\\\/\",\"https:\\\/\\\/www.instagram.com\\\/pleteninespenko\\\/\"]},{\"@type\":\"Person\",\"@id\":\"https:\\\/\\\/www.pleteninespenko.si\\\/hr\\\/#\\\/schema\\\/person\\\/42057a36ac52999c23bf81fc85a7f23b\",\"name\":\"Pletenine \u0160penko\",\"image\":{\"@type\":\"ImageObject\",\"inLanguage\":\"hr\",\"@id\":\"https:\\\/\\\/www.pleteninespenko.si\\\/wp-content\\\/litespeed\\\/avatar\\\/4059debda33b2bcf06945cee9649f404.jpg?ver=1777660280\",\"url\":\"https:\\\/\\\/www.pleteninespenko.si\\\/wp-content\\\/litespeed\\\/avatar\\\/4059debda33b2bcf06945cee9649f404.jpg?ver=1777660280\",\"contentUrl\":\"https:\\\/\\\/www.pleteninespenko.si\\\/wp-content\\\/litespeed\\\/avatar\\\/4059debda33b2bcf06945cee9649f404.jpg?ver=1777660280\",\"caption\":\"Pletenine \u0160penko\"}}]}<\/script>\n<!-- \/ Yoast SEO plugin. -->","yoast_head_json":{"title":"Pletenine \u0160penko To je Crni petak kakvog ste zaslu\u017eili! Po\u017eurite!\u2728 |","description":"Jeste li propustili akciju Prestignimo crni petak? Nema problema \u2013 sada do popusta mo\u017eete do\u0107i i bez kupona!","robots":{"index":"index","follow":"follow","max-snippet":"max-snippet:-1","max-image-preview":"max-image-preview:large","max-video-preview":"max-video-preview:-1"},"canonical":"https:\/\/www.pleteninespenko.si\/hr\/to-je-crni-petak-kakvog-ste-zasluzili-pozurite%e2%9c%a8\/","og_locale":"hr_HR","og_type":"article","og_title":"Pletenine \u0160penko To je Crni petak kakvog ste zaslu\u017eili! Po\u017eurite!\u2728 |","og_description":"Jeste li propustili akciju Prestignimo crni petak? Nema problema \u2013 sada do popusta mo\u017eete do\u0107i i bez kupona!","og_url":"https:\/\/www.pleteninespenko.si\/hr\/to-je-crni-petak-kakvog-ste-zasluzili-pozurite%e2%9c%a8\/","og_site_name":"Pletenine \u0160penko","article_publisher":"https:\/\/www.facebook.com\/PletenineSpenko\/","article_published_time":"2025-11-27T17:36:44+00:00","article_modified_time":"2025-11-27T17:42:23+00:00","og_image":[{"width":1400,"height":935,"url":"https:\/\/www.pleteninespenko.si\/wp-content\/uploads\/2025\/11\/Pletenine-Spenko-crni-petak-2025-1400x935px.jpg","type":"image\/jpeg"}],"author":"Pletenine \u0160penko","twitter_card":"summary_large_image","twitter_misc":{"Napisao\/la":"Pletenine \u0160penko","Procijenjeno vrijeme \u010ditanja":"4 minute"},"schema":{"@context":"https:\/\/schema.org","@graph":[{"@type":"Article","@id":"https:\/\/www.pleteninespenko.si\/hr\/to-je-crni-petak-kakvog-ste-zasluzili-pozurite%e2%9c%a8\/#article","isPartOf":{"@id":"https:\/\/www.pleteninespenko.si\/hr\/to-je-crni-petak-kakvog-ste-zasluzili-pozurite%e2%9c%a8\/"},"author":{"name":"Pletenine \u0160penko","@id":"https:\/\/www.pleteninespenko.si\/hr\/#\/schema\/person\/42057a36ac52999c23bf81fc85a7f23b"},"headline":"To je Crni petak kakvog ste zaslu\u017eili! Po\u017eurite!\u2728","datePublished":"2025-11-27T17:36:44+00:00","dateModified":"2025-11-27T17:42:23+00:00","mainEntityOfPage":{"@id":"https:\/\/www.pleteninespenko.si\/hr\/to-je-crni-petak-kakvog-ste-zasluzili-pozurite%e2%9c%a8\/"},"wordCount":501,"publisher":{"@id":"https:\/\/www.pleteninespenko.si\/hr\/#organization"},"image":{"@id":"https:\/\/www.pleteninespenko.si\/hr\/to-je-crni-petak-kakvog-ste-zasluzili-pozurite%e2%9c%a8\/#primaryimage"},"thumbnailUrl":"https:\/\/www.pleteninespenko.si\/wp-content\/uploads\/2025\/11\/Pletenine-Spenko-crni-petak-2025-1400x935px.jpg","keywords":["novi modeli","pletenine \u0161penko","nova kolekcija","crni petak","pletenine \u0161penko","-20%","novo","kolekcija jesen-zima"],"articleSection":["Pletenina \/ odje\u0107a"],"inLanguage":"hr"},{"@type":"WebPage","@id":"https:\/\/www.pleteninespenko.si\/hr\/to-je-crni-petak-kakvog-ste-zasluzili-pozurite%e2%9c%a8\/","url":"https:\/\/www.pleteninespenko.si\/hr\/to-je-crni-petak-kakvog-ste-zasluzili-pozurite%e2%9c%a8\/","name":"Pletenine \u0160penko To je Crni petak kakvog ste zaslu\u017eili! Po\u017eurite!\u2728 |","isPartOf":{"@id":"https:\/\/www.pleteninespenko.si\/hr\/#website"},"primaryImageOfPage":{"@id":"https:\/\/www.pleteninespenko.si\/hr\/to-je-crni-petak-kakvog-ste-zasluzili-pozurite%e2%9c%a8\/#primaryimage"},"image":{"@id":"https:\/\/www.pleteninespenko.si\/hr\/to-je-crni-petak-kakvog-ste-zasluzili-pozurite%e2%9c%a8\/#primaryimage"},"thumbnailUrl":"https:\/\/www.pleteninespenko.si\/wp-content\/uploads\/2025\/11\/Pletenine-Spenko-crni-petak-2025-1400x935px.jpg","datePublished":"2025-11-27T17:36:44+00:00","dateModified":"2025-11-27T17:42:23+00:00","description":"Jeste li propustili akciju Prestignimo crni petak? Nema problema \u2013 sada do popusta mo\u017eete do\u0107i i bez kupona!","breadcrumb":{"@id":"https:\/\/www.pleteninespenko.si\/hr\/to-je-crni-petak-kakvog-ste-zasluzili-pozurite%e2%9c%a8\/#breadcrumb"},"inLanguage":"hr","potentialAction":[{"@type":"ReadAction","target":["https:\/\/www.pleteninespenko.si\/hr\/to-je-crni-petak-kakvog-ste-zasluzili-pozurite%e2%9c%a8\/"]}]},{"@type":"ImageObject","inLanguage":"hr","@id":"https:\/\/www.pleteninespenko.si\/hr\/to-je-crni-petak-kakvog-ste-zasluzili-pozurite%e2%9c%a8\/#primaryimage","url":"https:\/\/www.pleteninespenko.si\/wp-content\/uploads\/2025\/11\/Pletenine-Spenko-crni-petak-2025-1400x935px.jpg","contentUrl":"https:\/\/www.pleteninespenko.si\/wp-content\/uploads\/2025\/11\/Pletenine-Spenko-crni-petak-2025-1400x935px.jpg","width":1400,"height":935,"caption":"Jeste li propustili akciju \"Prestignimo Crni petak\"? Nema problema \u2013 sada dolazi prava akcija koju ne smijete propustiti! Od 27. studenog do 3. prosinca (ili do rasprodaje zaliha) nudimo vam 20 % popusta na sve nesni\u017eene pletenine!"},{"@type":"BreadcrumbList","@id":"https:\/\/www.pleteninespenko.si\/hr\/to-je-crni-petak-kakvog-ste-zasluzili-pozurite%e2%9c%a8\/#breadcrumb","itemListElement":[{"@type":"ListItem","position":1,"name":"Home","item":"https:\/\/www.pleteninespenko.si\/hr\/"},{"@type":"ListItem","position":2,"name":"To je Crni petak kakvog ste zaslu\u017eili! Po\u017eurite!\u2728"}]},{"@type":"WebSite","@id":"https:\/\/www.pleteninespenko.si\/hr\/#website","url":"https:\/\/www.pleteninespenko.si\/hr\/","name":"Pletenine \u0160penko","description":"\u017denska i mu\u0161ka trikota\u017ea po posljednjoj modi","publisher":{"@id":"https:\/\/www.pleteninespenko.si\/hr\/#organization"},"potentialAction":[{"@type":"SearchAction","target":{"@type":"EntryPoint","urlTemplate":"https:\/\/www.pleteninespenko.si\/hr\/?s={search_term_string}"},"query-input":{"@type":"PropertyValueSpecification","valueRequired":true,"valueName":"search_term_string"}}],"inLanguage":"hr"},{"@type":"Organization","@id":"https:\/\/www.pleteninespenko.si\/hr\/#organization","name":"Pletenine \u0160penko","url":"https:\/\/www.pleteninespenko.si\/hr\/","logo":{"@type":"ImageObject","inLanguage":"hr","@id":"https:\/\/www.pleteninespenko.si\/hr\/#\/schema\/logo\/image\/","url":"https:\/\/www.pleteninespenko.si\/wp-content\/uploads\/2020\/06\/Pletenine_Spenko.png","contentUrl":"https:\/\/www.pleteninespenko.si\/wp-content\/uploads\/2020\/06\/Pletenine_Spenko.png","width":717,"height":140,"caption":"Pletenine \u0160penko"},"image":{"@id":"https:\/\/www.pleteninespenko.si\/hr\/#\/schema\/logo\/image\/"},"sameAs":["https:\/\/www.facebook.com\/PletenineSpenko\/","https:\/\/www.instagram.com\/pleteninespenko\/"]},{"@type":"Person","@id":"https:\/\/www.pleteninespenko.si\/hr\/#\/schema\/person\/42057a36ac52999c23bf81fc85a7f23b","name":"Pletenine \u0160penko","image":{"@type":"ImageObject","inLanguage":"hr","@id":"https:\/\/www.pleteninespenko.si\/wp-content\/litespeed\/avatar\/4059debda33b2bcf06945cee9649f404.jpg?ver=1777660280","url":"https:\/\/www.pleteninespenko.si\/wp-content\/litespeed\/avatar\/4059debda33b2bcf06945cee9649f404.jpg?ver=1777660280","contentUrl":"https:\/\/www.pleteninespenko.si\/wp-content\/litespeed\/avatar\/4059debda33b2bcf06945cee9649f404.jpg?ver=1777660280","caption":"Pletenine \u0160penko"}}]}},"_links":{"self":[{"href":"https:\/\/www.pleteninespenko.si\/hr\/wp-json\/wp\/v2\/posts\/55562","targetHints":{"allow":["GET"]}}],"collection":[{"href":"https:\/\/www.pleteninespenko.si\/hr\/wp-json\/wp\/v2\/posts"}],"about":[{"href":"https:\/\/www.pleteninespenko.si\/hr\/wp-json\/wp\/v2\/types\/post"}],"author":[{"embeddable":true,"href":"https:\/\/www.pleteninespenko.si\/hr\/wp-json\/wp\/v2\/users\/23"}],"replies":[{"embeddable":true,"href":"https:\/\/www.pleteninespenko.si\/hr\/wp-json\/wp\/v2\/comments?post=55562"}],"version-history":[{"count":0,"href":"https:\/\/www.pleteninespenko.si\/hr\/wp-json\/wp\/v2\/posts\/55562\/revisions"}],"wp:featuredmedia":[{"embeddable":true,"href":"https:\/\/www.pleteninespenko.si\/hr\/wp-json\/wp\/v2\/media\/55510"}],"wp:attachment":[{"href":"https:\/\/www.pleteninespenko.si\/hr\/wp-json\/wp\/v2\/media?parent=55562"}],"wp:term":[{"taxonomy":"category","embeddable":true,"href":"https:\/\/www.pleteninespenko.si\/hr\/wp-json\/wp\/v2\/categories?post=55562"},{"taxonomy":"post_tag","embeddable":true,"href":"https:\/\/www.pleteninespenko.si\/hr\/wp-json\/wp\/v2\/tags?post=55562"}],"curies":[{"name":"wp","href":"https:\/\/api.w.org\/{rel}","templated":true}]}}