{"id":55872,"date":"2025-12-11T16:39:59","date_gmt":"2025-12-11T15:39:59","guid":{"rendered":"https:\/\/www.pleteninespenko.si\/sretni-blagdani-u-pleteninama-spenko-%f0%9f%8e%85\/"},"modified":"2025-12-26T17:40:27","modified_gmt":"2025-12-26T16:40:27","slug":"sretni-blagdani-u-pleteninama-spenko-%f0%9f%8e%85","status":"publish","type":"post","link":"https:\/\/www.pleteninespenko.si\/hr\/sretni-blagdani-u-pleteninama-spenko-%f0%9f%8e%85\/","title":{"rendered":"Sretni blagdani u Pleteninama \u0160penko! \ud83c\udf85"},"content":{"rendered":"<!--themify_builder_content-->\n<div id=\"themify_builder_content-55872\" data-postid=\"55872\" class=\"themify_builder_content themify_builder_content-55872 themify_builder tf_clear\">\n                    <div  data-lazy=\"1\" class=\"module_row themify_builder_row tb_nqw9295 tb_first tf_w\">\n                        <div class=\"row_inner col_align_top tb_col_count_1 tf_box tf_rel\">\n                        <div  data-lazy=\"1\" class=\"module_column tb-column col-full tb_p9n8297 first\">\n                    <!-- module text -->\n<div  class=\"module module-text tb_rywz298   \" data-lazy=\"1\">\n        <div  class=\"tb_text_wrap\">\n        <p>Prosinac je \u010daroban mjesec, vrijeme iznena\u0111enja, topline i u\u017eivanja. A jer nikada nije previ\u0161e blagdanskog u\u017eivanja, pripremili smo za vas posebnu <strong>blagdansku akciju<\/strong> koja \u0107e vas ugrijati i odu\u0161eviti! <strong> Od 10. prosinca do 31. prosinca nudimo vam 15% popusta na sve neza\u0161krte pletenine  <\/strong> \u2013 od toplih d\u017eempera, udobnih vesta, elegantnih pon\u010da, mekanih \u0161alova i mnogih drugih prekrasnih komada koji su kao stvoreni za zimske dane.<\/p>\n<p>Blagdani su vrijeme kada zaslu\u017eujemo ne\u0161to posebno. Za\u0161to ne biste u\u017eivali u razmazivanju sebe ili svojih najbli\u017eih s proizvodima koji pru\u017eaju udobnost, eleganciju i toplinu na svakom koraku? Bez obzira tra\u017eite li savr\u0161en komad za svakodnevne \u0161etnje po snijegu ili ne\u0161to elegantno za blagdanske ve\u010dere, u na\u0161oj ponudi prona\u0107i \u0107ete sve \u0161to vam je potrebno da ovog prosinca zasjate u svojoj punoj ljepoti.  <\/p>\n<p>Za sve nezni\u017eane pletenine nudimo vam <strong>15 % popusta<\/strong> koji mo\u017eete iskoristiti prilikom zavr\u0161etka kupnje s kodom kupona: <strong>PROSINAC15<\/strong>, uz kupnju <strong>iznad 50 \u20ac<\/strong>. Razvajajte se s najljep\u0161im komadima ili ih poklonite svojim najbli\u017eima, kako bi i oni u\u017eivali u udobnosti, toplini i eleganciji kroz cijele zimske dane. <\/p>\n<p><strong>\u0160to vas \u010deka u na\u0161oj blagdanskoj akciji?<\/strong><\/p>\n<ul>\n<li><strong><a href=\"https:\/\/www.pleteninespenko.si\/hr\/kategorija-proizvoda\/zenska-pletenina\/zenski-dzemperi\/\" target=\"_blank\" rel=\"noopener\">Topli d\u017eemperi<\/a><\/strong> koji \u0107e vas grijati u hladnim danima<\/li>\n<li><strong><a href=\"https:\/\/www.pleteninespenko.si\/hr\/kategorija-proizvoda\/pletenina-kao-modni-dodaci\/sali-i-marame\/\" target=\"_blank\" rel=\"noopener\">\u0160alovi<\/a><\/strong> i <strong><a href=\"https:\/\/www.pleteninespenko.si\/hr\/kategorija-proizvoda\/zenska-pletenina\/ponci-hr\/\" target=\"_blank\" rel=\"noopener\">pon\u010di<\/a><\/strong> koji \u0107e vas obgrliti u meko\u0107u<\/li>\n<li><strong><a href=\"https:\/\/www.pleteninespenko.si\/hr\/kategorija-proizvoda\/zenska-pletenina\/haljine\/\" target=\"_blank\" rel=\"noopener\">Haljine<\/a><\/strong> i <a href=\"https:\/\/www.pleteninespenko.si\/hr\/kategorija-proizvoda\/zenska-pletenina\/zenske-veste\/\" target=\"_blank\" rel=\"noopener\">veste<\/a> koji nude eleganciju i udobnost<\/li>\n<li>I mnogi drugi <strong>prekrasni komadi<\/strong> koji \u0107e vas grijati kroz hladne zimske mjesece<\/li>\n<\/ul>\n<p>Ne \u010dekajte \u2013 posjetite nas u trgovinama ili na na\u0161oj web trgovini i osigurajte si svoju omiljenu pleteninu prije kraja godine. Akcija traje do <strong>31. prosinca<\/strong>, zato po\u017eurite! <\/p>\n<p><strong>Pletenine \u0160penko vam \u0161alju topao zagrljaj!<\/strong><\/p>\n<h3 class=\"gmail_default\" style=\"text-align: left\">\u0160penko pletenina. Pletivo koje grije srce, du\u0161u i tijelo. <\/h3>    <\/div>\n<\/div>\n<!-- \/module text -->        <div  data-lazy=\"1\" class=\"module_subrow themify_builder_sub_row tf_w col_align_top tb_col_count_4 tb_pqam298\">\n                <div  data-lazy=\"1\" class=\"module_column sub_column col4-1 tb_wke9300 first\">\n                    <!-- module feature -->\n<div  class=\"module module-feature tb_yidt301 with-chart layout-icon-top size-small \" data-layout-mobile=\"icon-left\" data-layout-desktop=\"icon-top\" data-lazy=\"1\">\n        <div class=\"module-feature-image tf_textc tf_rel\">\n                            <a href=\"https:\/\/www.pleteninespenko.si\/hr\/kategorija-proizvoda\/muska-pletenina\/\">\n                        <span class=\"module-feature-chart-html5 tf_box tf_rel tf_inline_b\">\n                                    <svg class=\"tf_abs tf_w tf_h\">\n                    <circle class=\"tb_feature_fill\" r=\"calc(50% - 1.50px)\" cx=\"50%\" cy=\"50%\" stroke-width=\"3\"\/>\n                    <circle class=\"tb_feature_stroke\" r=\"calc(50% - 1.50px)\" cx=\"50%\" cy=\"50%\" stroke=\"#9655a2\" stroke-width=\"3\" data-progress=\"100\" stroke-dasharray=\"0,10000\"\/>\n                                        <\/svg>\n                                <span class=\"chart-html5-circle tf_w tf_h\">\n                    <img decoding=\"async\" src=\"https:\/\/www.pleteninespenko.si\/wp-content\/uploads\/2025\/11\/Pletenine-Spenko-moske-pletenine-jopica-ozbej-modra-928x1024-100x100.jpg\" width=\"100\" height=\"100\" class=\"wp-post-image wp-image-55056\" title=\"Pletenine-Spenko-muska-pletenina-vesta-ozbej-modra\" style=\"width:calc(100% - 6px);height:calc(100% - 6px)\" alt=\"Sportska vesta od reljefnog pletiva koja spaja udobnost i funkcionalnost. Dizajnirana je s kapulja\u010dom, d\u017eepovima i oja\u010danim rukavima, \u0161to joj daje moderan i prakti\u010dan izgled.\" srcset=\"https:\/\/www.pleteninespenko.si\/wp-content\/uploads\/2025\/11\/Pletenine-Spenko-moske-pletenine-jopica-ozbej-modra-928x1024-100x100.jpg 100w, https:\/\/www.pleteninespenko.si\/wp-content\/uploads\/2025\/11\/Pletenine-Spenko-moske-pletenine-jopica-ozbej-modra-150x150.jpg 150w, https:\/\/www.pleteninespenko.si\/wp-content\/uploads\/2025\/11\/Pletenine-Spenko-moske-pletenine-jopica-ozbej-modra-300x300.jpg 300w, https:\/\/www.pleteninespenko.si\/wp-content\/uploads\/2025\/11\/Pletenine-Spenko-moske-pletenine-jopica-ozbej-modra-928x1024-47x48.jpg 47w\" sizes=\"(max-width: 100px) 100vw, 100px\" \/>                                    <\/span>\n\n                \n            <\/span>\n                        <\/a>\n            <\/div>\n    <div class=\"module-feature-content tf_textc\">\n                    <h3 class=\"module-feature-title\">\n                            <a href=\"https:\/\/www.pleteninespenko.si\/hr\/kategorija-proizvoda\/muska-pletenina\/\">Mu\u0161ka moda<\/a>\n                        <\/h3>\n                    <div class=\"tb_text_wrap\">\n                    <\/div>\n    <\/div>\n<\/div>\n<!-- \/module feature -->\n        <\/div>\n                    <div  data-lazy=\"1\" class=\"module_column sub_column col4-1 tb_97ij301\">\n                    <!-- module feature -->\n<div  class=\"module module-feature tb_3nrd302 with-chart layout-icon-top size-small \" data-layout-mobile=\"icon-left\" data-layout-desktop=\"icon-top\" data-lazy=\"1\">\n        <div class=\"module-feature-image tf_textc tf_rel\">\n                            <a href=\"https:\/\/www.pleteninespenko.si\/hr\/kategorija-proizvoda\/zenska-pletenina\/\">\n                        <span class=\"module-feature-chart-html5 tf_box tf_rel tf_inline_b\">\n                                    <svg class=\"tf_abs tf_w tf_h\">\n                    <circle class=\"tb_feature_fill\" r=\"calc(50% - 1.50px)\" cx=\"50%\" cy=\"50%\" stroke-width=\"3\"\/>\n                    <circle class=\"tb_feature_stroke\" r=\"calc(50% - 1.50px)\" cx=\"50%\" cy=\"50%\" stroke=\"#9655a2\" stroke-width=\"3\" data-progress=\"100\" stroke-dasharray=\"0,10000\"\/>\n                                        <\/svg>\n                                <span class=\"chart-html5-circle tf_w tf_h\">\n                    <img decoding=\"async\" src=\"https:\/\/www.pleteninespenko.si\/wp-content\/uploads\/2025\/10\/Pletenine-Spenko-zenske-pletenine-pulover-teresa-crn-928x1024-100x100.jpg\" width=\"100\" height=\"100\" class=\"wp-post-image wp-image-54907\" title=\"Pletenine-Spenko-zenska-pletenina-dzemper-teresa-crn\" style=\"width:calc(100% - 6px);height:calc(100% - 6px)\" alt=\"D\u017eemper Teresa je elegantan i sve\u010dan odjevni komad, dizajniran za posebne prigode. Njegov asimetri\u010dni kroj s profinjenim padaju\u0107im linijama dodaje dinamiku i upe\u010datljiv izgled, dok rebrasto plisirano pletivo nagla\u0161ava strukturu i teksturu tkanine. Utkane svjetlucave niti nje\u017eno reflektiraju svjetlost i stvaraju profinjen sjaj, koji osigurava sve\u010dani i moderan dojam. Dugi rukavi i mekani materijal koji se ugodno prilago\u0111ava tijelu pru\u017eaju udobnost, a istovremeno zadr\u017eavaju eleganciju. Pulover Teresa odli\u010dan je izbor za ve\u010dernje izlaske, proslave ili trenutke kada svom stilu \u017eelite dodati da\u0161ak glamura.\" srcset=\"https:\/\/www.pleteninespenko.si\/wp-content\/uploads\/2025\/10\/Pletenine-Spenko-zenske-pletenine-pulover-teresa-crn-928x1024-100x100.jpg 100w, https:\/\/www.pleteninespenko.si\/wp-content\/uploads\/2025\/10\/Pletenine-Spenko-zenske-pletenine-pulover-teresa-crn-150x150.jpg 150w, https:\/\/www.pleteninespenko.si\/wp-content\/uploads\/2025\/10\/Pletenine-Spenko-zenske-pletenine-pulover-teresa-crn-300x300.jpg 300w\" sizes=\"(max-width: 100px) 100vw, 100px\" \/>                                    <\/span>\n\n                \n            <\/span>\n                        <\/a>\n            <\/div>\n    <div class=\"module-feature-content tf_textc\">\n                    <h3 class=\"module-feature-title\">\n                            <a href=\"https:\/\/www.pleteninespenko.si\/hr\/kategorija-proizvoda\/zenska-pletenina\/\">\u017denska moda<\/a>\n                        <\/h3>\n                    <div class=\"tb_text_wrap\">\n                    <\/div>\n    <\/div>\n<\/div>\n<!-- \/module feature -->\n        <\/div>\n                    <div  data-lazy=\"1\" class=\"module_column sub_column col4-1 tb_g0al303\">\n                    <!-- module feature -->\n<div  class=\"module module-feature tb_84k4303 with-chart layout-icon-top size-small \" data-layout-mobile=\"icon-left\" data-layout-desktop=\"icon-top\" data-lazy=\"1\">\n        <div class=\"module-feature-image tf_textc tf_rel\">\n                            <a href=\"https:\/\/www.pleteninespenko.si\/hr\/kategorija-proizvoda\/pletenina-kao-modni-dodaci\/\">\n                        <span class=\"module-feature-chart-html5 tf_box tf_rel tf_inline_b\">\n                                    <svg class=\"tf_abs tf_w tf_h\">\n                    <circle class=\"tb_feature_fill\" r=\"calc(50% - 1.50px)\" cx=\"50%\" cy=\"50%\" stroke-width=\"3\"\/>\n                    <circle class=\"tb_feature_stroke\" r=\"calc(50% - 1.50px)\" cx=\"50%\" cy=\"50%\" stroke=\"#9655a2\" stroke-width=\"3\" data-progress=\"100\" stroke-dasharray=\"0,10000\"\/>\n                                        <\/svg>\n                                <span class=\"chart-html5-circle tf_w tf_h\">\n                    <img decoding=\"async\" src=\"https:\/\/www.pleteninespenko.si\/wp-content\/uploads\/2025\/10\/Pletenine-Spenko-zenske-pletenine-pulover-olivia-lila-928x1024-100x100.jpg\" width=\"100\" height=\"100\" class=\"wp-post-image wp-image-54883\" title=\"Pletenine-Spenko-zenska-pletenina-dzemper-olivia-lila\" style=\"width:calc(100% - 6px);height:calc(100% - 6px)\" alt=\"Pulover Olivia je klasi\u010den \u017eenski pulover iz mehke pletenine, ki nudi toplino in udobje. Diskreten vzorec na sprednjem delu dodaja ne\u017eno dekorativno noto, medtem ko preprost kroj omogo\u010da enostavno kombiniranje z razli\u010dnimi obla\u010dili. Primeren je za vsakodnevno no\u0161enje, hkrati pa dovolj eleganten za bolj posebne prilo\u017enosti.\" srcset=\"https:\/\/www.pleteninespenko.si\/wp-content\/uploads\/2025\/10\/Pletenine-Spenko-zenske-pletenine-pulover-olivia-lila-928x1024-100x100.jpg 100w, https:\/\/www.pleteninespenko.si\/wp-content\/uploads\/2025\/10\/Pletenine-Spenko-zenske-pletenine-pulover-olivia-lila-150x150.jpg 150w, https:\/\/www.pleteninespenko.si\/wp-content\/uploads\/2025\/10\/Pletenine-Spenko-zenske-pletenine-pulover-olivia-lila-300x300.jpg 300w\" sizes=\"(max-width: 100px) 100vw, 100px\" \/>                                    <\/span>\n\n                \n            <\/span>\n                        <\/a>\n            <\/div>\n    <div class=\"module-feature-content tf_textc\">\n                    <h3 class=\"module-feature-title\">\n                            <a href=\"https:\/\/www.pleteninespenko.si\/hr\/kategorija-proizvoda\/pletenina-kao-modni-dodaci\/\">Modni dodaci<\/a>\n                        <\/h3>\n                    <div class=\"tb_text_wrap\">\n                    <\/div>\n    <\/div>\n<\/div>\n<!-- \/module feature -->\n        <\/div>\n                    <div  data-lazy=\"1\" class=\"module_column sub_column col4-1 tb_hq8f303 last\">\n                    <!-- module feature -->\n<div  class=\"module module-feature tb_34lx304 with-chart layout-icon-top size-small \" data-layout-mobile=\"icon-left\" data-layout-desktop=\"icon-top\" data-lazy=\"1\">\n        <div class=\"module-feature-image tf_textc tf_rel\">\n                            <a href=\"https:\/\/www.pleteninespenko.si\/hr\/kategorija-proizvoda\/pletenina-za-slobodno-vrijeme\/\">\n                        <span class=\"module-feature-chart-html5 tf_box tf_rel tf_inline_b\">\n                                    <svg class=\"tf_abs tf_w tf_h\">\n                    <circle class=\"tb_feature_fill\" r=\"calc(50% - 1.50px)\" cx=\"50%\" cy=\"50%\" stroke-width=\"3\"\/>\n                    <circle class=\"tb_feature_stroke\" r=\"calc(50% - 1.50px)\" cx=\"50%\" cy=\"50%\" stroke=\"#9655a2\" stroke-width=\"3\" data-progress=\"100\" stroke-dasharray=\"0,10000\"\/>\n                                        <\/svg>\n                                <span class=\"chart-html5-circle tf_w tf_h\">\n                    <img decoding=\"async\" src=\"https:\/\/www.pleteninespenko.si\/wp-content\/uploads\/2024\/11\/Pletenine-Spenko-pletenine-za-prosti-cas-pletena-odeja-928x1024-100x100.jpg\" width=\"100\" height=\"100\" class=\"wp-post-image wp-image-43701\" title=\"Pletenine-Spenko-pletenine-za-prosti-cas-pletena-odeja\" style=\"width:calc(100% - 6px);height:calc(100% - 6px)\" alt=\"Topla volnena odeja za hladne jesenske in zimske dni. Volna nas poleg na\u0161ih najbli\u017ejih, greje najceneje!\" srcset=\"https:\/\/www.pleteninespenko.si\/wp-content\/uploads\/2024\/11\/Pletenine-Spenko-pletenine-za-prosti-cas-pletena-odeja-928x1024-100x100.jpg 100w, https:\/\/www.pleteninespenko.si\/wp-content\/uploads\/2024\/11\/Pletenine-Spenko-pletenine-za-prosti-cas-pletena-odeja-150x150.jpg 150w, https:\/\/www.pleteninespenko.si\/wp-content\/uploads\/2024\/11\/Pletenine-Spenko-pletenine-za-prosti-cas-pletena-odeja-300x300.jpg 300w, https:\/\/www.pleteninespenko.si\/wp-content\/uploads\/2024\/11\/Pletenine-Spenko-pletenine-za-prosti-cas-pletena-odeja-928x1024-47x48.jpg 47w\" sizes=\"(max-width: 100px) 100vw, 100px\" \/>                                    <\/span>\n\n                \n            <\/span>\n                        <\/a>\n            <\/div>\n    <div class=\"module-feature-content tf_textc\">\n                    <h3 class=\"module-feature-title\">\n                            <a href=\"https:\/\/www.pleteninespenko.si\/hr\/kategorija-proizvoda\/pletenina-za-slobodno-vrijeme\/\">Slobodno vrijeme<\/a>\n                        <\/h3>\n                    <div class=\"tb_text_wrap\">\n                    <\/div>\n    <\/div>\n<\/div>\n<!-- \/module feature -->\n        <\/div>\n                    <\/div>\n                <div  data-lazy=\"1\" class=\"module_subrow themify_builder_sub_row tf_w col_align_top tb_col_count_1 tb_4lkn304\">\n                <div  data-lazy=\"1\" class=\"module_column sub_column col-full tb_3fpk305 first\">\n                    <!-- module divider -->\n<div  class=\"module tf_mw module-divider tb_jq47305 dotted   \" style=\"border-width: 2px;border-color: #9655a2;margin-top: 40px;margin-bottom: 40px;\" data-lazy=\"1\">\n    <\/div>\n<!-- \/module divider -->\n<!-- module text -->\n<div  class=\"module module-text tb_er9i305   \" data-lazy=\"1\">\n        <div  class=\"tb_text_wrap\">\n        <h2 style=\"text-align: center\">Nova kolekcija jesen-zima 2025.\/26., tako\u0111er u na\u0161im trgovinama u Sloveniji i Hrvatskoj!<\/h2>    <\/div>\n<\/div>\n<!-- \/module text --><!-- module maps pro -->\n<div  id=\"tb_qq4x306\" class=\"module module-maps-pro tb_qq4x306  tf_lazy\" data-zoom=\"9\" data-type=\"ROADMAP\" data-address=\"Moste 95a, 1218 Komenda, Slovenija\" data-scrollwheel=\"1\" data-draggable=\"enable\" data-disable_map_ui=\"\" data-polyline=\"\" data-geodesic=\"\" data-polylineStroke=\"2\" data-polylineColor=\"\" data-trigger=\"\" data-mapid=\"\" data-legacymarkers=\"\" data-lazy=\"1\">\n\t\n\t\t\t<div class=\"maps-pro-canvas-container\">\n\t\t\t<div class=\"maps-pro-canvas\" style=\"width:100%;height:600px\"><\/div>\n\t\t<\/div>\n\t\t\t\t\t<template>\n\t\t\t\t\t\t\t\t\t<div data-address=\"46.1970063,14.5492738\" data-image=\"https:\/\/www.pleteninespenko.si\/wp-content\/uploads\/2020\/07\/Pletenine_Spenko_mapa_ikona_glavna_2.png\">\n\t\t\t\t\t\tTrgovina Pletenine \u0160penko - Trgovina na veliko i malo\t\t\t\t\t<\/div>\n\t\t\t\t\t\t\t\t\t<div data-address=\"45.8874388,13.9053592\" data-image=\"https:\/\/www.pleteninespenko.si\/wp-content\/uploads\/2020\/07\/Pletenine_Spenko_mapa_ikona.png\">\n\t\t\t\t\t\tAjdov\u0161\u010dina - Trgovina trikota\u017ee \u0160penko\t\t\t\t\t<\/div>\n\t\t\t\t\t\t\t\t\t<div data-address=\"46.3670519,14.1098373\" data-image=\"https:\/\/www.pleteninespenko.si\/wp-content\/uploads\/2020\/07\/Pletenine_Spenko_mapa_ikona_ostale_poslovalnice.png\">\n\t\t\t\t\t\tBled - Trgovina Bled\t\t\t\t\t<\/div>\n\t\t\t\t\t\t\t\t\t<div data-address=\"46.2722008,13.9528375\" data-image=\"https:\/\/www.pleteninespenko.si\/wp-content\/uploads\/2020\/07\/Pletenine_Spenko_mapa_ikona_ostale_poslovalnice.png\">\n\t\t\t\t\t\tBohinjska Bistrica - Vema Store\t\t\t\t\t<\/div>\n\t\t\t\t\t\t\t\t\t<div data-address=\"45.9058415,15.5917142\" data-image=\"https:\/\/www.pleteninespenko.si\/wp-content\/uploads\/2020\/07\/Pletenine_Spenko_mapa_ikona_ostale_poslovalnice.png\">\n\t\t\t\t\t\tBre\u017eice - Vrhunski tekstil\t\t\t\t\t<\/div>\n\t\t\t\t\t\t\t\t\t<div data-address=\"46.22981679999999,15.2654091\" data-image=\"https:\/\/www.pleteninespenko.si\/wp-content\/uploads\/2020\/07\/Pletenine_Spenko_mapa_ikona_ostale_poslovalnice.png\">\n\t\t\t\t\t\tCelje - Leina trgovina\t\t\t\t\t<\/div>\n\t\t\t\t\t\t\t\t\t<div data-address=\"46.253319,14.4873141\" data-image=\"https:\/\/www.pleteninespenko.si\/wp-content\/uploads\/2020\/07\/Pletenine_Spenko_mapa_ikona_ostale_poslovalnice.png\">\n\t\t\t\t\t\tCerklje na Gorenjskem - Trgovina Julija\t\t\t\t\t<\/div>\n\t\t\t\t\t\t\t\t\t<div data-address=\"45.5699745,15.1921424\" data-image=\"https:\/\/www.pleteninespenko.si\/wp-content\/uploads\/2020\/07\/Pletenine_Spenko_mapa_ikona_ostale_poslovalnice.png\">\n\t\t\t\t\t\t\u010crnomelj - Trgovina Kva\u010dka\t\t\t\t\t<\/div>\n\t\t\t\t\t\t\t\t\t<div data-address=\"45.6042131,15.2763011\" data-image=\"https:\/\/www.pleteninespenko.si\/wp-content\/uploads\/2020\/07\/Pletenine_Spenko_mapa_ikona_ostale_poslovalnice.png\">\n\t\t\t\t\t\tGradac u Beloj Krajini - Irenin du\u0107an\t\t\t\t\t<\/div>\n\t\t\t\t\t\t\t\t\t<div data-address=\"45.5665188,14.2423297\" data-image=\"https:\/\/www.pleteninespenko.si\/wp-content\/uploads\/2020\/07\/Pletenine_Spenko_mapa_ikona_ostale_poslovalnice.png\">\n\t\t\t\t\t\tIlirska Bistrica - Silver Mode\t\t\t\t\t<\/div>\n\t\t\t\t\t\t\t\t\t<div data-address=\"45.5391566,13.6573916\" data-image=\"https:\/\/www.pleteninespenko.si\/wp-content\/uploads\/2020\/07\/Pletenine_Spenko_mapa_ikona_ostale_poslovalnice.png\">\n\t\t\t\t\t\tIzola - Trgovina Lara\t\t\t\t\t<\/div>\n\t\t\t\t\t\t\t\t\t<div data-address=\"46.43937709999999,14.0435847\" data-image=\"https:\/\/www.pleteninespenko.si\/wp-content\/uploads\/2020\/07\/Pletenine_Spenko_mapa_ikona_ostale_poslovalnice.png\">\n\t\t\t\t\t\tJesenice - Ona On\t\t\t\t\t<\/div>\n\t\t\t\t\t\t\t\t\t<div data-address=\"46.2253723,14.6131797\" data-image=\"https:\/\/www.pleteninespenko.si\/wp-content\/uploads\/2020\/07\/Pletenine_Spenko_mapa_ikona.png\">\n\t\t\t\t\t\tKamnik - Trgovina trikota\u017ee \u0160penko\t\t\t\t\t<\/div>\n\t\t\t\t\t\t\t\t\t<div data-address=\"45.6374498,14.8600298\" data-image=\"https:\/\/www.pleteninespenko.si\/wp-content\/uploads\/2020\/07\/Pletenine_Spenko_mapa_ikona_ostale_poslovalnice.png\">\n\t\t\t\t\t\tKo\u010devje - Ona i on\t\t\t\t\t<\/div>\n\t\t\t\t\t\t\t\t\t<div data-address=\"46.26930670000001,14.3505948\" data-image=\"https:\/\/www.pleteninespenko.si\/wp-content\/uploads\/2020\/07\/Pletenine_Spenko_mapa_ikona_ostale_poslovalnice.png\">\n\t\t\t\t\t\tKranj - Zora Tekstil\t\t\t\t\t<\/div>\n\t\t\t\t\t\t\t\t\t<div data-address=\"46.240006,14.3560356\" data-image=\"https:\/\/www.pleteninespenko.si\/wp-content\/uploads\/2020\/07\/Pletenine_Spenko_mapa_ikona_ostale_poslovalnice.png\">\n\t\t\t\t\t\tKranj - Trgovina Maja\t\t\t\t\t<\/div>\n\t\t\t\t\t\t\t\t\t<div data-address=\"46.036137,14.4895265\" data-image=\"https:\/\/www.pleteninespenko.si\/wp-content\/uploads\/2020\/07\/Pletenine_Spenko_mapa_ikona.png\">\n\t\t\t\t\t\tLjubljana - TC Murgle - Trgovina trikota\u017ee \u0160penko\t\t\t\t\t<\/div>\n\t\t\t\t\t\t\t\t\t<div data-address=\"46.0640071,14.5092494\" data-image=\"https:\/\/www.pleteninespenko.si\/wp-content\/uploads\/2020\/07\/Pletenine_Spenko_mapa_ikona_ostale_poslovalnice.png\">\n\t\t\t\t\t\tLjubljana - Plava Laguna - Ona He\t\t\t\t\t<\/div>\n\t\t\t\t\t\t\t\t\t<div data-address=\"46.0523928,14.5158349\" data-image=\"https:\/\/www.pleteninespenko.si\/wp-content\/uploads\/2020\/07\/Pletenine_Spenko_mapa_ikona_ostale_poslovalnice.png\">\n\t\t\t\t\t\tLjubljana - Outlet - Ona On\t\t\t\t\t<\/div>\n\t\t\t\t\t\t\t\t\t<div data-address=\"46.0681081,14.5420462\" data-image=\"https:\/\/www.pleteninespenko.si\/wp-content\/uploads\/2020\/07\/Pletenine_Spenko_mapa_ikona_ostale_poslovalnice.png\">\n\t\t\t\t\t\tLjubljana - BTC Hall A - Ona je uklju\u010dena\t\t\t\t\t<\/div>\n\t\t\t\t\t\t\t\t\t<div data-address=\"46.0483482,14.5014747\" data-image=\"https:\/\/www.pleteninespenko.si\/wp-content\/uploads\/2020\/07\/Pletenine_Spenko_mapa_ikona_ostale_poslovalnice.png\">\n\t\t\t\t\t\tLjubljana - V klub trgovina\t\t\t\t\t<\/div>\n\t\t\t\t\t\t\t\t\t<div data-address=\"46.05677559999999,14.5083706\" data-image=\"https:\/\/www.pleteninespenko.si\/wp-content\/uploads\/2020\/07\/Pletenine_Spenko_mapa_ikona_ostale_poslovalnice.png\">\n\t\t\t\t\t\tLjubljana - Trgovina Jelka\t\t\t\t\t<\/div>\n\t\t\t\t\t\t\t\t\t<div data-address=\"46.04763699999999,14.506302\" data-image=\"https:\/\/www.pleteninespenko.si\/wp-content\/uploads\/2020\/07\/Pletenine_Spenko_mapa_ikona_ostale_poslovalnice.png\">\n\t\t\t\t\t\tLjubljana - Brokat Store\t\t\t\t\t<\/div>\n\t\t\t\t\t\t\t\t\t<div data-address=\"46.05719759999999,14.8305948\" data-image=\"https:\/\/www.pleteninespenko.si\/wp-content\/uploads\/2020\/07\/Pletenine_Spenko_mapa_ikona_ostale_poslovalnice.png\">\n\t\t\t\t\t\tLitij - Trgovina Slivna\t\t\t\t\t<\/div>\n\t\t\t\t\t\t\t\t\t<div data-address=\"46.5179998,16.1958976\" data-image=\"https:\/\/www.pleteninespenko.si\/wp-content\/uploads\/2020\/07\/Pletenine_Spenko_mapa_ikona_ostale_poslovalnice.png\">\n\t\t\t\t\t\tLjutomer - Simtis\t\t\t\t\t<\/div>\n\t\t\t\t\t\t\t\t\t<div data-address=\"46.5587501,15.6505413\" data-image=\"https:\/\/www.pleteninespenko.si\/wp-content\/uploads\/2020\/07\/Pletenine_Spenko_mapa_ikona_ostale_poslovalnice.png\">\n\t\t\t\t\t\tMaribor - Centar grada - Top Textil\t\t\t\t\t<\/div>\n\t\t\t\t\t\t\t\t\t<div data-address=\"46.5338894,15.6652223\" data-image=\"https:\/\/www.pleteninespenko.si\/wp-content\/uploads\/2020\/07\/Pletenine_Spenko_mapa_ikona_ostale_poslovalnice.png\">\n\t\t\t\t\t\tMaribor - Lolita\t\t\t\t\t<\/div>\n\t\t\t\t\t\t\t\t\t<div data-address=\"46.5606114,15.6536549\" data-image=\"https:\/\/www.pleteninespenko.si\/wp-content\/uploads\/2020\/07\/Pletenine_Spenko_mapa_ikona_ostale_poslovalnice.png\">\n\t\t\t\t\t\tMaribor - Trgovina dekora\t\t\t\t\t<\/div>\n\t\t\t\t\t\t\t\t\t<div data-address=\"46.5584232,15.646585\" data-image=\"https:\/\/www.pleteninespenko.si\/wp-content\/uploads\/2020\/07\/Pletenine_Spenko_mapa_ikona_ostale_poslovalnice.png\">\n\t\t\t\t\t\tMaribor - Modni salon\t\t\t\t\t<\/div>\n\t\t\t\t\t\t\t\t\t<div data-address=\"46.66152899999999,16.1666354\" data-image=\"https:\/\/www.pleteninespenko.si\/wp-content\/uploads\/2020\/07\/Pletenine_Spenko_mapa_ikona_ostale_poslovalnice.png\">\n\t\t\t\t\t\tMurska Sobota - Trgovina posteljinom\t\t\t\t\t<\/div>\n\t\t\t\t\t\t\t\t\t<div data-address=\"45.827573,15.1837349\" data-image=\"https:\/\/www.pleteninespenko.si\/wp-content\/uploads\/2020\/07\/Pletenine_Spenko_mapa_ikona_ostale_poslovalnice.png\">\n\t\t\t\t\t\tNovo mesto - Ona On\t\t\t\t\t<\/div>\n\t\t\t\t\t\t\t\t\t<div data-address=\"45.80413069999999,15.1700667\" data-image=\"https:\/\/www.pleteninespenko.si\/wp-content\/uploads\/2020\/07\/Pletenine_Spenko_mapa_ikona_ostale_poslovalnice.png\">\n\t\t\t\t\t\tNovo mesto - Ona On\t\t\t\t\t<\/div>\n\t\t\t\t\t\t\t\t\t<div data-address=\"45.6448292,14.1919627\" data-image=\"https:\/\/www.pleteninespenko.si\/wp-content\/uploads\/2020\/07\/Pletenine_Spenko_mapa_ikona_ostale_poslovalnice.png\">\n\t\t\t\t\t\tPivka - Suzi Tekstil\t\t\t\t\t<\/div>\n\t\t\t\t\t\t\t\t\t<div data-address=\"45.77145,14.1967454\" data-image=\"https:\/\/www.pleteninespenko.si\/wp-content\/uploads\/2020\/07\/Pletenine_Spenko_mapa_ikona_ostale_poslovalnice.png\">\n\t\t\t\t\t\tPostojna - Ure\u0111aj za pro\u010di\u0161\u0107avanje otpadnih voda Gr\u017ee\t\t\t\t\t<\/div>\n\t\t\t\t\t\t\t\t\t<div data-address=\"46.5461848,14.913286\" data-image=\"https:\/\/www.pleteninespenko.si\/wp-content\/uploads\/2020\/07\/Pletenine_Spenko_mapa_ikona_ostale_poslovalnice.png\">\n\t\t\t\t\t\tPrevalje - Lipi Shop\t\t\t\t\t<\/div>\n\t\t\t\t\t\t\t\t\t<div data-address=\"46.4195666,15.8723871\" data-image=\"https:\/\/www.pleteninespenko.si\/wp-content\/uploads\/2020\/07\/Pletenine_Spenko_mapa_ikona_ostale_poslovalnice.png\">\n\t\t\t\t\t\tPtuj - Trgovina Sabina\t\t\t\t\t<\/div>\n\t\t\t\t\t\t\t\t\t<div data-address=\"46.4214705,15.8723341\" data-image=\"https:\/\/www.pleteninespenko.si\/wp-content\/uploads\/2020\/07\/Pletenine_Spenko_mapa_ikona_ostale_poslovalnice.png\">\n\t\t\t\t\t\tPtuj - Zvjezdana trgovina\t\t\t\t\t<\/div>\n\t\t\t\t\t\t\t\t\t<div data-address=\"46.6426262,16.0465962\" data-image=\"https:\/\/www.pleteninespenko.si\/wp-content\/uploads\/2020\/07\/Pletenine_Spenko_mapa_ikona.png\">\n\t\t\t\t\t\tRadenci - Pletenina \u0160penko\t\t\t\t\t<\/div>\n\t\t\t\t\t\t\t\t\t<div data-address=\"46.509733,15.0792767\" data-image=\"https:\/\/www.pleteninespenko.si\/wp-content\/uploads\/2020\/07\/Pletenine_Spenko_mapa_ikona_ostale_poslovalnice.png\">\n\t\t\t\t\t\tSlovenj Gradec - Trgovina Tajda\t\t\t\t\t<\/div>\n\t\t\t\t\t\t\t\t\t<div data-address=\"46.5082752,15.0775204\" data-image=\"https:\/\/www.pleteninespenko.si\/wp-content\/uploads\/2020\/07\/Pletenine_Spenko_mapa_ikona_ostale_poslovalnice.png\">\n\t\t\t\t\t\tSlovenj Gradec - Veur Store\t\t\t\t\t<\/div>\n\t\t\t\t\t\t\t\t\t<div data-address=\"46.3631644,14.308744\" data-image=\"https:\/\/www.pleteninespenko.si\/wp-content\/uploads\/2020\/07\/Pletenine_Spenko_mapa_ikona_ostale_poslovalnice.png\">\n\t\t\t\t\t\tTr\u017ei\u010d - Dama i mu\u0161karac\t\t\t\t\t<\/div>\n\t\t\t\t\t\t\t\t\t<div data-address=\"46.3650005,15.1081351\" data-image=\"https:\/\/www.pleteninespenko.si\/wp-content\/uploads\/2020\/07\/Pletenine_Spenko_mapa_ikona_ostale_poslovalnice.png\">\n\t\t\t\t\t\tVelenje - Ona On\t\t\t\t\t<\/div>\n\t\t\t\t\t\t\t\t\t<div data-address=\"45.9675012,14.2972172\" data-image=\"https:\/\/www.pleteninespenko.si\/wp-content\/uploads\/2020\/07\/Pletenine_Spenko_mapa_ikona_ostale_poslovalnice.png\">\n\t\t\t\t\t\tVrhnika - Tekstilni kutak\t\t\t\t\t<\/div>\n\t\t\t\t\t\t\t\t\t<div data-address=\"46.1343836,14.996186\" data-image=\"https:\/\/www.pleteninespenko.si\/wp-content\/uploads\/2020\/07\/Pletenine_Spenko_mapa_ikona_ostale_poslovalnice.png\">\n\t\t\t\t\t\tZagorje ob Savi - Kum Shop\t\t\t\t\t<\/div>\n\t\t\t\t\t\t\t\t\t<div data-address=\"46.2520728,15.1653223\" data-image=\"https:\/\/www.pleteninespenko.si\/wp-content\/uploads\/2020\/07\/Pletenine_Spenko_mapa_ikona_ostale_poslovalnice.png\">\n\t\t\t\t\t\t\u017dalec - Vrhunski tekstil\t\t\t\t\t<\/div>\n\t\t\t\t\t\t\t\t\t<div data-address=\"46.2519219,15.1620271\" data-image=\"https:\/\/www.pleteninespenko.si\/wp-content\/uploads\/2020\/07\/Pletenine_Spenko_mapa_ikona_ostale_poslovalnice.png\">\n\t\t\t\t\t\t\u017dalec - Ona On\t\t\t\t\t<\/div>\n\t\t\t\t\t\t\t\t\t<div data-address=\"45.8131216,15.9750395\" data-image=\"https:\/\/www.pleteninespenko.si\/wp-content\/uploads\/2020\/07\/Pletenine_Spenko_mapa_ikona_ostale_poslovalnice.png\">\n\t\t\t\t\t\tHrvatska - Zagreb - robna ku\u0107a Nama\t\t\t\t\t<\/div>\n\t\t\t\t\t\t\t\t\t<div data-address=\"45.814657,15.9978871\" data-image=\"https:\/\/www.pleteninespenko.si\/wp-content\/uploads\/2020\/07\/Pletenine_Spenko_mapa_ikona_ostale_poslovalnice.png\">\n\t\t\t\t\t\tHrvatska - Zagreb - robna ku\u0107a Nama\t\t\t\t\t<\/div>\n\t\t\t\t\t\t\t\t\t<div data-address=\"45.9557645,14.658899\" data-image=\"https:\/\/www.pleteninespenko.si\/wp-content\/uploads\/2020\/07\/Pletenine_Spenko_mapa_ikona_ostale_poslovalnice.png\">\n\t\t\t\t\t\tGrosuplje - Kva\u010dka Grosuplje\t\t\t\t\t<\/div>\n\t\t\t\t\t\t\t<\/template>\n\t\t\t\t\n\t<\/div>\n<!-- \/module maps pro --><!-- module button pro -->\n<div  id=\"tb_8d8o306\" class=\"module module-button tb_8d8o306 button-link-external  tb_default_color\" data-lazy=\"1\">\n\t\n    <a  class=\"ui builder_button tb_default_color\" href=\"https:\/\/www.pleteninespenko.si\/hr\/gdje-se-nalazimo\/\" target=\"_blank\">\n\t\t<span><svg  class=\"tf_fa tf-ti-angle-right\" xmlns:xlink=\"http:\/\/www.w3.org\/1999\/xlink\" aria-hidden=\"true\"><use href=\"#tf-ti-angle-right\" xlink:href=\"#tf-ti-angle-right\"><\/use><\/svg><\/span> \t\t<span>Na poslovnice<\/span>\n    <\/a>\n\n\t\n\t<\/div>\n<!-- \/module button pro -->\n        <\/div>\n                    <\/div>\n                <\/div>\n                        <\/div>\n        <\/div>\n        <\/div>\n<!--\/themify_builder_content-->","protected":false},"excerpt":{"rendered":"<p>Prazni\u010dko vrijeme je tu, a budu\u0107i da nikada nije previ\u0161e prazni\u010dnog razmazivanja, pripremili smo za vas 15 % popusta na svu nezni\u017eanu pleteninu uz kupnju iznad 50 \u20ac!<\/p>\n","protected":false},"author":23,"featured_media":55778,"comment_status":"closed","ping_status":"open","sticky":false,"template":"","format":"standard","meta":{"inline_featured_image":false,"footnotes":""},"categories":[1817],"tags":[3399,3444,2184,2604,2926,3167,3211],"class_list":["post-55872","post","type-post","status-publish","format-standard","has-post-thumbnail","hentry","category-pletenina-odjeca","tag-nova-kolekcija-hr","tag-blagdanski-popusti","tag-pletenine-spenko-2","tag-15-2","tag-novo-hr","tag-kolekcija-jesen-zima-hr","tag-novi-modeli-hr","has-post-title","has-post-date","has-post-category","has-post-tag","has-post-comment","has-post-author",""],"yoast_head":"<!-- This site is optimized with the Yoast SEO plugin v27.5 - https:\/\/yoast.com\/product\/yoast-seo-wordpress\/ -->\n<title>Pletenine \u0160penko Sretni blagdani u Pleteninama \u0160penko! \ud83c\udf85 |<\/title>\n<meta name=\"description\" content=\"Prazni\u010dko vrijeme je tu, a budu\u0107i da nikada nije previ\u0161e prazni\u010dnog razmazivanja, pripremili smo za vas 15 % popusta na svu nezni\u017eanu pleteninu uz kupnju iznad 50 \u20ac!\" \/>\n<meta name=\"robots\" content=\"index, follow, max-snippet:-1, max-image-preview:large, max-video-preview:-1\" \/>\n<link rel=\"canonical\" href=\"https:\/\/www.pleteninespenko.si\/hr\/sretni-blagdani-u-pleteninama-spenko-%f0%9f%8e%85\/\" \/>\n<meta property=\"og:locale\" content=\"hr_HR\" \/>\n<meta property=\"og:type\" content=\"article\" \/>\n<meta property=\"og:title\" content=\"Pletenine \u0160penko Sretni blagdani u Pleteninama \u0160penko! \ud83c\udf85 |\" \/>\n<meta property=\"og:description\" content=\"Prazni\u010dko vrijeme je tu, a budu\u0107i da nikada nije previ\u0161e prazni\u010dnog razmazivanja, pripremili smo za vas 15 % popusta na svu nezni\u017eanu pleteninu uz kupnju iznad 50 \u20ac!\" \/>\n<meta property=\"og:url\" content=\"https:\/\/www.pleteninespenko.si\/hr\/sretni-blagdani-u-pleteninama-spenko-%f0%9f%8e%85\/\" \/>\n<meta property=\"og:site_name\" content=\"Pletenine \u0160penko\" \/>\n<meta property=\"article:publisher\" content=\"https:\/\/www.facebook.com\/PletenineSpenko\/\" \/>\n<meta property=\"article:published_time\" content=\"2025-12-11T15:39:59+00:00\" \/>\n<meta property=\"article:modified_time\" content=\"2025-12-26T16:40:27+00:00\" \/>\n<meta property=\"og:image\" content=\"https:\/\/www.pleteninespenko.si\/wp-content\/uploads\/2025\/12\/Pletenine-Spenko-blagdanski-popusti-1400x935px.jpg\" \/>\n\t<meta property=\"og:image:width\" content=\"1400\" \/>\n\t<meta property=\"og:image:height\" content=\"935\" \/>\n\t<meta property=\"og:image:type\" content=\"image\/jpeg\" \/>\n<meta name=\"author\" content=\"Pletenine \u0160penko\" \/>\n<meta name=\"twitter:card\" content=\"summary_large_image\" \/>\n<meta name=\"twitter:label1\" content=\"Napisao\/la\" \/>\n\t<meta name=\"twitter:data1\" content=\"Pletenine \u0160penko\" \/>\n\t<meta name=\"twitter:label2\" content=\"Procijenjeno vrijeme \u010ditanja\" \/>\n\t<meta name=\"twitter:data2\" content=\"4 minute\" \/>\n<script type=\"application\/ld+json\" class=\"yoast-schema-graph\">{\"@context\":\"https:\\\/\\\/schema.org\",\"@graph\":[{\"@type\":\"Article\",\"@id\":\"https:\\\/\\\/www.pleteninespenko.si\\\/hr\\\/sretni-blagdani-u-pleteninama-spenko-%f0%9f%8e%85\\\/#article\",\"isPartOf\":{\"@id\":\"https:\\\/\\\/www.pleteninespenko.si\\\/hr\\\/sretni-blagdani-u-pleteninama-spenko-%f0%9f%8e%85\\\/\"},\"author\":{\"name\":\"Pletenine \u0160penko\",\"@id\":\"https:\\\/\\\/www.pleteninespenko.si\\\/hr\\\/#\\\/schema\\\/person\\\/42057a36ac52999c23bf81fc85a7f23b\"},\"headline\":\"Sretni blagdani u Pleteninama \u0160penko! \ud83c\udf85\",\"datePublished\":\"2025-12-11T15:39:59+00:00\",\"dateModified\":\"2025-12-26T16:40:27+00:00\",\"mainEntityOfPage\":{\"@id\":\"https:\\\/\\\/www.pleteninespenko.si\\\/hr\\\/sretni-blagdani-u-pleteninama-spenko-%f0%9f%8e%85\\\/\"},\"wordCount\":580,\"publisher\":{\"@id\":\"https:\\\/\\\/www.pleteninespenko.si\\\/hr\\\/#organization\"},\"image\":{\"@id\":\"https:\\\/\\\/www.pleteninespenko.si\\\/hr\\\/sretni-blagdani-u-pleteninama-spenko-%f0%9f%8e%85\\\/#primaryimage\"},\"thumbnailUrl\":\"https:\\\/\\\/www.pleteninespenko.si\\\/wp-content\\\/uploads\\\/2025\\\/12\\\/Pletenine-Spenko-blagdanski-popusti-1400x935px.jpg\",\"keywords\":[\"nova kolekcija\",\"blagdanski popusti\",\"pletenine \u0161penko\",\"-15%\",\"novo\",\"kolekcija jesen-zima\",\"novi modeli\"],\"articleSection\":[\"Pletenina \\\/ odje\u0107a\"],\"inLanguage\":\"hr\"},{\"@type\":\"WebPage\",\"@id\":\"https:\\\/\\\/www.pleteninespenko.si\\\/hr\\\/sretni-blagdani-u-pleteninama-spenko-%f0%9f%8e%85\\\/\",\"url\":\"https:\\\/\\\/www.pleteninespenko.si\\\/hr\\\/sretni-blagdani-u-pleteninama-spenko-%f0%9f%8e%85\\\/\",\"name\":\"Pletenine \u0160penko Sretni blagdani u Pleteninama \u0160penko! \ud83c\udf85 |\",\"isPartOf\":{\"@id\":\"https:\\\/\\\/www.pleteninespenko.si\\\/hr\\\/#website\"},\"primaryImageOfPage\":{\"@id\":\"https:\\\/\\\/www.pleteninespenko.si\\\/hr\\\/sretni-blagdani-u-pleteninama-spenko-%f0%9f%8e%85\\\/#primaryimage\"},\"image\":{\"@id\":\"https:\\\/\\\/www.pleteninespenko.si\\\/hr\\\/sretni-blagdani-u-pleteninama-spenko-%f0%9f%8e%85\\\/#primaryimage\"},\"thumbnailUrl\":\"https:\\\/\\\/www.pleteninespenko.si\\\/wp-content\\\/uploads\\\/2025\\\/12\\\/Pletenine-Spenko-blagdanski-popusti-1400x935px.jpg\",\"datePublished\":\"2025-12-11T15:39:59+00:00\",\"dateModified\":\"2025-12-26T16:40:27+00:00\",\"description\":\"Prazni\u010dko vrijeme je tu, a budu\u0107i da nikada nije previ\u0161e prazni\u010dnog razmazivanja, pripremili smo za vas 15 % popusta na svu nezni\u017eanu pleteninu uz kupnju iznad 50 \u20ac!\",\"breadcrumb\":{\"@id\":\"https:\\\/\\\/www.pleteninespenko.si\\\/hr\\\/sretni-blagdani-u-pleteninama-spenko-%f0%9f%8e%85\\\/#breadcrumb\"},\"inLanguage\":\"hr\",\"potentialAction\":[{\"@type\":\"ReadAction\",\"target\":[\"https:\\\/\\\/www.pleteninespenko.si\\\/hr\\\/sretni-blagdani-u-pleteninama-spenko-%f0%9f%8e%85\\\/\"]}]},{\"@type\":\"ImageObject\",\"inLanguage\":\"hr\",\"@id\":\"https:\\\/\\\/www.pleteninespenko.si\\\/hr\\\/sretni-blagdani-u-pleteninama-spenko-%f0%9f%8e%85\\\/#primaryimage\",\"url\":\"https:\\\/\\\/www.pleteninespenko.si\\\/wp-content\\\/uploads\\\/2025\\\/12\\\/Pletenine-Spenko-blagdanski-popusti-1400x935px.jpg\",\"contentUrl\":\"https:\\\/\\\/www.pleteninespenko.si\\\/wp-content\\\/uploads\\\/2025\\\/12\\\/Pletenine-Spenko-blagdanski-popusti-1400x935px.jpg\",\"width\":1400,\"height\":935,\"caption\":\"Sretni blagdani iz Pletenina \u0160penko! Prazni\u010dko vrijeme je tu, a budu\u0107i da nikada nije previ\u0161e prazni\u010dnog razmazivanja, pripremili smo za vas 15 % popusta na svu nezni\u017eanu pleteninu uz kupnju iznad 50 \u20ac! Od toplih pulovera, udobnih jopica, elegantnih pon\u010da do mekih \u0161alova \u2013 sve \u0161to vam treba da zasjate u eleganciji i udobnosti ovog prosinca.\"},{\"@type\":\"BreadcrumbList\",\"@id\":\"https:\\\/\\\/www.pleteninespenko.si\\\/hr\\\/sretni-blagdani-u-pleteninama-spenko-%f0%9f%8e%85\\\/#breadcrumb\",\"itemListElement\":[{\"@type\":\"ListItem\",\"position\":1,\"name\":\"Home\",\"item\":\"https:\\\/\\\/www.pleteninespenko.si\\\/hr\\\/\"},{\"@type\":\"ListItem\",\"position\":2,\"name\":\"Sretni blagdani u Pleteninama \u0160penko! \ud83c\udf85\"}]},{\"@type\":\"WebSite\",\"@id\":\"https:\\\/\\\/www.pleteninespenko.si\\\/hr\\\/#website\",\"url\":\"https:\\\/\\\/www.pleteninespenko.si\\\/hr\\\/\",\"name\":\"Pletenine \u0160penko\",\"description\":\"\u017denska i mu\u0161ka trikota\u017ea po posljednjoj modi\",\"publisher\":{\"@id\":\"https:\\\/\\\/www.pleteninespenko.si\\\/hr\\\/#organization\"},\"potentialAction\":[{\"@type\":\"SearchAction\",\"target\":{\"@type\":\"EntryPoint\",\"urlTemplate\":\"https:\\\/\\\/www.pleteninespenko.si\\\/hr\\\/?s={search_term_string}\"},\"query-input\":{\"@type\":\"PropertyValueSpecification\",\"valueRequired\":true,\"valueName\":\"search_term_string\"}}],\"inLanguage\":\"hr\"},{\"@type\":\"Organization\",\"@id\":\"https:\\\/\\\/www.pleteninespenko.si\\\/hr\\\/#organization\",\"name\":\"Pletenine \u0160penko\",\"url\":\"https:\\\/\\\/www.pleteninespenko.si\\\/hr\\\/\",\"logo\":{\"@type\":\"ImageObject\",\"inLanguage\":\"hr\",\"@id\":\"https:\\\/\\\/www.pleteninespenko.si\\\/hr\\\/#\\\/schema\\\/logo\\\/image\\\/\",\"url\":\"https:\\\/\\\/www.pleteninespenko.si\\\/wp-content\\\/uploads\\\/2020\\\/06\\\/Pletenine_Spenko.png\",\"contentUrl\":\"https:\\\/\\\/www.pleteninespenko.si\\\/wp-content\\\/uploads\\\/2020\\\/06\\\/Pletenine_Spenko.png\",\"width\":717,\"height\":140,\"caption\":\"Pletenine \u0160penko\"},\"image\":{\"@id\":\"https:\\\/\\\/www.pleteninespenko.si\\\/hr\\\/#\\\/schema\\\/logo\\\/image\\\/\"},\"sameAs\":[\"https:\\\/\\\/www.facebook.com\\\/PletenineSpenko\\\/\",\"https:\\\/\\\/www.instagram.com\\\/pleteninespenko\\\/\"]},{\"@type\":\"Person\",\"@id\":\"https:\\\/\\\/www.pleteninespenko.si\\\/hr\\\/#\\\/schema\\\/person\\\/42057a36ac52999c23bf81fc85a7f23b\",\"name\":\"Pletenine \u0160penko\",\"image\":{\"@type\":\"ImageObject\",\"inLanguage\":\"hr\",\"@id\":\"https:\\\/\\\/www.pleteninespenko.si\\\/wp-content\\\/litespeed\\\/avatar\\\/4059debda33b2bcf06945cee9649f404.jpg?ver=1777660280\",\"url\":\"https:\\\/\\\/www.pleteninespenko.si\\\/wp-content\\\/litespeed\\\/avatar\\\/4059debda33b2bcf06945cee9649f404.jpg?ver=1777660280\",\"contentUrl\":\"https:\\\/\\\/www.pleteninespenko.si\\\/wp-content\\\/litespeed\\\/avatar\\\/4059debda33b2bcf06945cee9649f404.jpg?ver=1777660280\",\"caption\":\"Pletenine \u0160penko\"}}]}<\/script>\n<!-- \/ Yoast SEO plugin. -->","yoast_head_json":{"title":"Pletenine \u0160penko Sretni blagdani u Pleteninama \u0160penko! \ud83c\udf85 |","description":"Prazni\u010dko vrijeme je tu, a budu\u0107i da nikada nije previ\u0161e prazni\u010dnog razmazivanja, pripremili smo za vas 15 % popusta na svu nezni\u017eanu pleteninu uz kupnju iznad 50 \u20ac!","robots":{"index":"index","follow":"follow","max-snippet":"max-snippet:-1","max-image-preview":"max-image-preview:large","max-video-preview":"max-video-preview:-1"},"canonical":"https:\/\/www.pleteninespenko.si\/hr\/sretni-blagdani-u-pleteninama-spenko-%f0%9f%8e%85\/","og_locale":"hr_HR","og_type":"article","og_title":"Pletenine \u0160penko Sretni blagdani u Pleteninama \u0160penko! \ud83c\udf85 |","og_description":"Prazni\u010dko vrijeme je tu, a budu\u0107i da nikada nije previ\u0161e prazni\u010dnog razmazivanja, pripremili smo za vas 15 % popusta na svu nezni\u017eanu pleteninu uz kupnju iznad 50 \u20ac!","og_url":"https:\/\/www.pleteninespenko.si\/hr\/sretni-blagdani-u-pleteninama-spenko-%f0%9f%8e%85\/","og_site_name":"Pletenine \u0160penko","article_publisher":"https:\/\/www.facebook.com\/PletenineSpenko\/","article_published_time":"2025-12-11T15:39:59+00:00","article_modified_time":"2025-12-26T16:40:27+00:00","og_image":[{"width":1400,"height":935,"url":"https:\/\/www.pleteninespenko.si\/wp-content\/uploads\/2025\/12\/Pletenine-Spenko-blagdanski-popusti-1400x935px.jpg","type":"image\/jpeg"}],"author":"Pletenine \u0160penko","twitter_card":"summary_large_image","twitter_misc":{"Napisao\/la":"Pletenine \u0160penko","Procijenjeno vrijeme \u010ditanja":"4 minute"},"schema":{"@context":"https:\/\/schema.org","@graph":[{"@type":"Article","@id":"https:\/\/www.pleteninespenko.si\/hr\/sretni-blagdani-u-pleteninama-spenko-%f0%9f%8e%85\/#article","isPartOf":{"@id":"https:\/\/www.pleteninespenko.si\/hr\/sretni-blagdani-u-pleteninama-spenko-%f0%9f%8e%85\/"},"author":{"name":"Pletenine \u0160penko","@id":"https:\/\/www.pleteninespenko.si\/hr\/#\/schema\/person\/42057a36ac52999c23bf81fc85a7f23b"},"headline":"Sretni blagdani u Pleteninama \u0160penko! \ud83c\udf85","datePublished":"2025-12-11T15:39:59+00:00","dateModified":"2025-12-26T16:40:27+00:00","mainEntityOfPage":{"@id":"https:\/\/www.pleteninespenko.si\/hr\/sretni-blagdani-u-pleteninama-spenko-%f0%9f%8e%85\/"},"wordCount":580,"publisher":{"@id":"https:\/\/www.pleteninespenko.si\/hr\/#organization"},"image":{"@id":"https:\/\/www.pleteninespenko.si\/hr\/sretni-blagdani-u-pleteninama-spenko-%f0%9f%8e%85\/#primaryimage"},"thumbnailUrl":"https:\/\/www.pleteninespenko.si\/wp-content\/uploads\/2025\/12\/Pletenine-Spenko-blagdanski-popusti-1400x935px.jpg","keywords":["nova kolekcija","blagdanski popusti","pletenine \u0161penko","-15%","novo","kolekcija jesen-zima","novi modeli"],"articleSection":["Pletenina \/ odje\u0107a"],"inLanguage":"hr"},{"@type":"WebPage","@id":"https:\/\/www.pleteninespenko.si\/hr\/sretni-blagdani-u-pleteninama-spenko-%f0%9f%8e%85\/","url":"https:\/\/www.pleteninespenko.si\/hr\/sretni-blagdani-u-pleteninama-spenko-%f0%9f%8e%85\/","name":"Pletenine \u0160penko Sretni blagdani u Pleteninama \u0160penko! \ud83c\udf85 |","isPartOf":{"@id":"https:\/\/www.pleteninespenko.si\/hr\/#website"},"primaryImageOfPage":{"@id":"https:\/\/www.pleteninespenko.si\/hr\/sretni-blagdani-u-pleteninama-spenko-%f0%9f%8e%85\/#primaryimage"},"image":{"@id":"https:\/\/www.pleteninespenko.si\/hr\/sretni-blagdani-u-pleteninama-spenko-%f0%9f%8e%85\/#primaryimage"},"thumbnailUrl":"https:\/\/www.pleteninespenko.si\/wp-content\/uploads\/2025\/12\/Pletenine-Spenko-blagdanski-popusti-1400x935px.jpg","datePublished":"2025-12-11T15:39:59+00:00","dateModified":"2025-12-26T16:40:27+00:00","description":"Prazni\u010dko vrijeme je tu, a budu\u0107i da nikada nije previ\u0161e prazni\u010dnog razmazivanja, pripremili smo za vas 15 % popusta na svu nezni\u017eanu pleteninu uz kupnju iznad 50 \u20ac!","breadcrumb":{"@id":"https:\/\/www.pleteninespenko.si\/hr\/sretni-blagdani-u-pleteninama-spenko-%f0%9f%8e%85\/#breadcrumb"},"inLanguage":"hr","potentialAction":[{"@type":"ReadAction","target":["https:\/\/www.pleteninespenko.si\/hr\/sretni-blagdani-u-pleteninama-spenko-%f0%9f%8e%85\/"]}]},{"@type":"ImageObject","inLanguage":"hr","@id":"https:\/\/www.pleteninespenko.si\/hr\/sretni-blagdani-u-pleteninama-spenko-%f0%9f%8e%85\/#primaryimage","url":"https:\/\/www.pleteninespenko.si\/wp-content\/uploads\/2025\/12\/Pletenine-Spenko-blagdanski-popusti-1400x935px.jpg","contentUrl":"https:\/\/www.pleteninespenko.si\/wp-content\/uploads\/2025\/12\/Pletenine-Spenko-blagdanski-popusti-1400x935px.jpg","width":1400,"height":935,"caption":"Sretni blagdani iz Pletenina \u0160penko! Prazni\u010dko vrijeme je tu, a budu\u0107i da nikada nije previ\u0161e prazni\u010dnog razmazivanja, pripremili smo za vas 15 % popusta na svu nezni\u017eanu pleteninu uz kupnju iznad 50 \u20ac! Od toplih pulovera, udobnih jopica, elegantnih pon\u010da do mekih \u0161alova \u2013 sve \u0161to vam treba da zasjate u eleganciji i udobnosti ovog prosinca."},{"@type":"BreadcrumbList","@id":"https:\/\/www.pleteninespenko.si\/hr\/sretni-blagdani-u-pleteninama-spenko-%f0%9f%8e%85\/#breadcrumb","itemListElement":[{"@type":"ListItem","position":1,"name":"Home","item":"https:\/\/www.pleteninespenko.si\/hr\/"},{"@type":"ListItem","position":2,"name":"Sretni blagdani u Pleteninama \u0160penko! \ud83c\udf85"}]},{"@type":"WebSite","@id":"https:\/\/www.pleteninespenko.si\/hr\/#website","url":"https:\/\/www.pleteninespenko.si\/hr\/","name":"Pletenine \u0160penko","description":"\u017denska i mu\u0161ka trikota\u017ea po posljednjoj modi","publisher":{"@id":"https:\/\/www.pleteninespenko.si\/hr\/#organization"},"potentialAction":[{"@type":"SearchAction","target":{"@type":"EntryPoint","urlTemplate":"https:\/\/www.pleteninespenko.si\/hr\/?s={search_term_string}"},"query-input":{"@type":"PropertyValueSpecification","valueRequired":true,"valueName":"search_term_string"}}],"inLanguage":"hr"},{"@type":"Organization","@id":"https:\/\/www.pleteninespenko.si\/hr\/#organization","name":"Pletenine \u0160penko","url":"https:\/\/www.pleteninespenko.si\/hr\/","logo":{"@type":"ImageObject","inLanguage":"hr","@id":"https:\/\/www.pleteninespenko.si\/hr\/#\/schema\/logo\/image\/","url":"https:\/\/www.pleteninespenko.si\/wp-content\/uploads\/2020\/06\/Pletenine_Spenko.png","contentUrl":"https:\/\/www.pleteninespenko.si\/wp-content\/uploads\/2020\/06\/Pletenine_Spenko.png","width":717,"height":140,"caption":"Pletenine \u0160penko"},"image":{"@id":"https:\/\/www.pleteninespenko.si\/hr\/#\/schema\/logo\/image\/"},"sameAs":["https:\/\/www.facebook.com\/PletenineSpenko\/","https:\/\/www.instagram.com\/pleteninespenko\/"]},{"@type":"Person","@id":"https:\/\/www.pleteninespenko.si\/hr\/#\/schema\/person\/42057a36ac52999c23bf81fc85a7f23b","name":"Pletenine \u0160penko","image":{"@type":"ImageObject","inLanguage":"hr","@id":"https:\/\/www.pleteninespenko.si\/wp-content\/litespeed\/avatar\/4059debda33b2bcf06945cee9649f404.jpg?ver=1777660280","url":"https:\/\/www.pleteninespenko.si\/wp-content\/litespeed\/avatar\/4059debda33b2bcf06945cee9649f404.jpg?ver=1777660280","contentUrl":"https:\/\/www.pleteninespenko.si\/wp-content\/litespeed\/avatar\/4059debda33b2bcf06945cee9649f404.jpg?ver=1777660280","caption":"Pletenine \u0160penko"}}]}},"_links":{"self":[{"href":"https:\/\/www.pleteninespenko.si\/hr\/wp-json\/wp\/v2\/posts\/55872","targetHints":{"allow":["GET"]}}],"collection":[{"href":"https:\/\/www.pleteninespenko.si\/hr\/wp-json\/wp\/v2\/posts"}],"about":[{"href":"https:\/\/www.pleteninespenko.si\/hr\/wp-json\/wp\/v2\/types\/post"}],"author":[{"embeddable":true,"href":"https:\/\/www.pleteninespenko.si\/hr\/wp-json\/wp\/v2\/users\/23"}],"replies":[{"embeddable":true,"href":"https:\/\/www.pleteninespenko.si\/hr\/wp-json\/wp\/v2\/comments?post=55872"}],"version-history":[{"count":5,"href":"https:\/\/www.pleteninespenko.si\/hr\/wp-json\/wp\/v2\/posts\/55872\/revisions"}],"predecessor-version":[{"id":56047,"href":"https:\/\/www.pleteninespenko.si\/hr\/wp-json\/wp\/v2\/posts\/55872\/revisions\/56047"}],"wp:featuredmedia":[{"embeddable":true,"href":"https:\/\/www.pleteninespenko.si\/hr\/wp-json\/wp\/v2\/media\/55778"}],"wp:attachment":[{"href":"https:\/\/www.pleteninespenko.si\/hr\/wp-json\/wp\/v2\/media?parent=55872"}],"wp:term":[{"taxonomy":"category","embeddable":true,"href":"https:\/\/www.pleteninespenko.si\/hr\/wp-json\/wp\/v2\/categories?post=55872"},{"taxonomy":"post_tag","embeddable":true,"href":"https:\/\/www.pleteninespenko.si\/hr\/wp-json\/wp\/v2\/tags?post=55872"}],"curies":[{"name":"wp","href":"https:\/\/api.w.org\/{rel}","templated":true}]}}