{"id":58262,"date":"2026-03-14T15:10:45","date_gmt":"2026-03-14T14:10:45","guid":{"rendered":"https:\/\/www.pleteninespenko.si\/proljece-mirise-na-svjezinu-a-s-njim-stize-i-nova-kolekcija-koja-budi-vas-stil\/"},"modified":"2026-03-14T15:26:09","modified_gmt":"2026-03-14T14:26:09","slug":"proljece-mirise-na-svjezinu-a-s-njim-stize-i-nova-kolekcija-koja-budi-vas-stil","status":"publish","type":"post","link":"https:\/\/www.pleteninespenko.si\/hr\/proljece-mirise-na-svjezinu-a-s-njim-stize-i-nova-kolekcija-koja-budi-vas-stil\/","title":{"rendered":"Prolje\u0107e miri\u0161e na svje\u017einu, a s njim sti\u017ee i nova kolekcija koja budi va\u0161 stil!"},"content":{"rendered":"<!--themify_builder_content-->\n<div id=\"themify_builder_content-58262\" data-postid=\"58262\" class=\"themify_builder_content themify_builder_content-58262 themify_builder tf_clear\">\n                    <div  data-lazy=\"1\" class=\"module_row themify_builder_row tb_nqw9295 tb_first tf_w\">\n                        <div class=\"row_inner col_align_top tb_col_count_1 tf_box tf_rel\">\n                        <div  data-lazy=\"1\" class=\"module_column tb-column col-full tb_p9n8297 first\">\n                    <!-- module text -->\n<div  class=\"module module-text tb_rywz298   \" data-lazy=\"1\">\n        <div  class=\"tb_text_wrap\">\n        <p>Prolje\u0107e je tu, a s njim dolazi vrijeme za svje\u017einu, lako\u0107u i nje\u017ene boje koje o\u017eivljavaju va\u0161u garderobu. U Pleteninama \u0160penko predstavljamo <strong><a href=\"https:\/\/www.pleteninespenko.si\/hr\/trgovina\/\" target=\"_blank\" rel=\"noopener\">novu proljetno-ljetnu kolekciju<\/a><\/strong>, koja u svakom komadu spaja eleganciju, udobnost i \u017eenstveni dodir. <\/p>\n<p>U kolekciji \u0107ete prona\u0107i sve \u2013 od prozra\u010dnih mre\u017eastih <a href=\"https:\/\/www.pleteninespenko.si\/hr\/kategorija-proizvoda\/zenska-pletenina\/zenske-veste\/\" target=\"_blank\" rel=\"noopener\"><strong>vesti<\/strong> <\/a>i tankih <strong><a href=\"https:\/\/www.pleteninespenko.si\/hr\/kategorija-proizvoda\/zenska-pletenina\/ponci-hr\/\" target=\"_blank\" rel=\"noopener\">pon\u010da<\/a><\/strong> do profinjenih <strong><a href=\"https:\/\/www.pleteninespenko.si\/hr\/kategorija-proizvoda\/zenska-pletenina\/zenski-dzemperi\/\" target=\"_blank\" rel=\"noopener\">d\u017eempera<\/a><\/strong> s sitnim detaljima koji stvaraju uredan, a opu\u0161ten izgled. Svaki komad je dizajniran da se lako kombinira s topovima, majicama, suknjama, trapericama ili elegantnim hla\u010dama, stoga je prikladan kako za svakodnevne trenutke tako i za urednije prilike. <\/p>\n<p>Nje\u017eni pleteni materijali, lagane siluete i suptilni detalji omogu\u0107uju da se u svakom komadu osje\u0107ate opu\u0161teno, \u017eenstveno i elegantno. Boje prolje\u0107a \u2013 od pastelnih tonova do nje\u017enih kontrasta \u2013 unose svje\u017einu i energiju koju \u017eelite nositi svaki dan. <\/p>\n<p>Neka va\u0161a garderoba zasja u novom proljetnom ritmu i neka svaki dan postane prilika da poka\u017eete svoj stil s lako\u0107om i elegancijom. Pletenine \u0160penko \u2013 za trenutke koji di\u0161u s prolje\u0107em. <\/p>\n<p>Otkrijte novu kolekciju sada i odaberite svoje omiljene komade u na\u0161oj <a href=\"https:\/\/www.pleteninespenko.si\/hr\/trgovina\/\" target=\"_blank\" rel=\"noopener\">online trgovini<\/a> ili u najbli\u017eoj <strong><a href=\"https:\/\/www.pleteninespenko.si\/hr\/gdje-se-nalazimo\/\" target=\"_blank\" rel=\"noopener\">poslovnici<\/a> Pletenine \u0160penko<\/strong>.<\/p>\n<h3 class=\"gmail_default\" style=\"text-align: left\">\u0160penko pletenina. Pletivo koje grije srce, du\u0161u i tijelo. <\/h3>    <\/div>\n<\/div>\n<!-- \/module text -->        <div  data-lazy=\"1\" class=\"module_subrow themify_builder_sub_row tf_w col_align_top tb_col_count_4 tb_pqam298\">\n                <div  data-lazy=\"1\" class=\"module_column sub_column col4-1 tb_wke9300 first\">\n                    <!-- module feature -->\n<div  class=\"module module-feature tb_yidt301 with-chart layout-icon-top size-small \" data-layout-mobile=\"icon-left\" data-layout-desktop=\"icon-top\" data-lazy=\"1\">\n        <div class=\"module-feature-image tf_textc tf_rel\">\n                            <a href=\"https:\/\/www.pleteninespenko.si\/hr\/kategorija-proizvoda\/muska-pletenina\/\">\n                        <span class=\"module-feature-chart-html5 tf_box tf_rel tf_inline_b\">\n                                    <svg class=\"tf_abs tf_w tf_h\">\n                    <circle class=\"tb_feature_fill\" r=\"calc(50% - 1.50px)\" cx=\"50%\" cy=\"50%\" stroke-width=\"3\"\/>\n                    <circle class=\"tb_feature_stroke\" r=\"calc(50% - 1.50px)\" cx=\"50%\" cy=\"50%\" stroke=\"#9655a2\" stroke-width=\"3\" data-progress=\"100\" stroke-dasharray=\"0,10000\"\/>\n                                        <\/svg>\n                                <span class=\"chart-html5-circle tf_w tf_h\">\n                    <img decoding=\"async\" src=\"https:\/\/www.pleteninespenko.si\/wp-content\/uploads\/2025\/11\/Pletenine-Spenko-moske-pletenine-jopica-ozbej-modra-928x1024-100x100.jpg\" width=\"100\" height=\"100\" class=\"wp-post-image wp-image-55056\" title=\"Pletenine-Spenko-muska-pletenina-vesta-ozbej-modra\" style=\"width:calc(100% - 6px);height:calc(100% - 6px)\" alt=\"Sportska vesta od reljefnog pletiva koja spaja udobnost i funkcionalnost. Dizajnirana je s kapulja\u010dom, d\u017eepovima i oja\u010danim rukavima, \u0161to joj daje moderan i prakti\u010dan izgled.\" srcset=\"https:\/\/www.pleteninespenko.si\/wp-content\/uploads\/2025\/11\/Pletenine-Spenko-moske-pletenine-jopica-ozbej-modra-928x1024-100x100.jpg 100w, https:\/\/www.pleteninespenko.si\/wp-content\/uploads\/2025\/11\/Pletenine-Spenko-moske-pletenine-jopica-ozbej-modra-150x150.jpg 150w, https:\/\/www.pleteninespenko.si\/wp-content\/uploads\/2025\/11\/Pletenine-Spenko-moske-pletenine-jopica-ozbej-modra-300x300.jpg 300w, https:\/\/www.pleteninespenko.si\/wp-content\/uploads\/2025\/11\/Pletenine-Spenko-moske-pletenine-jopica-ozbej-modra-928x1024-47x48.jpg 47w\" sizes=\"(max-width: 100px) 100vw, 100px\" \/>                                    <\/span>\n\n                \n            <\/span>\n                        <\/a>\n            <\/div>\n    <div class=\"module-feature-content tf_textc\">\n                    <h3 class=\"module-feature-title\">\n                            <a href=\"https:\/\/www.pleteninespenko.si\/hr\/kategorija-proizvoda\/muska-pletenina\/\">Mu\u0161ka moda<\/a>\n                        <\/h3>\n                    <div class=\"tb_text_wrap\">\n                    <\/div>\n    <\/div>\n<\/div>\n<!-- \/module feature -->\n        <\/div>\n                    <div  data-lazy=\"1\" class=\"module_column sub_column col4-1 tb_97ij301\">\n                    <!-- module feature -->\n<div  class=\"module module-feature tb_3nrd302 with-chart layout-icon-top size-small \" data-layout-mobile=\"icon-left\" data-layout-desktop=\"icon-top\" data-lazy=\"1\">\n        <div class=\"module-feature-image tf_textc tf_rel\">\n                            <a href=\"https:\/\/www.pleteninespenko.si\/hr\/kategorija-proizvoda\/zenska-pletenina\/\">\n                        <span class=\"module-feature-chart-html5 tf_box tf_rel tf_inline_b\">\n                                    <svg class=\"tf_abs tf_w tf_h\">\n                    <circle class=\"tb_feature_fill\" r=\"calc(50% - 1.50px)\" cx=\"50%\" cy=\"50%\" stroke-width=\"3\"\/>\n                    <circle class=\"tb_feature_stroke\" r=\"calc(50% - 1.50px)\" cx=\"50%\" cy=\"50%\" stroke=\"#9655a2\" stroke-width=\"3\" data-progress=\"100\" stroke-dasharray=\"0,10000\"\/>\n                                        <\/svg>\n                                <span class=\"chart-html5-circle tf_w tf_h\">\n                    <img decoding=\"async\" src=\"https:\/\/www.pleteninespenko.si\/wp-content\/uploads\/2026\/03\/Pletenine-Spenko-zenske-pletenine-pulover-clarine-oranzna-928x1024-100x100.jpg\" width=\"100\" height=\"100\" class=\"wp-post-image wp-image-57361\" title=\"Pletenine-Spenko-zenske-pletenine-dzemper-clarine-oranzna\" style=\"width:calc(100% - 6px);height:calc(100% - 6px)\" alt=\"Prozra\u010dan pamu\u010dni d\u017eemper od modernog mre\u017eastog pletiva s okruglim izrezom. Lagana struktura pletiva stvara svje\u017e i opu\u0161ten izgled, a donji rub d\u017eempera zavr\u0161ava rebrastim rubom za lijepo pristajanje. Odli\u010dno se kombinira s trapericama ili elegantnim hla\u010dama i prikladan je za toplije dane.\" srcset=\"https:\/\/www.pleteninespenko.si\/wp-content\/uploads\/2026\/03\/Pletenine-Spenko-zenske-pletenine-pulover-clarine-oranzna-928x1024-100x100.jpg 100w, https:\/\/www.pleteninespenko.si\/wp-content\/uploads\/2026\/03\/Pletenine-Spenko-zenske-pletenine-pulover-clarine-oranzna-150x150.jpg 150w, https:\/\/www.pleteninespenko.si\/wp-content\/uploads\/2026\/03\/Pletenine-Spenko-zenske-pletenine-pulover-clarine-oranzna-300x300.jpg 300w\" sizes=\"(max-width: 100px) 100vw, 100px\" \/>                                    <\/span>\n\n                \n            <\/span>\n                        <\/a>\n            <\/div>\n    <div class=\"module-feature-content tf_textc\">\n                    <h3 class=\"module-feature-title\">\n                            <a href=\"https:\/\/www.pleteninespenko.si\/hr\/kategorija-proizvoda\/zenska-pletenina\/\">\u017denska moda<\/a>\n                        <\/h3>\n                    <div class=\"tb_text_wrap\">\n                    <\/div>\n    <\/div>\n<\/div>\n<!-- \/module feature -->\n        <\/div>\n                    <div  data-lazy=\"1\" class=\"module_column sub_column col4-1 tb_g0al303\">\n                    <!-- module feature -->\n<div  class=\"module module-feature tb_84k4303 with-chart layout-icon-top size-small \" data-layout-mobile=\"icon-left\" data-layout-desktop=\"icon-top\" data-lazy=\"1\">\n        <div class=\"module-feature-image tf_textc tf_rel\">\n                            <a href=\"https:\/\/www.pleteninespenko.si\/hr\/kategorija-proizvoda\/pletenina-kao-modni-dodaci\/\">\n                        <span class=\"module-feature-chart-html5 tf_box tf_rel tf_inline_b\">\n                                    <svg class=\"tf_abs tf_w tf_h\">\n                    <circle class=\"tb_feature_fill\" r=\"calc(50% - 1.50px)\" cx=\"50%\" cy=\"50%\" stroke-width=\"3\"\/>\n                    <circle class=\"tb_feature_stroke\" r=\"calc(50% - 1.50px)\" cx=\"50%\" cy=\"50%\" stroke=\"#9655a2\" stroke-width=\"3\" data-progress=\"100\" stroke-dasharray=\"0,10000\"\/>\n                                        <\/svg>\n                                <span class=\"chart-html5-circle tf_w tf_h\">\n                    <img decoding=\"async\" src=\"https:\/\/www.pleteninespenko.si\/wp-content\/uploads\/2025\/10\/Pletenine-Spenko-zenske-pletenine-pulover-olivia-lila-928x1024-100x100.jpg\" width=\"100\" height=\"100\" class=\"wp-post-image wp-image-54883\" title=\"Pletenine-Spenko-zenska-pletenina-dzemper-olivia-lila\" style=\"width:calc(100% - 6px);height:calc(100% - 6px)\" alt=\"Pulover Olivia je klasi\u010den \u017eenski pulover iz mehke pletenine, ki nudi toplino in udobje. Diskreten vzorec na sprednjem delu dodaja ne\u017eno dekorativno noto, medtem ko preprost kroj omogo\u010da enostavno kombiniranje z razli\u010dnimi obla\u010dili. Primeren je za vsakodnevno no\u0161enje, hkrati pa dovolj eleganten za bolj posebne prilo\u017enosti.\" srcset=\"https:\/\/www.pleteninespenko.si\/wp-content\/uploads\/2025\/10\/Pletenine-Spenko-zenske-pletenine-pulover-olivia-lila-928x1024-100x100.jpg 100w, https:\/\/www.pleteninespenko.si\/wp-content\/uploads\/2025\/10\/Pletenine-Spenko-zenske-pletenine-pulover-olivia-lila-150x150.jpg 150w, https:\/\/www.pleteninespenko.si\/wp-content\/uploads\/2025\/10\/Pletenine-Spenko-zenske-pletenine-pulover-olivia-lila-300x300.jpg 300w\" sizes=\"(max-width: 100px) 100vw, 100px\" \/>                                    <\/span>\n\n                \n            <\/span>\n                        <\/a>\n            <\/div>\n    <div class=\"module-feature-content tf_textc\">\n                    <h3 class=\"module-feature-title\">\n                            <a href=\"https:\/\/www.pleteninespenko.si\/hr\/kategorija-proizvoda\/pletenina-kao-modni-dodaci\/\">Modni dodaci<\/a>\n                        <\/h3>\n                    <div class=\"tb_text_wrap\">\n                    <\/div>\n    <\/div>\n<\/div>\n<!-- \/module feature -->\n        <\/div>\n                    <div  data-lazy=\"1\" class=\"module_column sub_column col4-1 tb_hq8f303 last\">\n                    <!-- module feature -->\n<div  class=\"module module-feature tb_34lx304 with-chart layout-icon-top size-small \" data-layout-mobile=\"icon-left\" data-layout-desktop=\"icon-top\" data-lazy=\"1\">\n        <div class=\"module-feature-image tf_textc tf_rel\">\n                            <a href=\"https:\/\/www.pleteninespenko.si\/hr\/kategorija-proizvoda\/pletenina-za-slobodno-vrijeme\/\">\n                        <span class=\"module-feature-chart-html5 tf_box tf_rel tf_inline_b\">\n                                    <svg class=\"tf_abs tf_w tf_h\">\n                    <circle class=\"tb_feature_fill\" r=\"calc(50% - 1.50px)\" cx=\"50%\" cy=\"50%\" stroke-width=\"3\"\/>\n                    <circle class=\"tb_feature_stroke\" r=\"calc(50% - 1.50px)\" cx=\"50%\" cy=\"50%\" stroke=\"#9655a2\" stroke-width=\"3\" data-progress=\"100\" stroke-dasharray=\"0,10000\"\/>\n                                        <\/svg>\n                                <span class=\"chart-html5-circle tf_w tf_h\">\n                    <img decoding=\"async\" src=\"https:\/\/www.pleteninespenko.si\/wp-content\/uploads\/2024\/11\/Pletenine-Spenko-pletenine-za-prosti-cas-pletena-odeja-928x1024-100x100.jpg\" width=\"100\" height=\"100\" class=\"wp-post-image wp-image-43701\" title=\"Pletenine-Spenko-pletenine-za-prosti-cas-pletena-odeja\" style=\"width:calc(100% - 6px);height:calc(100% - 6px)\" alt=\"Topla volnena odeja za hladne jesenske in zimske dni. Volna nas poleg na\u0161ih najbli\u017ejih, greje najceneje!\" srcset=\"https:\/\/www.pleteninespenko.si\/wp-content\/uploads\/2024\/11\/Pletenine-Spenko-pletenine-za-prosti-cas-pletena-odeja-928x1024-100x100.jpg 100w, https:\/\/www.pleteninespenko.si\/wp-content\/uploads\/2024\/11\/Pletenine-Spenko-pletenine-za-prosti-cas-pletena-odeja-150x150.jpg 150w, https:\/\/www.pleteninespenko.si\/wp-content\/uploads\/2024\/11\/Pletenine-Spenko-pletenine-za-prosti-cas-pletena-odeja-300x300.jpg 300w, https:\/\/www.pleteninespenko.si\/wp-content\/uploads\/2024\/11\/Pletenine-Spenko-pletenine-za-prosti-cas-pletena-odeja-928x1024-47x48.jpg 47w\" sizes=\"(max-width: 100px) 100vw, 100px\" \/>                                    <\/span>\n\n                \n            <\/span>\n                        <\/a>\n            <\/div>\n    <div class=\"module-feature-content tf_textc\">\n                    <h3 class=\"module-feature-title\">\n                            <a href=\"https:\/\/www.pleteninespenko.si\/hr\/kategorija-proizvoda\/pletenina-za-slobodno-vrijeme\/\">Slobodno vrijeme<\/a>\n                        <\/h3>\n                    <div class=\"tb_text_wrap\">\n                    <\/div>\n    <\/div>\n<\/div>\n<!-- \/module feature -->\n        <\/div>\n                    <\/div>\n                <div  data-lazy=\"1\" class=\"module_subrow themify_builder_sub_row tf_w col_align_top tb_col_count_1 tb_4lkn304\">\n                <div  data-lazy=\"1\" class=\"module_column sub_column col-full tb_3fpk305 first\">\n                    <!-- module divider -->\n<div  class=\"module tf_mw module-divider tb_jq47305 dotted   \" style=\"border-width: 2px;border-color: #9655a2;margin-top: 40px;margin-bottom: 40px;\" data-lazy=\"1\">\n    <\/div>\n<!-- \/module divider -->\n<!-- module text -->\n<div  class=\"module module-text tb_er9i305   \" data-lazy=\"1\">\n        <div  class=\"tb_text_wrap\">\n        <h2 style=\"text-align: center\">Nova proljetno-ljetna kolekcija tako\u0111er u na\u0161im poslovnicama diljem Slovenije i Hrvatske!<\/h2>    <\/div>\n<\/div>\n<!-- \/module text --><!-- module plain text -->\n<div  class=\"module module-plain-text tb_ldfa242 \" data-lazy=\"1\">\n        <div class=\"tb_text_wrap\">\n    <iframe src=\"https:\/\/www.google.com\/maps\/embed?pb=!1m18!1m12!1m3!1d2761.6713674976463!2d14.546880877001865!3d46.19709798424033!2m3!1f0!2f0!3f0!3m2!1i1024!2i768!4f13.1!3m3!1m2!1s0x47653552fb54af8b%3A0xcc1f3a35213ec76d!2sPletenine%20%C5%A0penko%20Jana%20%C5%A0penko%20Ko%C4%8Dar%20s.p.!5e0!3m2!1ssl!2ssi!4v1766575943686!5m2!1ssl!2ssi\" width=\"100%\" height=\"600\" style=\"border:0;\" allowfullscreen=\"\" loading=\"lazy\" referrerpolicy=\"no-referrer-when-downgrade\"><\/iframe>    <\/div>\n<\/div>\n<!-- \/module plain text --><!-- module button pro -->\n<div  id=\"tb_d0dn875\" class=\"module module-button tb_d0dn875 button-link-external  tb_default_color\" data-lazy=\"1\">\n\t\n    <a  class=\"ui builder_button tb_default_color\" href=\"https:\/\/www.pleteninespenko.si\/hr\/gdje-se-nalazimo\/\" target=\"_blank\">\n\t\t<span><svg  class=\"tf_fa tf-ti-angle-right\" xmlns:xlink=\"http:\/\/www.w3.org\/1999\/xlink\" aria-hidden=\"true\"><use href=\"#tf-ti-angle-right\" xlink:href=\"#tf-ti-angle-right\"><\/use><\/svg><\/span> \t\t<span>Na poslovnice<\/span>\n    <\/a>\n\n\t\n\t<\/div>\n<!-- \/module button pro -->\n        <\/div>\n                    <\/div>\n                <\/div>\n                        <\/div>\n        <\/div>\n        <\/div>\n<!--\/themify_builder_content-->","protected":false},"excerpt":{"rendered":"<p>U Pleteninama \u0160penko predstavljamo novu proljetno-ljetnu kolekciju, koja u svakom komadu spaja eleganciju, udobnost i \u017eenstveni dodir.<\/p>\n","protected":false},"author":23,"featured_media":58228,"comment_status":"closed","ping_status":"open","sticky":false,"template":"","format":"standard","meta":{"inline_featured_image":false,"footnotes":""},"categories":[1816],"tags":[3483,2184,2791,2926,3211,3399],"class_list":["post-58262","post","type-post","status-publish","format-standard","has-post-thumbnail","hentry","category-novo-kod-nas","tag-proljece-ljeto-3","tag-pletenine-spenko-2","tag-proljetna-kolekcija","tag-novo-hr","tag-novi-modeli-hr","tag-nova-kolekcija-hr","has-post-title","has-post-date","has-post-category","has-post-tag","has-post-comment","has-post-author",""],"yoast_head":"<!-- This site is optimized with the Yoast SEO plugin v27.5 - https:\/\/yoast.com\/product\/yoast-seo-wordpress\/ -->\n<title>Pletenine \u0160penko Prolje\u0107e miri\u0161e na svje\u017einu, a s njim sti\u017ee i nova kolekcija koja budi va\u0161 stil! |<\/title>\n<meta name=\"description\" content=\"U Pleteninama \u0160penko predstavljamo novu proljetno-ljetnu kolekciju, koja u svakom komadu spaja eleganciju, udobnost i \u017eenstveni dodir.\" \/>\n<meta name=\"robots\" content=\"index, follow, max-snippet:-1, max-image-preview:large, max-video-preview:-1\" \/>\n<link rel=\"canonical\" href=\"https:\/\/www.pleteninespenko.si\/hr\/proljece-mirise-na-svjezinu-a-s-njim-stize-i-nova-kolekcija-koja-budi-vas-stil\/\" \/>\n<meta property=\"og:locale\" content=\"hr_HR\" \/>\n<meta property=\"og:type\" content=\"article\" \/>\n<meta property=\"og:title\" content=\"Pletenine \u0160penko Prolje\u0107e miri\u0161e na svje\u017einu, a s njim sti\u017ee i nova kolekcija koja budi va\u0161 stil! |\" \/>\n<meta property=\"og:description\" content=\"U Pleteninama \u0160penko predstavljamo novu proljetno-ljetnu kolekciju, koja u svakom komadu spaja eleganciju, udobnost i \u017eenstveni dodir.\" \/>\n<meta property=\"og:url\" content=\"https:\/\/www.pleteninespenko.si\/hr\/proljece-mirise-na-svjezinu-a-s-njim-stize-i-nova-kolekcija-koja-budi-vas-stil\/\" \/>\n<meta property=\"og:site_name\" content=\"Pletenine \u0160penko\" \/>\n<meta property=\"article:publisher\" content=\"https:\/\/www.facebook.com\/PletenineSpenko\/\" \/>\n<meta property=\"article:published_time\" content=\"2026-03-14T14:10:45+00:00\" \/>\n<meta property=\"article:modified_time\" content=\"2026-03-14T14:26:09+00:00\" \/>\n<meta property=\"og:image\" content=\"https:\/\/www.pleteninespenko.si\/wp-content\/uploads\/2026\/03\/Pletenine-Spenko-nova-spomladansko-poletna-kolekcija-2026-1400x935px.jpg\" \/>\n\t<meta property=\"og:image:width\" content=\"1400\" \/>\n\t<meta property=\"og:image:height\" content=\"935\" \/>\n\t<meta property=\"og:image:type\" content=\"image\/jpeg\" \/>\n<meta name=\"author\" content=\"Pletenine \u0160penko\" \/>\n<meta name=\"twitter:card\" content=\"summary_large_image\" \/>\n<meta name=\"twitter:label1\" content=\"Napisao\/la\" \/>\n\t<meta name=\"twitter:data1\" content=\"Pletenine \u0160penko\" \/>\n\t<meta name=\"twitter:label2\" content=\"Procijenjeno vrijeme \u010ditanja\" \/>\n\t<meta name=\"twitter:data2\" content=\"3 minute\" \/>\n<script type=\"application\/ld+json\" class=\"yoast-schema-graph\">{\"@context\":\"https:\\\/\\\/schema.org\",\"@graph\":[{\"@type\":\"Article\",\"@id\":\"https:\\\/\\\/www.pleteninespenko.si\\\/hr\\\/proljece-mirise-na-svjezinu-a-s-njim-stize-i-nova-kolekcija-koja-budi-vas-stil\\\/#article\",\"isPartOf\":{\"@id\":\"https:\\\/\\\/www.pleteninespenko.si\\\/hr\\\/proljece-mirise-na-svjezinu-a-s-njim-stize-i-nova-kolekcija-koja-budi-vas-stil\\\/\"},\"author\":{\"name\":\"Pletenine \u0160penko\",\"@id\":\"https:\\\/\\\/www.pleteninespenko.si\\\/hr\\\/#\\\/schema\\\/person\\\/42057a36ac52999c23bf81fc85a7f23b\"},\"headline\":\"Prolje\u0107e miri\u0161e na svje\u017einu, a s njim sti\u017ee i nova kolekcija koja budi va\u0161 stil!\",\"datePublished\":\"2026-03-14T14:10:45+00:00\",\"dateModified\":\"2026-03-14T14:26:09+00:00\",\"mainEntityOfPage\":{\"@id\":\"https:\\\/\\\/www.pleteninespenko.si\\\/hr\\\/proljece-mirise-na-svjezinu-a-s-njim-stize-i-nova-kolekcija-koja-budi-vas-stil\\\/\"},\"wordCount\":252,\"publisher\":{\"@id\":\"https:\\\/\\\/www.pleteninespenko.si\\\/hr\\\/#organization\"},\"image\":{\"@id\":\"https:\\\/\\\/www.pleteninespenko.si\\\/hr\\\/proljece-mirise-na-svjezinu-a-s-njim-stize-i-nova-kolekcija-koja-budi-vas-stil\\\/#primaryimage\"},\"thumbnailUrl\":\"https:\\\/\\\/www.pleteninespenko.si\\\/wp-content\\\/uploads\\\/2026\\\/03\\\/Pletenine-Spenko-nova-spomladansko-poletna-kolekcija-2026-1400x935px.jpg\",\"keywords\":[\"prolje\u0107e\u2013ljeto\",\"pletenine \u0161penko\",\"proljetna kolekcija\",\"novo\",\"novi modeli\",\"nova kolekcija\"],\"articleSection\":[\"Novo kod nas\"],\"inLanguage\":\"hr\"},{\"@type\":\"WebPage\",\"@id\":\"https:\\\/\\\/www.pleteninespenko.si\\\/hr\\\/proljece-mirise-na-svjezinu-a-s-njim-stize-i-nova-kolekcija-koja-budi-vas-stil\\\/\",\"url\":\"https:\\\/\\\/www.pleteninespenko.si\\\/hr\\\/proljece-mirise-na-svjezinu-a-s-njim-stize-i-nova-kolekcija-koja-budi-vas-stil\\\/\",\"name\":\"Pletenine \u0160penko Prolje\u0107e miri\u0161e na svje\u017einu, a s njim sti\u017ee i nova kolekcija koja budi va\u0161 stil! |\",\"isPartOf\":{\"@id\":\"https:\\\/\\\/www.pleteninespenko.si\\\/hr\\\/#website\"},\"primaryImageOfPage\":{\"@id\":\"https:\\\/\\\/www.pleteninespenko.si\\\/hr\\\/proljece-mirise-na-svjezinu-a-s-njim-stize-i-nova-kolekcija-koja-budi-vas-stil\\\/#primaryimage\"},\"image\":{\"@id\":\"https:\\\/\\\/www.pleteninespenko.si\\\/hr\\\/proljece-mirise-na-svjezinu-a-s-njim-stize-i-nova-kolekcija-koja-budi-vas-stil\\\/#primaryimage\"},\"thumbnailUrl\":\"https:\\\/\\\/www.pleteninespenko.si\\\/wp-content\\\/uploads\\\/2026\\\/03\\\/Pletenine-Spenko-nova-spomladansko-poletna-kolekcija-2026-1400x935px.jpg\",\"datePublished\":\"2026-03-14T14:10:45+00:00\",\"dateModified\":\"2026-03-14T14:26:09+00:00\",\"description\":\"U Pleteninama \u0160penko predstavljamo novu proljetno-ljetnu kolekciju, koja u svakom komadu spaja eleganciju, udobnost i \u017eenstveni dodir.\",\"breadcrumb\":{\"@id\":\"https:\\\/\\\/www.pleteninespenko.si\\\/hr\\\/proljece-mirise-na-svjezinu-a-s-njim-stize-i-nova-kolekcija-koja-budi-vas-stil\\\/#breadcrumb\"},\"inLanguage\":\"hr\",\"potentialAction\":[{\"@type\":\"ReadAction\",\"target\":[\"https:\\\/\\\/www.pleteninespenko.si\\\/hr\\\/proljece-mirise-na-svjezinu-a-s-njim-stize-i-nova-kolekcija-koja-budi-vas-stil\\\/\"]}]},{\"@type\":\"ImageObject\",\"inLanguage\":\"hr\",\"@id\":\"https:\\\/\\\/www.pleteninespenko.si\\\/hr\\\/proljece-mirise-na-svjezinu-a-s-njim-stize-i-nova-kolekcija-koja-budi-vas-stil\\\/#primaryimage\",\"url\":\"https:\\\/\\\/www.pleteninespenko.si\\\/wp-content\\\/uploads\\\/2026\\\/03\\\/Pletenine-Spenko-nova-spomladansko-poletna-kolekcija-2026-1400x935px.jpg\",\"contentUrl\":\"https:\\\/\\\/www.pleteninespenko.si\\\/wp-content\\\/uploads\\\/2026\\\/03\\\/Pletenine-Spenko-nova-spomladansko-poletna-kolekcija-2026-1400x935px.jpg\",\"width\":1400,\"height\":935,\"caption\":\"Nova proljetno-ljetna kolekcija pletenina 2026 u Pleteninama \u0160penko. Lagani puloveri, kardigani, pon\u010di i ostalo pletivo za proljetno-ljetne dane.\"},{\"@type\":\"BreadcrumbList\",\"@id\":\"https:\\\/\\\/www.pleteninespenko.si\\\/hr\\\/proljece-mirise-na-svjezinu-a-s-njim-stize-i-nova-kolekcija-koja-budi-vas-stil\\\/#breadcrumb\",\"itemListElement\":[{\"@type\":\"ListItem\",\"position\":1,\"name\":\"Home\",\"item\":\"https:\\\/\\\/www.pleteninespenko.si\\\/hr\\\/\"},{\"@type\":\"ListItem\",\"position\":2,\"name\":\"Prolje\u0107e miri\u0161e na svje\u017einu, a s njim sti\u017ee i nova kolekcija koja budi va\u0161 stil!\"}]},{\"@type\":\"WebSite\",\"@id\":\"https:\\\/\\\/www.pleteninespenko.si\\\/hr\\\/#website\",\"url\":\"https:\\\/\\\/www.pleteninespenko.si\\\/hr\\\/\",\"name\":\"Pletenine \u0160penko\",\"description\":\"\u017denska i mu\u0161ka trikota\u017ea po posljednjoj modi\",\"publisher\":{\"@id\":\"https:\\\/\\\/www.pleteninespenko.si\\\/hr\\\/#organization\"},\"potentialAction\":[{\"@type\":\"SearchAction\",\"target\":{\"@type\":\"EntryPoint\",\"urlTemplate\":\"https:\\\/\\\/www.pleteninespenko.si\\\/hr\\\/?s={search_term_string}\"},\"query-input\":{\"@type\":\"PropertyValueSpecification\",\"valueRequired\":true,\"valueName\":\"search_term_string\"}}],\"inLanguage\":\"hr\"},{\"@type\":\"Organization\",\"@id\":\"https:\\\/\\\/www.pleteninespenko.si\\\/hr\\\/#organization\",\"name\":\"Pletenine \u0160penko\",\"url\":\"https:\\\/\\\/www.pleteninespenko.si\\\/hr\\\/\",\"logo\":{\"@type\":\"ImageObject\",\"inLanguage\":\"hr\",\"@id\":\"https:\\\/\\\/www.pleteninespenko.si\\\/hr\\\/#\\\/schema\\\/logo\\\/image\\\/\",\"url\":\"https:\\\/\\\/www.pleteninespenko.si\\\/wp-content\\\/uploads\\\/2020\\\/06\\\/Pletenine_Spenko.png\",\"contentUrl\":\"https:\\\/\\\/www.pleteninespenko.si\\\/wp-content\\\/uploads\\\/2020\\\/06\\\/Pletenine_Spenko.png\",\"width\":717,\"height\":140,\"caption\":\"Pletenine \u0160penko\"},\"image\":{\"@id\":\"https:\\\/\\\/www.pleteninespenko.si\\\/hr\\\/#\\\/schema\\\/logo\\\/image\\\/\"},\"sameAs\":[\"https:\\\/\\\/www.facebook.com\\\/PletenineSpenko\\\/\",\"https:\\\/\\\/www.instagram.com\\\/pleteninespenko\\\/\"]},{\"@type\":\"Person\",\"@id\":\"https:\\\/\\\/www.pleteninespenko.si\\\/hr\\\/#\\\/schema\\\/person\\\/42057a36ac52999c23bf81fc85a7f23b\",\"name\":\"Pletenine \u0160penko\",\"image\":{\"@type\":\"ImageObject\",\"inLanguage\":\"hr\",\"@id\":\"https:\\\/\\\/www.pleteninespenko.si\\\/wp-content\\\/litespeed\\\/avatar\\\/4059debda33b2bcf06945cee9649f404.jpg?ver=1777055459\",\"url\":\"https:\\\/\\\/www.pleteninespenko.si\\\/wp-content\\\/litespeed\\\/avatar\\\/4059debda33b2bcf06945cee9649f404.jpg?ver=1777055459\",\"contentUrl\":\"https:\\\/\\\/www.pleteninespenko.si\\\/wp-content\\\/litespeed\\\/avatar\\\/4059debda33b2bcf06945cee9649f404.jpg?ver=1777055459\",\"caption\":\"Pletenine \u0160penko\"}}]}<\/script>\n<!-- \/ Yoast SEO plugin. -->","yoast_head_json":{"title":"Pletenine \u0160penko Prolje\u0107e miri\u0161e na svje\u017einu, a s njim sti\u017ee i nova kolekcija koja budi va\u0161 stil! |","description":"U Pleteninama \u0160penko predstavljamo novu proljetno-ljetnu kolekciju, koja u svakom komadu spaja eleganciju, udobnost i \u017eenstveni dodir.","robots":{"index":"index","follow":"follow","max-snippet":"max-snippet:-1","max-image-preview":"max-image-preview:large","max-video-preview":"max-video-preview:-1"},"canonical":"https:\/\/www.pleteninespenko.si\/hr\/proljece-mirise-na-svjezinu-a-s-njim-stize-i-nova-kolekcija-koja-budi-vas-stil\/","og_locale":"hr_HR","og_type":"article","og_title":"Pletenine \u0160penko Prolje\u0107e miri\u0161e na svje\u017einu, a s njim sti\u017ee i nova kolekcija koja budi va\u0161 stil! |","og_description":"U Pleteninama \u0160penko predstavljamo novu proljetno-ljetnu kolekciju, koja u svakom komadu spaja eleganciju, udobnost i \u017eenstveni dodir.","og_url":"https:\/\/www.pleteninespenko.si\/hr\/proljece-mirise-na-svjezinu-a-s-njim-stize-i-nova-kolekcija-koja-budi-vas-stil\/","og_site_name":"Pletenine \u0160penko","article_publisher":"https:\/\/www.facebook.com\/PletenineSpenko\/","article_published_time":"2026-03-14T14:10:45+00:00","article_modified_time":"2026-03-14T14:26:09+00:00","og_image":[{"width":1400,"height":935,"url":"https:\/\/www.pleteninespenko.si\/wp-content\/uploads\/2026\/03\/Pletenine-Spenko-nova-spomladansko-poletna-kolekcija-2026-1400x935px.jpg","type":"image\/jpeg"}],"author":"Pletenine \u0160penko","twitter_card":"summary_large_image","twitter_misc":{"Napisao\/la":"Pletenine \u0160penko","Procijenjeno vrijeme \u010ditanja":"3 minute"},"schema":{"@context":"https:\/\/schema.org","@graph":[{"@type":"Article","@id":"https:\/\/www.pleteninespenko.si\/hr\/proljece-mirise-na-svjezinu-a-s-njim-stize-i-nova-kolekcija-koja-budi-vas-stil\/#article","isPartOf":{"@id":"https:\/\/www.pleteninespenko.si\/hr\/proljece-mirise-na-svjezinu-a-s-njim-stize-i-nova-kolekcija-koja-budi-vas-stil\/"},"author":{"name":"Pletenine \u0160penko","@id":"https:\/\/www.pleteninespenko.si\/hr\/#\/schema\/person\/42057a36ac52999c23bf81fc85a7f23b"},"headline":"Prolje\u0107e miri\u0161e na svje\u017einu, a s njim sti\u017ee i nova kolekcija koja budi va\u0161 stil!","datePublished":"2026-03-14T14:10:45+00:00","dateModified":"2026-03-14T14:26:09+00:00","mainEntityOfPage":{"@id":"https:\/\/www.pleteninespenko.si\/hr\/proljece-mirise-na-svjezinu-a-s-njim-stize-i-nova-kolekcija-koja-budi-vas-stil\/"},"wordCount":252,"publisher":{"@id":"https:\/\/www.pleteninespenko.si\/hr\/#organization"},"image":{"@id":"https:\/\/www.pleteninespenko.si\/hr\/proljece-mirise-na-svjezinu-a-s-njim-stize-i-nova-kolekcija-koja-budi-vas-stil\/#primaryimage"},"thumbnailUrl":"https:\/\/www.pleteninespenko.si\/wp-content\/uploads\/2026\/03\/Pletenine-Spenko-nova-spomladansko-poletna-kolekcija-2026-1400x935px.jpg","keywords":["prolje\u0107e\u2013ljeto","pletenine \u0161penko","proljetna kolekcija","novo","novi modeli","nova kolekcija"],"articleSection":["Novo kod nas"],"inLanguage":"hr"},{"@type":"WebPage","@id":"https:\/\/www.pleteninespenko.si\/hr\/proljece-mirise-na-svjezinu-a-s-njim-stize-i-nova-kolekcija-koja-budi-vas-stil\/","url":"https:\/\/www.pleteninespenko.si\/hr\/proljece-mirise-na-svjezinu-a-s-njim-stize-i-nova-kolekcija-koja-budi-vas-stil\/","name":"Pletenine \u0160penko Prolje\u0107e miri\u0161e na svje\u017einu, a s njim sti\u017ee i nova kolekcija koja budi va\u0161 stil! |","isPartOf":{"@id":"https:\/\/www.pleteninespenko.si\/hr\/#website"},"primaryImageOfPage":{"@id":"https:\/\/www.pleteninespenko.si\/hr\/proljece-mirise-na-svjezinu-a-s-njim-stize-i-nova-kolekcija-koja-budi-vas-stil\/#primaryimage"},"image":{"@id":"https:\/\/www.pleteninespenko.si\/hr\/proljece-mirise-na-svjezinu-a-s-njim-stize-i-nova-kolekcija-koja-budi-vas-stil\/#primaryimage"},"thumbnailUrl":"https:\/\/www.pleteninespenko.si\/wp-content\/uploads\/2026\/03\/Pletenine-Spenko-nova-spomladansko-poletna-kolekcija-2026-1400x935px.jpg","datePublished":"2026-03-14T14:10:45+00:00","dateModified":"2026-03-14T14:26:09+00:00","description":"U Pleteninama \u0160penko predstavljamo novu proljetno-ljetnu kolekciju, koja u svakom komadu spaja eleganciju, udobnost i \u017eenstveni dodir.","breadcrumb":{"@id":"https:\/\/www.pleteninespenko.si\/hr\/proljece-mirise-na-svjezinu-a-s-njim-stize-i-nova-kolekcija-koja-budi-vas-stil\/#breadcrumb"},"inLanguage":"hr","potentialAction":[{"@type":"ReadAction","target":["https:\/\/www.pleteninespenko.si\/hr\/proljece-mirise-na-svjezinu-a-s-njim-stize-i-nova-kolekcija-koja-budi-vas-stil\/"]}]},{"@type":"ImageObject","inLanguage":"hr","@id":"https:\/\/www.pleteninespenko.si\/hr\/proljece-mirise-na-svjezinu-a-s-njim-stize-i-nova-kolekcija-koja-budi-vas-stil\/#primaryimage","url":"https:\/\/www.pleteninespenko.si\/wp-content\/uploads\/2026\/03\/Pletenine-Spenko-nova-spomladansko-poletna-kolekcija-2026-1400x935px.jpg","contentUrl":"https:\/\/www.pleteninespenko.si\/wp-content\/uploads\/2026\/03\/Pletenine-Spenko-nova-spomladansko-poletna-kolekcija-2026-1400x935px.jpg","width":1400,"height":935,"caption":"Nova proljetno-ljetna kolekcija pletenina 2026 u Pleteninama \u0160penko. Lagani puloveri, kardigani, pon\u010di i ostalo pletivo za proljetno-ljetne dane."},{"@type":"BreadcrumbList","@id":"https:\/\/www.pleteninespenko.si\/hr\/proljece-mirise-na-svjezinu-a-s-njim-stize-i-nova-kolekcija-koja-budi-vas-stil\/#breadcrumb","itemListElement":[{"@type":"ListItem","position":1,"name":"Home","item":"https:\/\/www.pleteninespenko.si\/hr\/"},{"@type":"ListItem","position":2,"name":"Prolje\u0107e miri\u0161e na svje\u017einu, a s njim sti\u017ee i nova kolekcija koja budi va\u0161 stil!"}]},{"@type":"WebSite","@id":"https:\/\/www.pleteninespenko.si\/hr\/#website","url":"https:\/\/www.pleteninespenko.si\/hr\/","name":"Pletenine \u0160penko","description":"\u017denska i mu\u0161ka trikota\u017ea po posljednjoj modi","publisher":{"@id":"https:\/\/www.pleteninespenko.si\/hr\/#organization"},"potentialAction":[{"@type":"SearchAction","target":{"@type":"EntryPoint","urlTemplate":"https:\/\/www.pleteninespenko.si\/hr\/?s={search_term_string}"},"query-input":{"@type":"PropertyValueSpecification","valueRequired":true,"valueName":"search_term_string"}}],"inLanguage":"hr"},{"@type":"Organization","@id":"https:\/\/www.pleteninespenko.si\/hr\/#organization","name":"Pletenine \u0160penko","url":"https:\/\/www.pleteninespenko.si\/hr\/","logo":{"@type":"ImageObject","inLanguage":"hr","@id":"https:\/\/www.pleteninespenko.si\/hr\/#\/schema\/logo\/image\/","url":"https:\/\/www.pleteninespenko.si\/wp-content\/uploads\/2020\/06\/Pletenine_Spenko.png","contentUrl":"https:\/\/www.pleteninespenko.si\/wp-content\/uploads\/2020\/06\/Pletenine_Spenko.png","width":717,"height":140,"caption":"Pletenine \u0160penko"},"image":{"@id":"https:\/\/www.pleteninespenko.si\/hr\/#\/schema\/logo\/image\/"},"sameAs":["https:\/\/www.facebook.com\/PletenineSpenko\/","https:\/\/www.instagram.com\/pleteninespenko\/"]},{"@type":"Person","@id":"https:\/\/www.pleteninespenko.si\/hr\/#\/schema\/person\/42057a36ac52999c23bf81fc85a7f23b","name":"Pletenine \u0160penko","image":{"@type":"ImageObject","inLanguage":"hr","@id":"https:\/\/www.pleteninespenko.si\/wp-content\/litespeed\/avatar\/4059debda33b2bcf06945cee9649f404.jpg?ver=1777055459","url":"https:\/\/www.pleteninespenko.si\/wp-content\/litespeed\/avatar\/4059debda33b2bcf06945cee9649f404.jpg?ver=1777055459","contentUrl":"https:\/\/www.pleteninespenko.si\/wp-content\/litespeed\/avatar\/4059debda33b2bcf06945cee9649f404.jpg?ver=1777055459","caption":"Pletenine \u0160penko"}}]}},"_links":{"self":[{"href":"https:\/\/www.pleteninespenko.si\/hr\/wp-json\/wp\/v2\/posts\/58262","targetHints":{"allow":["GET"]}}],"collection":[{"href":"https:\/\/www.pleteninespenko.si\/hr\/wp-json\/wp\/v2\/posts"}],"about":[{"href":"https:\/\/www.pleteninespenko.si\/hr\/wp-json\/wp\/v2\/types\/post"}],"author":[{"embeddable":true,"href":"https:\/\/www.pleteninespenko.si\/hr\/wp-json\/wp\/v2\/users\/23"}],"replies":[{"embeddable":true,"href":"https:\/\/www.pleteninespenko.si\/hr\/wp-json\/wp\/v2\/comments?post=58262"}],"version-history":[{"count":6,"href":"https:\/\/www.pleteninespenko.si\/hr\/wp-json\/wp\/v2\/posts\/58262\/revisions"}],"predecessor-version":[{"id":58274,"href":"https:\/\/www.pleteninespenko.si\/hr\/wp-json\/wp\/v2\/posts\/58262\/revisions\/58274"}],"wp:featuredmedia":[{"embeddable":true,"href":"https:\/\/www.pleteninespenko.si\/hr\/wp-json\/wp\/v2\/media\/58228"}],"wp:attachment":[{"href":"https:\/\/www.pleteninespenko.si\/hr\/wp-json\/wp\/v2\/media?parent=58262"}],"wp:term":[{"taxonomy":"category","embeddable":true,"href":"https:\/\/www.pleteninespenko.si\/hr\/wp-json\/wp\/v2\/categories?post=58262"},{"taxonomy":"post_tag","embeddable":true,"href":"https:\/\/www.pleteninespenko.si\/hr\/wp-json\/wp\/v2\/tags?post=58262"}],"curies":[{"name":"wp","href":"https:\/\/api.w.org\/{rel}","templated":true}]}}